{"id":26818,"date":"2025-10-03T10:54:59","date_gmt":"2025-10-03T15:54:59","guid":{"rendered":"https:\/\/www.elamazonico.com\/portal\/?p=26818"},"modified":"2025-10-03T10:54:59","modified_gmt":"2025-10-03T15:54:59","slug":"correismo-salvo-a-asambleista-butina-de-ser-destituida","status":"publish","type":"post","link":"https:\/\/www.elamazonico.com\/portal\/correismo-salvo-a-asambleista-butina-de-ser-destituida\/","title":{"rendered":"Corre\u00edsmo salv\u00f3 a asamble\u00edsta Buti\u00f1\u00e1 de ser destituida"},"content":{"rendered":"<p>La moci\u00f3n presentada por la bancada oficialista de Acci\u00f3n Democr\u00e1tica Nacional (ADN) para destituir a la legisladora Buti\u00f1\u00e1\u00a0<b>no alcanz\u00f3 los votos necesarios<\/b>\u00a0en el Pleno de la Asamblea Nacional.<\/p>\n<p data-start=\"196\" data-end=\"530\">El Comit\u00e9 de \u00c9tica del Parlamento hab\u00eda llevado adelante una investigaci\u00f3n contra la asamble\u00edsta tras la denuncia presentada el pasado 21 de agosto por su colega de ADN, In\u00e9s Mancheno. La acusaci\u00f3n se\u00f1alaba que Buti\u00f1\u00e1 habr\u00eda incurrido en acciones que se enmarcan como infracciones establecidas en el\u00a0<b>art\u00edculo 127 de la Constituci\u00f3n.<\/b><\/p>\n<p data-start=\"532\" data-end=\"729\">Sin embargo, la moci\u00f3n impulsada por ADN no cont\u00f3 con el respaldo de la bancada de la Revoluci\u00f3n Ciudadana (RC), que decidi\u00f3 no apoyar la propuesta, lo que impidi\u00f3 que se concrete la destituci\u00f3n.<\/p>\n<p data-start=\"731\" data-end=\"963\">Durante la sesi\u00f3n, se expusieron pruebas que apuntaban a la existencia de un presunto fondo para el pago de terceros vinculados con la legisladora, aunque estos no fueron suficientes para inclinar la votaci\u00f3n a favor de su salida.<\/p>\n<p data-start=\"965\" data-end=\"1249\">Tras conocerse los resultados, Buti\u00f1\u00e1 agradeci\u00f3 p\u00fablicamente a sus coidearios mediante su cuenta de X, destacando el apoyo recibido. \u201cHoy ha triunfado la verdad. GRACIAS, GRACIAS, GRACIAS a mi bancada RC5 y a todos aquellos compa\u00f1eros que estuvieron del lado de la verdad\u201d, expres\u00f3.<\/p>\n<h1 data-start=\"1251\" data-end=\"1422\"><b>Contexto del caso<\/b><\/h1>\n<p>El Comit\u00e9 de \u00c9tica de la Asamblea Nacional realiz\u00f3 la investigaci\u00f3n en contra de la legisladora tras la presentaci\u00f3n de una denuncia por parte de la asamble\u00edsta de ADN, In\u00e9s Mancheno.<\/p>\n<p>Mancheno present\u00f3 la denuncia el pasado 21 de agosto, en los que presuntamente Buti\u00f1\u00e1 realiz\u00f3 acciones consideradas infracciones previstas en el art\u00edculo 127 de la Constituci\u00f3n.<\/p>\n","protected":false},"excerpt":{"rendered":"<p>La moci\u00f3n presentada por la bancada oficialista de Acci\u00f3n Democr\u00e1tica Nacional (ADN) para destituir a la legisladora Buti\u00f1\u00e1\u00a0no alcanz\u00f3 los votos necesarios\u00a0en el Pleno de la Asamblea Nacional. El Comit\u00e9 de \u00c9tica del Parlamento hab\u00eda llevado adelante una investigaci\u00f3n contra la asamble\u00edsta tras la denuncia presentada el pasado 21 de agosto por su colega de ADN, In\u00e9s Mancheno. La acusaci\u00f3n se\u00f1alaba que Buti\u00f1\u00e1 habr\u00eda incurrido en acciones que se enmarcan como infracciones establecidas en el\u00a0art\u00edculo 127 de la Constituci\u00f3n. Sin embargo, la moci\u00f3n impulsada por ADN no cont\u00f3 con el respaldo de la bancada de la Revoluci\u00f3n Ciudadana (RC), que decidi\u00f3 no apoyar la propuesta, lo que impidi\u00f3 que se concrete la destituci\u00f3n. Durante la sesi\u00f3n, se expusieron pruebas que apuntaban a la existencia de un presunto fondo para el pago de terceros vinculados con la legisladora, aunque estos no fueron suficientes para inclinar la votaci\u00f3n a favor de su salida. Tras conocerse los resultados, Buti\u00f1\u00e1 agradeci\u00f3 p\u00fablicamente a sus coidearios mediante su cuenta de X, destacando el apoyo recibido. \u201cHoy ha triunfado la verdad. GRACIAS, GRACIAS, GRACIAS a mi bancada RC5 y a todos aquellos compa\u00f1eros que estuvieron del lado de la verdad\u201d, expres\u00f3. Contexto del caso El Comit\u00e9 de \u00c9tica de la Asamblea Nacional realiz\u00f3 la investigaci\u00f3n en contra de la legisladora tras la presentaci\u00f3n de una denuncia por parte de la asamble\u00edsta de ADN, In\u00e9s Mancheno. Mancheno present\u00f3 la denuncia el pasado 21 de agosto, en los que presuntamente Buti\u00f1\u00e1 realiz\u00f3 acciones consideradas infracciones previstas en el art\u00edculo 127 de la Constituci\u00f3n.<\/p>\n","protected":false},"author":1,"featured_media":26819,"comment_status":"closed","ping_status":"closed","sticky":false,"template":"","format":"standard","meta":{"footnotes":""},"categories":[268],"tags":[],"class_list":["post-26818","post","type-post","status-publish","format-standard","has-post-thumbnail","hentry","category-nacionales"],"_links":{"self":[{"href":"https:\/\/www.elamazonico.com\/portal\/wp-json\/wp\/v2\/posts\/26818","targetHints":{"allow":["GET"]}}],"collection":[{"href":"https:\/\/www.elamazonico.com\/portal\/wp-json\/wp\/v2\/posts"}],"about":[{"href":"https:\/\/www.elamazonico.com\/portal\/wp-json\/wp\/v2\/types\/post"}],"author":[{"embeddable":true,"href":"https:\/\/www.elamazonico.com\/portal\/wp-json\/wp\/v2\/users\/1"}],"replies":[{"embeddable":true,"href":"https:\/\/www.elamazonico.com\/portal\/wp-json\/wp\/v2\/comments?post=26818"}],"version-history":[{"count":1,"href":"https:\/\/www.elamazonico.com\/portal\/wp-json\/wp\/v2\/posts\/26818\/revisions"}],"predecessor-version":[{"id":26820,"href":"https:\/\/www.elamazonico.com\/portal\/wp-json\/wp\/v2\/posts\/26818\/revisions\/26820"}],"wp:featuredmedia":[{"embeddable":true,"href":"https:\/\/www.elamazonico.com\/portal\/wp-json\/wp\/v2\/media\/26819"}],"wp:attachment":[{"href":"https:\/\/www.elamazonico.com\/portal\/wp-json\/wp\/v2\/media?parent=26818"}],"wp:term":[{"taxonomy":"category","embeddable":true,"href":"https:\/\/www.elamazonico.com\/portal\/wp-json\/wp\/v2\/categories?post=26818"},{"taxonomy":"post_tag","embeddable":true,"href":"https:\/\/www.elamazonico.com\/portal\/wp-json\/wp\/v2\/tags?post=26818"}],"curies":[{"name":"wp","href":"https:\/\/api.w.org\/{rel}","templated":true}]}}