{"id":26815,"date":"2025-10-03T10:18:42","date_gmt":"2025-10-03T15:18:42","guid":{"rendered":"https:\/\/www.elamazonico.com\/portal\/?p=26815"},"modified":"2025-10-03T10:18:42","modified_gmt":"2025-10-03T15:18:42","slug":"ministerio-de-salud-publica-acelera-compra-de-emergencia-de-medicamentos-para-los-hospitales-del-pais","status":"publish","type":"post","link":"https:\/\/www.elamazonico.com\/portal\/ministerio-de-salud-publica-acelera-compra-de-emergencia-de-medicamentos-para-los-hospitales-del-pais\/","title":{"rendered":"Ministerio de Salud P\u00fablica acelera compra de emergencia de medicamentos para los hospitales del pa\u00eds"},"content":{"rendered":"<div class=\"top md:col-span-2\">\n<div class=\"flex flex-wrap\">\n<div class=\"basis-full md:basis-2\/5 z-100 content-center p-1\">\n<div class=\"story-introtext afacad-flux font-light text-base md:ml-6 pb-2\">En entrevista con Ecuador TV, el ministro de Salud, Jimmy Martin, explic\u00f3 que el actual proceso de adquisici\u00f3n centralizado de f\u00e1rmacos busca acortar los tiempos de compra.<\/div>\n<\/div>\n<\/div>\n<\/div>\n<div class=\"body md:order-3 afacad-flux font-normal text-lg px-2\">\n<p>La crisis en el acceso a medicinas en Ecuador llev\u00f3 al Ministerio de Salud P\u00fablica (MSP) a activar un proceso de compra por emergencia, con el objetivo de garantizar el abastecimiento en hospitales y centros de salud. Seg\u00fan inform\u00f3, el titular de esa cartera de Estado, Jimmy Martin, en entrevista con EcuadorTV.<\/p>\n<p>El funcionario a\u00f1adi\u00f3 que, m\u00e1s de 300 funcionarios trabajan en 50 mesas t\u00e9cnicas que analizan la informaci\u00f3n preparatoria bajo protocolos de transparencia y vigilancia.<\/p>\n<h1 data-start=\"834\" data-end=\"859\">Un proceso m\u00e1s \u00e1gil<\/h1>\n<div class=\"twitter-tweet twitter-tweet-rendered\"><iframe id=\"twitter-widget-0\" class=\"\" title=\"X Post\" src=\"https:\/\/platform.twitter.com\/embed\/Tweet.html?dnt=false&amp;embedId=twitter-widget-0&amp;features=eyJ0ZndfdGltZWxpbmVfbGlzdCI6eyJidWNrZXQiOltdLCJ2ZXJzaW9uIjpudWxsfSwidGZ3X2ZvbGxvd2VyX2NvdW50X3N1bnNldCI6eyJidWNrZXQiOnRydWUsInZlcnNpb24iOm51bGx9LCJ0ZndfdHdlZXRfZWRpdF9iYWNrZW5kIjp7ImJ1Y2tldCI6Im9uIiwidmVyc2lvbiI6bnVsbH0sInRmd19yZWZzcmNfc2Vzc2lvbiI6eyJidWNrZXQiOiJvbiIsInZlcnNpb24iOm51bGx9LCJ0ZndfZm9zbnJfc29mdF9pbnRlcnZlbnRpb25zX2VuYWJsZWQiOnsiYnVja2V0Ijoib24iLCJ2ZXJzaW9uIjpudWxsfSwidGZ3X21peGVkX21lZGlhXzE1ODk3Ijp7ImJ1Y2tldCI6InRyZWF0bWVudCIsInZlcnNpb24iOm51bGx9LCJ0ZndfZXhwZXJpbWVudHNfY29va2llX2V4cGlyYXRpb24iOnsiYnVja2V0IjoxMjA5NjAwLCJ2ZXJzaW9uIjpudWxsfSwidGZ3X3Nob3dfYmlyZHdhdGNoX3Bpdm90c19lbmFibGVkIjp7ImJ1Y2tldCI6Im9uIiwidmVyc2lvbiI6bnVsbH0sInRmd19kdXBsaWNhdGVfc2NyaWJlc190b19zZXR0aW5ncyI6eyJidWNrZXQiOiJvbiIsInZlcnNpb24iOm51bGx9LCJ0ZndfdXNlX3Byb2ZpbGVfaW1hZ2Vfc2hhcGVfZW5hYmxlZCI6eyJidWNrZXQiOiJvbiIsInZlcnNpb24iOm51bGx9LCJ0ZndfdmlkZW9faGxzX2R5bmFtaWNfbWFuaWZlc3RzXzE1MDgyIjp7ImJ1Y2tldCI6InRydWVfYml0cmF0ZSIsInZlcnNpb24iOm51bGx9LCJ0ZndfbGVnYWN5X3RpbWVsaW5lX3N1bnNldCI6eyJidWNrZXQiOnRydWUsInZlcnNpb24iOm51bGx9LCJ0ZndfdHdlZXRfZWRpdF9mcm9udGVuZCI6eyJidWNrZXQiOiJvbiIsInZlcnNpb24iOm51bGx9fQ%3D%3D&amp;frame=false&amp;hideCard=false&amp;hideThread=false&amp;id=1974089451900113283&amp;lang=es&amp;origin=https%3A%2F%2Fwww.eltelegrafo.com.ec%2Fsalud%2Fsalud%2F220%2Fministerio-de-salud-publica-compra-de-emergencia-medicamentos-hospitales-pais&amp;sessionId=193afb5fa93eac86fd27b06c484a5f311cc1cb75&amp;theme=light&amp;widgetsVersion=2615f7e52b7e0%3A1702314776716&amp;width=550px\" frameborder=\"0\" scrolling=\"no\" allowfullscreen=\"allowfullscreen\" data-tweet-id=\"1974089451900113283\" data-mce-fragment=\"1\"><\/iframe><\/div>\n<p data-start=\"860\" data-end=\"1221\">Martin\u00a0 explic\u00f3 que este procedimiento busca acortar los tiempos de adquisici\u00f3n.<br data-start=\"998\" data-end=\"1001\" \/>\u201cUn proceso normal de compra dura meses, pero cuando se trata de una emergencia se lo hace en semanas\u201d, se\u00f1al\u00f3. Adem\u00e1s, indic\u00f3 que la adquisici\u00f3n ser\u00e1 masiva y centralizada: \u201cYa no lo har\u00e1 cada hospital por su cuenta\u201d.<\/p>\n<p data-start=\"1223\" data-end=\"1347\">Los medicamentos que se incluir\u00e1n en esta primera compra son los de alta rotaci\u00f3n y vitales para la atenci\u00f3n de los pacientes de todas las casas de salud del pa\u00eds.\u00a0\u00a0A\u00f1adi\u00f3 que, la compra ser\u00e1 centralizada, lo que permitir\u00e1 respuestas m\u00e1s \u00e1giles frente al desabastecimiento y las ventas irregulares en farmacias clandestinas.<\/p>\n<h1 data-start=\"1354\" data-end=\"1381\">Controles y denuncias<\/h1>\n<p data-start=\"1382\" data-end=\"1718\">El ministro reconoci\u00f3 que persisten denuncias de pacientes que deben comprar medicinas fuera de los hospitales p\u00fablicos. Frente a ello, asegur\u00f3 que se implementa un canal de denuncia an\u00f3nima y se refuerzan los controles en coordinaci\u00f3n con las gobernaciones y la Agencia Nacional de Regulaci\u00f3n, Control y Vigilancia Sanitaria (Arcsa).<\/p>\n<p data-start=\"1720\" data-end=\"1994\">Martin detall\u00f3 que en zonas como la 4 y la 8 se han decomisado miles de medicamentos que se comercializaban de forma ilegal en farmacias clandestinas y que deb\u00edan estar en los hospitales. Tambi\u00e9n confirm\u00f3 la desvinculaci\u00f3n de personal involucrado en estas irregularidades.<\/p>\n<h1 data-start=\"2001\" data-end=\"2041\">Atenci\u00f3n en medio de las protestas<\/h1>\n<p data-start=\"2042\" data-end=\"2332\">Sobre el contexto de manifestaciones y bloqueos viales, el ministro afirm\u00f3 que se trabaja junto a la vicepresidencia y otras entidades de seguridad para garantizar los servicios de salud. Reconoci\u00f3 que el cierre de carreteras ha dificultado el traslado de insumos esenciales como ox\u00edgeno.<\/p>\n<p data-start=\"2334\" data-end=\"2593\">Sin embargo, asegur\u00f3 que las casas de salud de Imbabura se mantienen abastecidas y que se intensificaron los traslados a\u00e9reos de medicinas desde Quito hacia esa provincia. \u201cNo existe ruptura de stock, todos los d\u00edas hacemos un control estricto\u201d, puntualiz\u00f3.<\/p>\n<p data-start=\"2595\" data-end=\"2793\">Finalmente, Martin recalc\u00f3 que la atenci\u00f3n m\u00e9dica es para todos: \u201cNo hay distinci\u00f3n entre manifestantes y personal de la fuerza p\u00fablica. El compromiso es garantizar atenci\u00f3n oportuna y universal\u201d.<\/p>\n<\/div>\n","protected":false},"excerpt":{"rendered":"<p>En entrevista con Ecuador TV, el ministro de Salud, Jimmy Martin, explic\u00f3 que el actual proceso de adquisici\u00f3n centralizado de f\u00e1rmacos busca acortar los tiempos de compra. La crisis en el acceso a medicinas en Ecuador llev\u00f3 al Ministerio de Salud P\u00fablica (MSP) a activar un proceso de compra por emergencia, con el objetivo de garantizar el abastecimiento en hospitales y centros de salud. Seg\u00fan inform\u00f3, el titular de esa cartera de Estado, Jimmy Martin, en entrevista con EcuadorTV. El funcionario a\u00f1adi\u00f3 que, m\u00e1s de 300 funcionarios trabajan en 50 mesas t\u00e9cnicas que analizan la informaci\u00f3n preparatoria bajo protocolos de transparencia y vigilancia. Un proceso m\u00e1s \u00e1gil Martin\u00a0 explic\u00f3 que este procedimiento busca acortar los tiempos de adquisici\u00f3n.\u201cUn proceso normal de compra dura meses, pero cuando se trata de una emergencia se lo hace en semanas\u201d, se\u00f1al\u00f3. Adem\u00e1s, indic\u00f3 que la adquisici\u00f3n ser\u00e1 masiva y centralizada: \u201cYa no lo har\u00e1 cada hospital por su cuenta\u201d. Los medicamentos que se incluir\u00e1n en esta primera compra son los de alta rotaci\u00f3n y vitales para la atenci\u00f3n de los pacientes de todas las casas de salud del pa\u00eds.\u00a0\u00a0A\u00f1adi\u00f3 que, la compra ser\u00e1 centralizada, lo que permitir\u00e1 respuestas m\u00e1s \u00e1giles frente al desabastecimiento y las ventas irregulares en farmacias clandestinas. Controles y denuncias El ministro reconoci\u00f3 que persisten denuncias de pacientes que deben comprar medicinas fuera de los hospitales p\u00fablicos. Frente a ello, asegur\u00f3 que se implementa un canal de denuncia an\u00f3nima y se refuerzan los controles en coordinaci\u00f3n con las gobernaciones y la Agencia Nacional de Regulaci\u00f3n, Control y Vigilancia Sanitaria (Arcsa). Martin detall\u00f3 que en zonas como la 4 y la 8 se han decomisado miles de medicamentos que se comercializaban de forma ilegal en farmacias clandestinas y que deb\u00edan estar en los hospitales. Tambi\u00e9n confirm\u00f3 la desvinculaci\u00f3n de personal involucrado en estas irregularidades. Atenci\u00f3n en medio de las protestas Sobre el contexto de manifestaciones y bloqueos viales, el ministro afirm\u00f3 que se trabaja junto a la vicepresidencia y otras entidades de seguridad para garantizar los servicios de salud. Reconoci\u00f3 que el cierre de carreteras ha dificultado el traslado de insumos esenciales como ox\u00edgeno. Sin embargo, asegur\u00f3 que las casas de salud de Imbabura se mantienen abastecidas y que se intensificaron los traslados a\u00e9reos de medicinas desde Quito hacia esa provincia. \u201cNo existe ruptura de stock, todos los d\u00edas hacemos un control estricto\u201d, puntualiz\u00f3. Finalmente, Martin recalc\u00f3 que la atenci\u00f3n m\u00e9dica es para todos: \u201cNo hay distinci\u00f3n entre manifestantes y personal de la fuerza p\u00fablica. El compromiso es garantizar atenci\u00f3n oportuna y universal\u201d.<\/p>\n","protected":false},"author":1,"featured_media":26816,"comment_status":"closed","ping_status":"closed","sticky":false,"template":"","format":"standard","meta":{"footnotes":""},"categories":[268],"tags":[],"class_list":["post-26815","post","type-post","status-publish","format-standard","has-post-thumbnail","hentry","category-nacionales"],"_links":{"self":[{"href":"https:\/\/www.elamazonico.com\/portal\/wp-json\/wp\/v2\/posts\/26815","targetHints":{"allow":["GET"]}}],"collection":[{"href":"https:\/\/www.elamazonico.com\/portal\/wp-json\/wp\/v2\/posts"}],"about":[{"href":"https:\/\/www.elamazonico.com\/portal\/wp-json\/wp\/v2\/types\/post"}],"author":[{"embeddable":true,"href":"https:\/\/www.elamazonico.com\/portal\/wp-json\/wp\/v2\/users\/1"}],"replies":[{"embeddable":true,"href":"https:\/\/www.elamazonico.com\/portal\/wp-json\/wp\/v2\/comments?post=26815"}],"version-history":[{"count":1,"href":"https:\/\/www.elamazonico.com\/portal\/wp-json\/wp\/v2\/posts\/26815\/revisions"}],"predecessor-version":[{"id":26817,"href":"https:\/\/www.elamazonico.com\/portal\/wp-json\/wp\/v2\/posts\/26815\/revisions\/26817"}],"wp:featuredmedia":[{"embeddable":true,"href":"https:\/\/www.elamazonico.com\/portal\/wp-json\/wp\/v2\/media\/26816"}],"wp:attachment":[{"href":"https:\/\/www.elamazonico.com\/portal\/wp-json\/wp\/v2\/media?parent=26815"}],"wp:term":[{"taxonomy":"category","embeddable":true,"href":"https:\/\/www.elamazonico.com\/portal\/wp-json\/wp\/v2\/categories?post=26815"},{"taxonomy":"post_tag","embeddable":true,"href":"https:\/\/www.elamazonico.com\/portal\/wp-json\/wp\/v2\/tags?post=26815"}],"curies":[{"name":"wp","href":"https:\/\/api.w.org\/{rel}","templated":true}]}}