{"id":26811,"date":"2025-10-03T08:00:52","date_gmt":"2025-10-03T13:00:52","guid":{"rendered":"https:\/\/www.elamazonico.com\/portal\/?p=26811"},"modified":"2025-10-03T08:00:52","modified_gmt":"2025-10-03T13:00:52","slug":"pucapamba-celebra-sus-festividades-religiosas-en-honor-a-san-francisco-de-asis","status":"publish","type":"post","link":"https:\/\/www.elamazonico.com\/portal\/pucapamba-celebra-sus-festividades-religiosas-en-honor-a-san-francisco-de-asis\/","title":{"rendered":"Pucapamba celebra sus festividades religiosas en honor a San Francisco de As\u00eds"},"content":{"rendered":"<p>Desde la parroquia Pucapamba, el vocal de la Junta Parroquial, Over Valdez, dio a conocer en entrevista las principales actividades comunitarias y religiosas que se desarrollar\u00e1n en honor a San Francisco de As\u00eds, patrono de la localidad, as\u00ed como avances en temas de infraestructura vial que benefician a la comunidad.<\/p>\n<p>En su intervenci\u00f3n, Valdez\u00a0 se refiri\u00f3 a la importancia del avance en la culminaci\u00f3n del segundo tramo del Cuarto Eje Vial, una obra estrat\u00e9gica para la conectividad de Chinchipe, Palanda y Zamora Chinchipe, que tambi\u00e9n beneficia a comunidades del norte de Per\u00fa.<\/p>\n<p>\u201cEsperamos que muy pronto se concrete esta obra tan esperada, una v\u00eda de primer orden para nuestra provincia y para el pa\u00eds\u201d, enfatiz\u00f3 el vocal parroquial.<\/p>\n<p><strong>Programa festivo en honor a San Francisco de As\u00eds<\/strong><br \/>\nLas festividades religiosas iniciaron el pasado viernes 26 de septiembre con la novena en honor al patrono. El programa se intensificar\u00e1 este fin de semana con actividades culturales, deportivas y religiosas:<br \/>\n\u2022<strong> S\u00e1bado, 4 de octubre:<\/strong><br \/>\no Ma\u00f1ana y tarde deportiva.<br \/>\no Encuentro de indor femenino entre la parroquia Pucapamba y el barrio La Balsa.<br \/>\no Encuentro de indor masculino entre el Club 4 de Octubre y el barrio La Balsa.<br \/>\no Encuentro de boli con la participaci\u00f3n del destacamento militar, a partir de las 14h00.<br \/>\no Juegos infantiles tradicionales como ollas encantadas y palo encebado.<br \/>\n<strong>\u2022 Domingo, 5 de octubre:<\/strong><br \/>\no Misa solemne en honor a San Francisco de As\u00eds, programada para las 15h00 en la parroquia Pucapamba.<\/p>\n<p>El comit\u00e9 de fiestas, los priostes y los moradores de la parroquia extienden una cordial invitaci\u00f3n a toda la provincia de Zamora Chinchipe para que se unan a estas celebraciones, que fortalecen la tradici\u00f3n, la fe y la uni\u00f3n comunitaria.<\/p>\n<p>Al finalizar su intervenci\u00f3n, Over Valdez expres\u00f3 su compromiso como vocal parroquial de continuar trabajando en beneficio de la comunidad:<br \/>\n\u201cSiempre estar\u00e9 al frente coordinando estas festividades y apoyando a nuestro pueblo, que se caracteriza por su unidad y hospitalidad\u201d.<\/p>\n","protected":false},"excerpt":{"rendered":"<p>Desde la parroquia Pucapamba, el vocal de la Junta Parroquial, Over Valdez, dio a conocer en entrevista las principales actividades comunitarias y religiosas que se desarrollar\u00e1n en honor a San Francisco de As\u00eds, patrono de la localidad, as\u00ed como avances en temas de infraestructura vial que benefician a la comunidad. En su intervenci\u00f3n, Valdez\u00a0 se refiri\u00f3 a la importancia del avance en la culminaci\u00f3n del segundo tramo del Cuarto Eje Vial, una obra estrat\u00e9gica para la conectividad de Chinchipe, Palanda y Zamora Chinchipe, que tambi\u00e9n beneficia a comunidades del norte de Per\u00fa. \u201cEsperamos que muy pronto se concrete esta obra tan esperada, una v\u00eda de primer orden para nuestra provincia y para el pa\u00eds\u201d, enfatiz\u00f3 el vocal parroquial. Programa festivo en honor a San Francisco de As\u00eds Las festividades religiosas iniciaron el pasado viernes 26 de septiembre con la novena en honor al patrono. El programa se intensificar\u00e1 este fin de semana con actividades culturales, deportivas y religiosas: \u2022 S\u00e1bado, 4 de octubre: o Ma\u00f1ana y tarde deportiva. o Encuentro de indor femenino entre la parroquia Pucapamba y el barrio La Balsa. o Encuentro de indor masculino entre el Club 4 de Octubre y el barrio La Balsa. o Encuentro de boli con la participaci\u00f3n del destacamento militar, a partir de las 14h00. o Juegos infantiles tradicionales como ollas encantadas y palo encebado. \u2022 Domingo, 5 de octubre: o Misa solemne en honor a San Francisco de As\u00eds, programada para las 15h00 en la parroquia Pucapamba. El comit\u00e9 de fiestas, los priostes y los moradores de la parroquia extienden una cordial invitaci\u00f3n a toda la provincia de Zamora Chinchipe para que se unan a estas celebraciones, que fortalecen la tradici\u00f3n, la fe y la uni\u00f3n comunitaria. Al finalizar su intervenci\u00f3n, Over Valdez expres\u00f3 su compromiso como vocal parroquial de continuar trabajando en beneficio de la comunidad: \u201cSiempre estar\u00e9 al frente coordinando estas festividades y apoyando a nuestro pueblo, que se caracteriza por su unidad y hospitalidad\u201d.<\/p>\n","protected":false},"author":1,"featured_media":26812,"comment_status":"closed","ping_status":"closed","sticky":false,"template":"","format":"standard","meta":{"footnotes":""},"categories":[243],"tags":[],"class_list":["post-26811","post","type-post","status-publish","format-standard","has-post-thumbnail","hentry","category-noticias-zamora"],"_links":{"self":[{"href":"https:\/\/www.elamazonico.com\/portal\/wp-json\/wp\/v2\/posts\/26811","targetHints":{"allow":["GET"]}}],"collection":[{"href":"https:\/\/www.elamazonico.com\/portal\/wp-json\/wp\/v2\/posts"}],"about":[{"href":"https:\/\/www.elamazonico.com\/portal\/wp-json\/wp\/v2\/types\/post"}],"author":[{"embeddable":true,"href":"https:\/\/www.elamazonico.com\/portal\/wp-json\/wp\/v2\/users\/1"}],"replies":[{"embeddable":true,"href":"https:\/\/www.elamazonico.com\/portal\/wp-json\/wp\/v2\/comments?post=26811"}],"version-history":[{"count":1,"href":"https:\/\/www.elamazonico.com\/portal\/wp-json\/wp\/v2\/posts\/26811\/revisions"}],"predecessor-version":[{"id":26813,"href":"https:\/\/www.elamazonico.com\/portal\/wp-json\/wp\/v2\/posts\/26811\/revisions\/26813"}],"wp:featuredmedia":[{"embeddable":true,"href":"https:\/\/www.elamazonico.com\/portal\/wp-json\/wp\/v2\/media\/26812"}],"wp:attachment":[{"href":"https:\/\/www.elamazonico.com\/portal\/wp-json\/wp\/v2\/media?parent=26811"}],"wp:term":[{"taxonomy":"category","embeddable":true,"href":"https:\/\/www.elamazonico.com\/portal\/wp-json\/wp\/v2\/categories?post=26811"},{"taxonomy":"post_tag","embeddable":true,"href":"https:\/\/www.elamazonico.com\/portal\/wp-json\/wp\/v2\/tags?post=26811"}],"curies":[{"name":"wp","href":"https:\/\/api.w.org\/{rel}","templated":true}]}}