{"id":26808,"date":"2025-10-03T07:01:13","date_gmt":"2025-10-03T12:01:13","guid":{"rendered":"https:\/\/www.elamazonico.com\/portal\/?p=26808"},"modified":"2025-10-03T07:01:13","modified_gmt":"2025-10-03T12:01:13","slug":"estas-son-las-seis-resoluciones-que-tomo-la-conaie-para-continuar-con-el-paro-en-ecuador","status":"publish","type":"post","link":"https:\/\/www.elamazonico.com\/portal\/estas-son-las-seis-resoluciones-que-tomo-la-conaie-para-continuar-con-el-paro-en-ecuador\/","title":{"rendered":"Estas son las seis resoluciones que tom\u00f3 la Conaie para continuar con el paro en Ecuador"},"content":{"rendered":"<p>Este 2 de octubre de 2025, cuando el paro nacional en Ecuador cumple su d\u00eda n\u00famero 11, la Confederaci\u00f3n de Nacionalidades Ind\u00edgenas del Ecuador (Conaie) se reuni\u00f3 nuevamente en Quito para\u00a0analizar nuevas acciones que tomar\u00e1 en medio de las movilizaciones.<\/p>\n<p>Tras casi siete horas de reuni\u00f3n con diferentes pueblos y comunidades, el presidente de la organizaci\u00f3n, Marlon Vargas, dio a conocer las\u00a0seis resoluciones a las que llegaron:<\/p>\n<p>Ratificar la continuidad del paro nacional y los puntos de la movilizaci\u00f3n: derogatoria del Decreto Ejecutivo 126 (eliminaci\u00f3n del subsidio al di\u00e9sel); defensa de la tierra y de los territorios; rechazo al extractivismo; y, fortalecimiento de la salud y educaci\u00f3n p\u00fablica. Adem\u00e1s de la reducci\u00f3n del IVA del 15% al 12%; el respeto a los derechos colectivos y garant\u00edas plenas para el ejercicio de la resistencia. Tambi\u00e9n pidi\u00f3 la reparaci\u00f3n para las v\u00edctimas que deja el paro nacional, sobre todo para la familia del comunero Efra\u00edn Fu\u00e9rez, quien falleci\u00f3 en Cotacachi.<br \/>\nOrganizar asambleas territoriales en todas las provincias para impulsar el &#8216;No&#8217;\u00a0 en la Consulta Popular, promovida por el Gobierno.<br \/>\nCoordinar acciones conjuntas de resistencia y solidaridad con comunidades, profesionales, estudiantes, jubilados y otros sectores para sostener la movilizaci\u00f3n.<br \/>\nEstablecer un corredor humanitario en las zonas en las que existen protestas para dar paso a medicinas, ambulancias e insumos m\u00e9dicos.<br \/>\nExhortar a organismos internacionales para que vigilen el cumplimiento de los derechos humanos durante el paro nacional.<br \/>\nCrear una comisi\u00f3n de expresidentes de la Conaie \u00abcon el objetivo de fortalecer (el paro)\u00bb.<br \/>\n\u00bfQu\u00e9 pasa con la Conaie? Las pugnas internas, las presiones pol\u00edticas y la coyuntura golpean al movimiento ind\u00edgena<br \/>\nLa reuni\u00f3n de la Conaie ocurre\u00a0luego de que la Federaci\u00f3n de pueblos Kichwa de la Sierra Norte de Ecuador public\u00f3 un comunicado sobre una \u00abtregua temporal\u00bb como \u00abgesto de buena fe y voluntad de di\u00e1logo con el Gobierno\u00bb de Daniel Noboa.<\/p>\n<p>Sin embargo, esta tregua fue negada por otros pueblos y comunidades de la provincia de Imbabura.<\/p>\n<p>Noticia en desarrollo. Fuente: Primicias<\/p>\n","protected":false},"excerpt":{"rendered":"<p>Este 2 de octubre de 2025, cuando el paro nacional en Ecuador cumple su d\u00eda n\u00famero 11, la Confederaci\u00f3n de Nacionalidades Ind\u00edgenas del Ecuador (Conaie) se reuni\u00f3 nuevamente en Quito para\u00a0analizar nuevas acciones que tomar\u00e1 en medio de las movilizaciones. Tras casi siete horas de reuni\u00f3n con diferentes pueblos y comunidades, el presidente de la organizaci\u00f3n, Marlon Vargas, dio a conocer las\u00a0seis resoluciones a las que llegaron: Ratificar la continuidad del paro nacional y los puntos de la movilizaci\u00f3n: derogatoria del Decreto Ejecutivo 126 (eliminaci\u00f3n del subsidio al di\u00e9sel); defensa de la tierra y de los territorios; rechazo al extractivismo; y, fortalecimiento de la salud y educaci\u00f3n p\u00fablica. Adem\u00e1s de la reducci\u00f3n del IVA del 15% al 12%; el respeto a los derechos colectivos y garant\u00edas plenas para el ejercicio de la resistencia. Tambi\u00e9n pidi\u00f3 la reparaci\u00f3n para las v\u00edctimas que deja el paro nacional, sobre todo para la familia del comunero Efra\u00edn Fu\u00e9rez, quien falleci\u00f3 en Cotacachi. Organizar asambleas territoriales en todas las provincias para impulsar el &#8216;No&#8217;\u00a0 en la Consulta Popular, promovida por el Gobierno. Coordinar acciones conjuntas de resistencia y solidaridad con comunidades, profesionales, estudiantes, jubilados y otros sectores para sostener la movilizaci\u00f3n. Establecer un corredor humanitario en las zonas en las que existen protestas para dar paso a medicinas, ambulancias e insumos m\u00e9dicos. Exhortar a organismos internacionales para que vigilen el cumplimiento de los derechos humanos durante el paro nacional. Crear una comisi\u00f3n de expresidentes de la Conaie \u00abcon el objetivo de fortalecer (el paro)\u00bb. \u00bfQu\u00e9 pasa con la Conaie? Las pugnas internas, las presiones pol\u00edticas y la coyuntura golpean al movimiento ind\u00edgena La reuni\u00f3n de la Conaie ocurre\u00a0luego de que la Federaci\u00f3n de pueblos Kichwa de la Sierra Norte de Ecuador public\u00f3 un comunicado sobre una \u00abtregua temporal\u00bb como \u00abgesto de buena fe y voluntad de di\u00e1logo con el Gobierno\u00bb de Daniel Noboa. Sin embargo, esta tregua fue negada por otros pueblos y comunidades de la provincia de Imbabura. Noticia en desarrollo. Fuente: Primicias<\/p>\n","protected":false},"author":1,"featured_media":26809,"comment_status":"closed","ping_status":"closed","sticky":false,"template":"","format":"standard","meta":{"footnotes":""},"categories":[268],"tags":[],"class_list":["post-26808","post","type-post","status-publish","format-standard","has-post-thumbnail","hentry","category-nacionales"],"_links":{"self":[{"href":"https:\/\/www.elamazonico.com\/portal\/wp-json\/wp\/v2\/posts\/26808","targetHints":{"allow":["GET"]}}],"collection":[{"href":"https:\/\/www.elamazonico.com\/portal\/wp-json\/wp\/v2\/posts"}],"about":[{"href":"https:\/\/www.elamazonico.com\/portal\/wp-json\/wp\/v2\/types\/post"}],"author":[{"embeddable":true,"href":"https:\/\/www.elamazonico.com\/portal\/wp-json\/wp\/v2\/users\/1"}],"replies":[{"embeddable":true,"href":"https:\/\/www.elamazonico.com\/portal\/wp-json\/wp\/v2\/comments?post=26808"}],"version-history":[{"count":1,"href":"https:\/\/www.elamazonico.com\/portal\/wp-json\/wp\/v2\/posts\/26808\/revisions"}],"predecessor-version":[{"id":26810,"href":"https:\/\/www.elamazonico.com\/portal\/wp-json\/wp\/v2\/posts\/26808\/revisions\/26810"}],"wp:featuredmedia":[{"embeddable":true,"href":"https:\/\/www.elamazonico.com\/portal\/wp-json\/wp\/v2\/media\/26809"}],"wp:attachment":[{"href":"https:\/\/www.elamazonico.com\/portal\/wp-json\/wp\/v2\/media?parent=26808"}],"wp:term":[{"taxonomy":"category","embeddable":true,"href":"https:\/\/www.elamazonico.com\/portal\/wp-json\/wp\/v2\/categories?post=26808"},{"taxonomy":"post_tag","embeddable":true,"href":"https:\/\/www.elamazonico.com\/portal\/wp-json\/wp\/v2\/tags?post=26808"}],"curies":[{"name":"wp","href":"https:\/\/api.w.org\/{rel}","templated":true}]}}