{"id":26802,"date":"2025-10-03T06:02:20","date_gmt":"2025-10-03T11:02:20","guid":{"rendered":"https:\/\/www.elamazonico.com\/portal\/?p=26802"},"modified":"2025-10-03T06:02:20","modified_gmt":"2025-10-03T11:02:20","slug":"que-hacia-en-colombia-alias-fede-antes-de-su-captura-la-policia-de-ese-pais-revelo-detalles","status":"publish","type":"post","link":"https:\/\/www.elamazonico.com\/portal\/que-hacia-en-colombia-alias-fede-antes-de-su-captura-la-policia-de-ese-pais-revelo-detalles\/","title":{"rendered":"\u00bfQu\u00e9 hac\u00eda en Colombia alias &#8216;Fede&#8217; antes de su captura? La Polic\u00eda de ese pa\u00eds revel\u00f3 detalles"},"content":{"rendered":"<div class=\"paragraph texto\">\n<p class=\"p_0\"><b>Rolando G\u00f3mez Quinde, alias \u201cFede\u201d, principal cabecilla del grupo delictivo ecuatoriano\u00a0<a href=\"https:\/\/www.vistazo.com\/cronologia\/-\/meta\/los-aguilas\">Los \u00c1guilas<\/a>, fue recapturado este jueves en la ciudad de Medell\u00edn, en Colombia<\/b>, a trav\u00e9s de una operaci\u00f3n conjunta entre polic\u00edas de ambos pa\u00edses.<\/p>\n<p class=\"p_2\">El jefe criminal, por quien la Administraci\u00f3n de Daniel Noboa ofrec\u00eda\u00a0<b>un mill\u00f3n de d\u00f3lares de recompensa<\/b>, permanec\u00eda\u00a0<b>pr\u00f3fugo\u00a0<\/b>desde mediados de junio de este a\u00f1o, cuando escap\u00f3 disfrazado de militar de la\u00a0<b>Penitenciaria del Litoral<\/b>, en Guayaquil, bajo circunstancias que a\u00fan no han sido completamente esclarecidas por las autoridades.<\/p>\n<p class=\"p_3\"><b>Alias \u201cFede\u201d<\/b>, quien fue detenido el 30 de enero de este a\u00f1o en la provincia de Guayas, durante un operativo en el que\u00a0<b>se incautaron nueve fusiles, m\u00e1s de mil c\u00e1psulas de hero\u00edna y uniformes policiales falsos<\/b>, registra procesos por graves delitos como asesinato, tenencia ilegal de armas, asociaci\u00f3n il\u00edcita, narcotr\u00e1fico y robo.<\/p>\n<div class=\"Center2Display\">\n<div id=\"Center2\"><\/div>\n<\/div>\n<\/div>\n<div class=\"Citavistazo\">\u00abLa acci\u00f3n conjunta, efectuada en Medell\u00edn, puso fin a diez a\u00f1os de historial criminal de uno de los mayores dinamizadores del tr\u00e1fico de drogas desde Ecuador y Colombia hacia Estados Unidos, incluido en el cartel de los m\u00e1s buscados del vecino pa\u00eds\u00bb, declar\u00f3 el director general de la Polic\u00eda de Colombia, Carlos Triana.<\/div>\n<div class=\"paragraph texto\">\n<p class=\"p_4\">De acuerdo al jefe policial, G\u00f3mez Quinde se encontraba en la capital del departamento de Antioquia \u00abgenerando\u00a0<b>alianzas multicriminales con cabecillas locales e internacionales\u00a0<\/b>para establecer nuevas rutas de tr\u00e1fico de estupefacientes\u00bb.<\/p>\n<p class=\"p_5\">El mandatario de Ecuador, Daniel Noboa, fue quien<b>\u00a0anunci\u00f3 la captura<\/b>\u00a0la tarde de este jueves, compartiendo una fotograf\u00eda de \u00abFede\u00bb sentado dentro de un veh\u00edculo policial.<\/p>\n<p class=\"p_6\"><b>\u201cFede\u201d<\/b>\u00a0tambi\u00e9n figur\u00f3 en mayo de 2024 como uno de los detenidos en una denominada narcofiesta en la v\u00eda a la Costa, en Guayaquil.\u00a0<b>El operativo tuvo gran repercusi\u00f3n medi\u00e1tica<\/b>, ya que en el lugar fueron capturados varios cabecillas de la organizaci\u00f3n criminal Los Choneros, entre ellos\u00a0<b>Celso Moreira<\/b>, alias \u00abPatucho Celso\u00bb, y\u00a0<b>Jortman Su\u00e1rez<\/b>, alias \u00abEl Ecuatoriano\u00bb.<\/p>\n<p class=\"p_8\">Este \u00faltimo fue<b>\u00a0abatido<\/b>\u00a0el lunes 29 de septiembre en una zona rural de Rionegro, en el oriente de\u00a0<b>Colombia<\/b>, donde, seg\u00fan la prensa de ese pa\u00eds, habr\u00eda operado como\u00a0<b>nexo entre \u00abLos Choneros\u00bb\u00a0<\/b>y la organizaci\u00f3n delictiva colombiana denominada\u00a0<b>Clan del Golfo<\/b>.<\/p>\n<\/div>\n","protected":false},"excerpt":{"rendered":"<p>Rolando G\u00f3mez Quinde, alias \u201cFede\u201d, principal cabecilla del grupo delictivo ecuatoriano\u00a0Los \u00c1guilas, fue recapturado este jueves en la ciudad de Medell\u00edn, en Colombia, a trav\u00e9s de una operaci\u00f3n conjunta entre polic\u00edas de ambos pa\u00edses. El jefe criminal, por quien la Administraci\u00f3n de Daniel Noboa ofrec\u00eda\u00a0un mill\u00f3n de d\u00f3lares de recompensa, permanec\u00eda\u00a0pr\u00f3fugo\u00a0desde mediados de junio de este a\u00f1o, cuando escap\u00f3 disfrazado de militar de la\u00a0Penitenciaria del Litoral, en Guayaquil, bajo circunstancias que a\u00fan no han sido completamente esclarecidas por las autoridades. Alias \u201cFede\u201d, quien fue detenido el 30 de enero de este a\u00f1o en la provincia de Guayas, durante un operativo en el que\u00a0se incautaron nueve fusiles, m\u00e1s de mil c\u00e1psulas de hero\u00edna y uniformes policiales falsos, registra procesos por graves delitos como asesinato, tenencia ilegal de armas, asociaci\u00f3n il\u00edcita, narcotr\u00e1fico y robo. \u00abLa acci\u00f3n conjunta, efectuada en Medell\u00edn, puso fin a diez a\u00f1os de historial criminal de uno de los mayores dinamizadores del tr\u00e1fico de drogas desde Ecuador y Colombia hacia Estados Unidos, incluido en el cartel de los m\u00e1s buscados del vecino pa\u00eds\u00bb, declar\u00f3 el director general de la Polic\u00eda de Colombia, Carlos Triana. De acuerdo al jefe policial, G\u00f3mez Quinde se encontraba en la capital del departamento de Antioquia \u00abgenerando\u00a0alianzas multicriminales con cabecillas locales e internacionales\u00a0para establecer nuevas rutas de tr\u00e1fico de estupefacientes\u00bb. El mandatario de Ecuador, Daniel Noboa, fue quien\u00a0anunci\u00f3 la captura\u00a0la tarde de este jueves, compartiendo una fotograf\u00eda de \u00abFede\u00bb sentado dentro de un veh\u00edculo policial. \u201cFede\u201d\u00a0tambi\u00e9n figur\u00f3 en mayo de 2024 como uno de los detenidos en una denominada narcofiesta en la v\u00eda a la Costa, en Guayaquil.\u00a0El operativo tuvo gran repercusi\u00f3n medi\u00e1tica, ya que en el lugar fueron capturados varios cabecillas de la organizaci\u00f3n criminal Los Choneros, entre ellos\u00a0Celso Moreira, alias \u00abPatucho Celso\u00bb, y\u00a0Jortman Su\u00e1rez, alias \u00abEl Ecuatoriano\u00bb. Este \u00faltimo fue\u00a0abatido\u00a0el lunes 29 de septiembre en una zona rural de Rionegro, en el oriente de\u00a0Colombia, donde, seg\u00fan la prensa de ese pa\u00eds, habr\u00eda operado como\u00a0nexo entre \u00abLos Choneros\u00bb\u00a0y la organizaci\u00f3n delictiva colombiana denominada\u00a0Clan del Golfo.<\/p>\n","protected":false},"author":1,"featured_media":26803,"comment_status":"closed","ping_status":"closed","sticky":false,"template":"","format":"standard","meta":{"footnotes":""},"categories":[268],"tags":[],"class_list":["post-26802","post","type-post","status-publish","format-standard","has-post-thumbnail","hentry","category-nacionales"],"_links":{"self":[{"href":"https:\/\/www.elamazonico.com\/portal\/wp-json\/wp\/v2\/posts\/26802","targetHints":{"allow":["GET"]}}],"collection":[{"href":"https:\/\/www.elamazonico.com\/portal\/wp-json\/wp\/v2\/posts"}],"about":[{"href":"https:\/\/www.elamazonico.com\/portal\/wp-json\/wp\/v2\/types\/post"}],"author":[{"embeddable":true,"href":"https:\/\/www.elamazonico.com\/portal\/wp-json\/wp\/v2\/users\/1"}],"replies":[{"embeddable":true,"href":"https:\/\/www.elamazonico.com\/portal\/wp-json\/wp\/v2\/comments?post=26802"}],"version-history":[{"count":1,"href":"https:\/\/www.elamazonico.com\/portal\/wp-json\/wp\/v2\/posts\/26802\/revisions"}],"predecessor-version":[{"id":26804,"href":"https:\/\/www.elamazonico.com\/portal\/wp-json\/wp\/v2\/posts\/26802\/revisions\/26804"}],"wp:featuredmedia":[{"embeddable":true,"href":"https:\/\/www.elamazonico.com\/portal\/wp-json\/wp\/v2\/media\/26803"}],"wp:attachment":[{"href":"https:\/\/www.elamazonico.com\/portal\/wp-json\/wp\/v2\/media?parent=26802"}],"wp:term":[{"taxonomy":"category","embeddable":true,"href":"https:\/\/www.elamazonico.com\/portal\/wp-json\/wp\/v2\/categories?post=26802"},{"taxonomy":"post_tag","embeddable":true,"href":"https:\/\/www.elamazonico.com\/portal\/wp-json\/wp\/v2\/tags?post=26802"}],"curies":[{"name":"wp","href":"https:\/\/api.w.org\/{rel}","templated":true}]}}