{"id":26796,"date":"2025-10-03T04:05:00","date_gmt":"2025-10-03T09:05:00","guid":{"rendered":"https:\/\/www.elamazonico.com\/portal\/?p=26796"},"modified":"2025-10-02T15:27:53","modified_gmt":"2025-10-02T20:27:53","slug":"u-e-pcei-zamora-chinchipe-anuncia-apertura-de-matriculas-en-modalidad-virtual-intensiva","status":"publish","type":"post","link":"https:\/\/www.elamazonico.com\/portal\/u-e-pcei-zamora-chinchipe-anuncia-apertura-de-matriculas-en-modalidad-virtual-intensiva\/","title":{"rendered":"U.E. PCEI Zamora Chinchipe anuncia apertura de matr\u00edculas en modalidad virtual intensiva"},"content":{"rendered":"<p>La Unidad Educativa PCEI Zamora Chinchipe dio inicio al proceso de matr\u00edculas para su nueva modalidad virtual intensiva, dirigida a personas con escolaridad inconclusa (PCEI), quienes por diferentes circunstancias no pudieron culminar su formaci\u00f3n acad\u00e9mica.<\/p>\n<p>El coordinador de la modalidad virtual, Dalton Pintado, inform\u00f3 que las matr\u00edculas estar\u00e1n abiertas del 1 al 31 de octubre y que esta innovadora oferta educativa tiene como objetivo brindar acceso flexible y gratuito a la educaci\u00f3n, permitiendo que los estudiantes puedan desarrollar sus estudios desde cualquier lugar con acceso a internet.<\/p>\n<p>\u201cQueremos agradecer a nuestras autoridades zonales y distritales, al monse\u00f1or Jaime Castillo, a la mag\u00edster Janina Pucha, rectora de la instituci\u00f3n, y a la planta docente, quienes hicieron posible la implementaci\u00f3n de esta modalidad. Esta propuesta constituye una puerta abierta al futuro de la educaci\u00f3n en la provincia\u201d, destac\u00f3 Pintado.<\/p>\n<p>Detalles de la oferta acad\u00e9mica<br \/>\n\u2022 Modalidad: Virtual intensiva.<br \/>\n\u2022 Tutor\u00edas: V\u00eda Zoom, los d\u00edas martes y jueves de 18h00 a 22h00.<br \/>\n\u2022 Plataforma educativa: Acceso a tutor\u00edas en vivo, grabaciones, materiales digitales y actividades interactivas.<br \/>\n\u2022 Requisitos: Ser mayor de edad, presentar documentos personales y r\u00e9cord acad\u00e9mico (promociones desde quinto de educaci\u00f3n b\u00e1sica hasta el nivel alcanzado).<br \/>\n\u2022 Proceso de inscripci\u00f3n: Los cupos pueden reservarse a trav\u00e9s de la p\u00e1gina de Facebook institucional, mientras que la entrega de documentaci\u00f3n debe realizarse de manera presencial.<\/p>\n<p><strong>Puntos de recepci\u00f3n de documentaci\u00f3n<\/strong><br \/>\nLos interesados pueden acercarse a la matriz en Zamora (barrio Yaguarzongo, calle Logro\u00f1o y Naya La Chapetona), as\u00ed como a cualquiera de las ocho extensiones ubicadas en Zamora, Zumbi, Yantzaza, El Pangui, Yacuambi, Zumba y Palanda.<\/p>\n<p><strong>Beneficios para los estudiantes<\/strong><br \/>\nLa modalidad est\u00e1 pensada especialmente para quienes residen en zonas rurales o apartadas, evitando la necesidad de trasladarse diariamente. Adem\u00e1s, todas las clases virtuales quedan grabadas en la plataforma, lo que permite a los estudiantes revisar los contenidos en su tiempo libre y cumplir con las actividades de manera flexible.<\/p>\n<p>\u201cEste modelo no significa menos, al contrario, ofrece el mismo nivel acad\u00e9mico con mayor accesibilidad. Queremos que la comunidad conf\u00ede en esta opci\u00f3n y aproveche la oportunidad de culminar sus estudios\u201d, subray\u00f3 el coordinador Dalton Pintado.<\/p>\n<p>Con esta iniciativa, la Unidad Educativa PCEI Zamora Chinchipe reafirma su compromiso de garantizar educaci\u00f3n inclusiva y de calidad, brindando oportunidades de superaci\u00f3n a j\u00f3venes y adultos en toda la provincia y el pa\u00eds.<\/p>\n","protected":false},"excerpt":{"rendered":"<p>La Unidad Educativa PCEI Zamora Chinchipe dio inicio al proceso de matr\u00edculas para su nueva modalidad virtual intensiva, dirigida a personas con escolaridad inconclusa (PCEI), quienes por diferentes circunstancias no pudieron culminar su formaci\u00f3n acad\u00e9mica. El coordinador de la modalidad virtual, Dalton Pintado, inform\u00f3 que las matr\u00edculas estar\u00e1n abiertas del 1 al 31 de octubre y que esta innovadora oferta educativa tiene como objetivo brindar acceso flexible y gratuito a la educaci\u00f3n, permitiendo que los estudiantes puedan desarrollar sus estudios desde cualquier lugar con acceso a internet. \u201cQueremos agradecer a nuestras autoridades zonales y distritales, al monse\u00f1or Jaime Castillo, a la mag\u00edster Janina Pucha, rectora de la instituci\u00f3n, y a la planta docente, quienes hicieron posible la implementaci\u00f3n de esta modalidad. Esta propuesta constituye una puerta abierta al futuro de la educaci\u00f3n en la provincia\u201d, destac\u00f3 Pintado. Detalles de la oferta acad\u00e9mica \u2022 Modalidad: Virtual intensiva. \u2022 Tutor\u00edas: V\u00eda Zoom, los d\u00edas martes y jueves de 18h00 a 22h00. \u2022 Plataforma educativa: Acceso a tutor\u00edas en vivo, grabaciones, materiales digitales y actividades interactivas. \u2022 Requisitos: Ser mayor de edad, presentar documentos personales y r\u00e9cord acad\u00e9mico (promociones desde quinto de educaci\u00f3n b\u00e1sica hasta el nivel alcanzado). \u2022 Proceso de inscripci\u00f3n: Los cupos pueden reservarse a trav\u00e9s de la p\u00e1gina de Facebook institucional, mientras que la entrega de documentaci\u00f3n debe realizarse de manera presencial. Puntos de recepci\u00f3n de documentaci\u00f3n Los interesados pueden acercarse a la matriz en Zamora (barrio Yaguarzongo, calle Logro\u00f1o y Naya La Chapetona), as\u00ed como a cualquiera de las ocho extensiones ubicadas en Zamora, Zumbi, Yantzaza, El Pangui, Yacuambi, Zumba y Palanda. Beneficios para los estudiantes La modalidad est\u00e1 pensada especialmente para quienes residen en zonas rurales o apartadas, evitando la necesidad de trasladarse diariamente. Adem\u00e1s, todas las clases virtuales quedan grabadas en la plataforma, lo que permite a los estudiantes revisar los contenidos en su tiempo libre y cumplir con las actividades de manera flexible. \u201cEste modelo no significa menos, al contrario, ofrece el mismo nivel acad\u00e9mico con mayor accesibilidad. Queremos que la comunidad conf\u00ede en esta opci\u00f3n y aproveche la oportunidad de culminar sus estudios\u201d, subray\u00f3 el coordinador Dalton Pintado. Con esta iniciativa, la Unidad Educativa PCEI Zamora Chinchipe reafirma su compromiso de garantizar educaci\u00f3n inclusiva y de calidad, brindando oportunidades de superaci\u00f3n a j\u00f3venes y adultos en toda la provincia y el pa\u00eds.<\/p>\n","protected":false},"author":1,"featured_media":26797,"comment_status":"closed","ping_status":"closed","sticky":false,"template":"","format":"standard","meta":{"footnotes":""},"categories":[243],"tags":[],"class_list":["post-26796","post","type-post","status-publish","format-standard","has-post-thumbnail","hentry","category-noticias-zamora"],"_links":{"self":[{"href":"https:\/\/www.elamazonico.com\/portal\/wp-json\/wp\/v2\/posts\/26796","targetHints":{"allow":["GET"]}}],"collection":[{"href":"https:\/\/www.elamazonico.com\/portal\/wp-json\/wp\/v2\/posts"}],"about":[{"href":"https:\/\/www.elamazonico.com\/portal\/wp-json\/wp\/v2\/types\/post"}],"author":[{"embeddable":true,"href":"https:\/\/www.elamazonico.com\/portal\/wp-json\/wp\/v2\/users\/1"}],"replies":[{"embeddable":true,"href":"https:\/\/www.elamazonico.com\/portal\/wp-json\/wp\/v2\/comments?post=26796"}],"version-history":[{"count":1,"href":"https:\/\/www.elamazonico.com\/portal\/wp-json\/wp\/v2\/posts\/26796\/revisions"}],"predecessor-version":[{"id":26798,"href":"https:\/\/www.elamazonico.com\/portal\/wp-json\/wp\/v2\/posts\/26796\/revisions\/26798"}],"wp:featuredmedia":[{"embeddable":true,"href":"https:\/\/www.elamazonico.com\/portal\/wp-json\/wp\/v2\/media\/26797"}],"wp:attachment":[{"href":"https:\/\/www.elamazonico.com\/portal\/wp-json\/wp\/v2\/media?parent=26796"}],"wp:term":[{"taxonomy":"category","embeddable":true,"href":"https:\/\/www.elamazonico.com\/portal\/wp-json\/wp\/v2\/categories?post=26796"},{"taxonomy":"post_tag","embeddable":true,"href":"https:\/\/www.elamazonico.com\/portal\/wp-json\/wp\/v2\/tags?post=26796"}],"curies":[{"name":"wp","href":"https:\/\/api.w.org\/{rel}","templated":true}]}}