{"id":26785,"date":"2025-10-02T12:27:57","date_gmt":"2025-10-02T17:27:57","guid":{"rendered":"https:\/\/www.elamazonico.com\/portal\/?p=26785"},"modified":"2025-10-02T12:32:58","modified_gmt":"2025-10-02T17:32:58","slug":"ambato-revocan-reconocimiento-a-influencer-por-comentarios-racistas-en-marcha-indigena","status":"publish","type":"post","link":"https:\/\/www.elamazonico.com\/portal\/ambato-revocan-reconocimiento-a-influencer-por-comentarios-racistas-en-marcha-indigena\/","title":{"rendered":"Ambato: Revocan reconocimiento a influencer por comentarios \u201cracistas\u201d en marcha ind\u00edgena"},"content":{"rendered":"<div class=\"top md:col-span-2\">\n<div class=\"flex flex-wrap\">\n<div class=\"basis-full md:basis-2\/5 z-100 content-center p-1\">\n<div class=\"story-introtext afacad-flux font-light text-base md:ml-6 pb-2\">El Comit\u00e9 Permanente de la Fiesta de la Fruta y de las Flores retir\u00f3 el t\u00edtulo de \u201cEmbajadora\u201d a la influencer Romina Ruano, luego de la pol\u00e9mica generada por sus declaraciones durante la movilizaci\u00f3n ind\u00edgena en Ambato.<\/div>\n<\/div>\n<\/div>\n<\/div>\n<div class=\"body md:order-3 afacad-flux font-normal text-lg px-2\">\n<p>La controversia en torno a la influencer ambate\u00f1a\u00a0<b>Romina Ruano<\/b>\u00a0sigue creciendo. La joven, quien hab\u00eda recibido un reconocimiento como\u00a0<b>Embajadora de la Fiesta de la Fruta y de las Flores (FFF)<\/b>, fue se\u00f1alada en redes sociales de racismo y clasismo tras sus comentarios emitidos durante la marcha pac\u00edfica de los movimientos ind\u00edgenas de Tungurahua, realizada el pasado 29 de septiembre de 2025.<\/p>\n<p>En respuesta, circularon videos de ciudadanos mostrando su indignaci\u00f3n y rechazando sus expresiones. Ante la presi\u00f3n social, la ma\u00f1ana de este mi\u00e9rcoles 1 de octubre, el\u00a0<b>Comit\u00e9 Permanente de la FFF<\/b>\u00a0emiti\u00f3 un comunicado oficial en el que revoc\u00f3 el reconocimiento otorgado a Ruano.<\/p>\n<p>\u201cEl Comit\u00e9 rechaza de manera\u00a0<strong>categ\u00f3rica cualquier expresi\u00f3n que promueva la discriminaci\u00f3n,<\/strong>\u00a0la incitaci\u00f3n al odio o que menoscabe la cultura, identidad y tradiciones de los pueblos y nacionalidades ind\u00edgenas de nuestra provincia. Estos valores forman parte fundamental del patrimonio intangible que esta celebraci\u00f3n representa\u201d, se\u00f1ala el documento.<\/p>\n<p>La organizaci\u00f3n aclar\u00f3 que las declaraciones de la influencer \u201cno representan el esp\u00edritu de inclusi\u00f3n, respeto y unidad que caracteriza a esta celebraci\u00f3n patrimonial\u201d.<\/p>\n<p>Finalmente, hicieron un llamado a la ciudadan\u00eda a mantenerse unida y a\u00a0<strong>defender los valores de respeto mutuo<\/strong>\u00a0que deben prevalecer durante las festividades, resaltando que la FFF es una celebraci\u00f3n que busca la alegr\u00eda, la fraternidad y el reconocimiento de todas y todos quienes\u00a0<strong>forman parte de Tungurahua.<\/strong><\/p>\n<p>Fuente: el Tel\u00e9grafo<\/p>\n<\/div>\n","protected":false},"excerpt":{"rendered":"<p>El Comit\u00e9 Permanente de la Fiesta de la Fruta y de las Flores retir\u00f3 el t\u00edtulo de \u201cEmbajadora\u201d a la influencer Romina Ruano, luego de la pol\u00e9mica generada por sus declaraciones durante la movilizaci\u00f3n ind\u00edgena en Ambato. La controversia en torno a la influencer ambate\u00f1a\u00a0Romina Ruano\u00a0sigue creciendo. La joven, quien hab\u00eda recibido un reconocimiento como\u00a0Embajadora de la Fiesta de la Fruta y de las Flores (FFF), fue se\u00f1alada en redes sociales de racismo y clasismo tras sus comentarios emitidos durante la marcha pac\u00edfica de los movimientos ind\u00edgenas de Tungurahua, realizada el pasado 29 de septiembre de 2025. En respuesta, circularon videos de ciudadanos mostrando su indignaci\u00f3n y rechazando sus expresiones. Ante la presi\u00f3n social, la ma\u00f1ana de este mi\u00e9rcoles 1 de octubre, el\u00a0Comit\u00e9 Permanente de la FFF\u00a0emiti\u00f3 un comunicado oficial en el que revoc\u00f3 el reconocimiento otorgado a Ruano. \u201cEl Comit\u00e9 rechaza de manera\u00a0categ\u00f3rica cualquier expresi\u00f3n que promueva la discriminaci\u00f3n,\u00a0la incitaci\u00f3n al odio o que menoscabe la cultura, identidad y tradiciones de los pueblos y nacionalidades ind\u00edgenas de nuestra provincia. Estos valores forman parte fundamental del patrimonio intangible que esta celebraci\u00f3n representa\u201d, se\u00f1ala el documento. La organizaci\u00f3n aclar\u00f3 que las declaraciones de la influencer \u201cno representan el esp\u00edritu de inclusi\u00f3n, respeto y unidad que caracteriza a esta celebraci\u00f3n patrimonial\u201d. Finalmente, hicieron un llamado a la ciudadan\u00eda a mantenerse unida y a\u00a0defender los valores de respeto mutuo\u00a0que deben prevalecer durante las festividades, resaltando que la FFF es una celebraci\u00f3n que busca la alegr\u00eda, la fraternidad y el reconocimiento de todas y todos quienes\u00a0forman parte de Tungurahua. Fuente: el Tel\u00e9grafo<\/p>\n","protected":false},"author":1,"featured_media":26786,"comment_status":"closed","ping_status":"closed","sticky":false,"template":"","format":"standard","meta":{"footnotes":""},"categories":[268],"tags":[],"class_list":["post-26785","post","type-post","status-publish","format-standard","has-post-thumbnail","hentry","category-nacionales"],"_links":{"self":[{"href":"https:\/\/www.elamazonico.com\/portal\/wp-json\/wp\/v2\/posts\/26785","targetHints":{"allow":["GET"]}}],"collection":[{"href":"https:\/\/www.elamazonico.com\/portal\/wp-json\/wp\/v2\/posts"}],"about":[{"href":"https:\/\/www.elamazonico.com\/portal\/wp-json\/wp\/v2\/types\/post"}],"author":[{"embeddable":true,"href":"https:\/\/www.elamazonico.com\/portal\/wp-json\/wp\/v2\/users\/1"}],"replies":[{"embeddable":true,"href":"https:\/\/www.elamazonico.com\/portal\/wp-json\/wp\/v2\/comments?post=26785"}],"version-history":[{"count":2,"href":"https:\/\/www.elamazonico.com\/portal\/wp-json\/wp\/v2\/posts\/26785\/revisions"}],"predecessor-version":[{"id":26788,"href":"https:\/\/www.elamazonico.com\/portal\/wp-json\/wp\/v2\/posts\/26785\/revisions\/26788"}],"wp:featuredmedia":[{"embeddable":true,"href":"https:\/\/www.elamazonico.com\/portal\/wp-json\/wp\/v2\/media\/26786"}],"wp:attachment":[{"href":"https:\/\/www.elamazonico.com\/portal\/wp-json\/wp\/v2\/media?parent=26785"}],"wp:term":[{"taxonomy":"category","embeddable":true,"href":"https:\/\/www.elamazonico.com\/portal\/wp-json\/wp\/v2\/categories?post=26785"},{"taxonomy":"post_tag","embeddable":true,"href":"https:\/\/www.elamazonico.com\/portal\/wp-json\/wp\/v2\/tags?post=26785"}],"curies":[{"name":"wp","href":"https:\/\/api.w.org\/{rel}","templated":true}]}}