{"id":26778,"date":"2025-10-02T11:02:08","date_gmt":"2025-10-02T16:02:08","guid":{"rendered":"https:\/\/www.elamazonico.com\/portal\/?p=26778"},"modified":"2025-10-02T11:02:08","modified_gmt":"2025-10-02T16:02:08","slug":"ministro-del-interior-advierte-sanciones-a-promotores-de-violencia","status":"publish","type":"post","link":"https:\/\/www.elamazonico.com\/portal\/ministro-del-interior-advierte-sanciones-a-promotores-de-violencia\/","title":{"rendered":"Ministro del Interior advierte sanciones a promotores de violencia"},"content":{"rendered":"<div class=\"top md:col-span-2\">\n<div class=\"flex flex-wrap\">\n<div class=\"basis-full md:basis-2\/5 z-100 content-center p-1\">\n<div class=\"story-introtext afacad-flux font-light text-base md:ml-6 pb-2\">El ministro del Interior, John Reimberg, confirm\u00f3 que la Fiscal\u00eda tiene en su poder los videos sobre la agresi\u00f3n ocurrida durante las movilizaciones en las que muri\u00f3 el comunero Efra\u00edn Fuerez. Llam\u00f3 a protestas pac\u00edficas y anunci\u00f3 que se detendr\u00e1 a los responsables f\u00edsicos e intelectuales de los actos violentos.<\/div>\n<\/div>\n<\/div>\n<\/div>\n<div class=\"body md:order-3 afacad-flux font-normal text-lg px-2\">\n<p>En entrevista con Teleamazonas, John Reimberg, ministro del Interior, habl\u00f3 sobre el video en el que el comunero Efra\u00edn Fuerez fue agredido y despu\u00e9s muri\u00f3 en una casa de salud. Asegur\u00f3 que la Fiscal\u00eda ya tiene en sus manos los videos y testimonios clave de ambas partes.<\/p>\n<p>El funcionario defendi\u00f3 la intervenci\u00f3n de la fuerza p\u00fablica en escenarios de violencia, reiter\u00f3 la apertura al di\u00e1logo siempre que no se ponga en riesgo la seguridad. Fue enf\u00e1tico al referirse que se detendr\u00e1 a los responsables f\u00edsicos e intelectuales de los actos violentos.<\/p>\n<h1 data-start=\"1080\" data-end=\"1128\">Caso Efra\u00edn Fuerez en manos de la Fiscal\u00eda<\/h1>\n<p data-start=\"1129\" data-end=\"1536\">\u201c<strong data-start=\"1130\" data-end=\"1392\">El video en el que se muestra la agresi\u00f3n de una persona que busca brindar ayuda al comunero, fallecido durante las movilizaciones, est\u00e1 en mano de Fiscal\u00eda,<\/strong>\u00a0al igual que toda la informaci\u00f3n del caso, y de ah\u00ed tendr\u00e1 que salir la informaci\u00f3n sobre los hechos\u201d, dijo Reimberg.<\/p>\n<p data-start=\"1129\" data-end=\"1536\">El ministro precis\u00f3 que la investigaci\u00f3n tambi\u00e9n incluye versiones de militares y civiles que participaron en los hechos.<\/p>\n<h1 data-start=\"1543\" data-end=\"1575\">Protesta social y violencia<\/h1>\n<p data-start=\"1576\" data-end=\"1924\">El ministro se\u00f1al\u00f3 que un segundo video muestra a una mujer denunciando que obligaron a su esposo a participar en las protestas y que \u201cles queman los locales, les quitan el agua\u201d. Reimberg pidi\u00f3 a los manifestantes ejercer su derecho sin violencia: \u201c<strong data-start=\"1828\" data-end=\"1920\">Si quieren marchar que lo hagan en paz, no con actos de violencia que algunos dirigentes promueven<\/strong>.\u201d<\/p>\n<p data-start=\"1926\" data-end=\"2156\">Insisti\u00f3 en que \u201chay que bajar la violencia de lado y lado\u201d y defendi\u00f3 la actuaci\u00f3n de la fuerza p\u00fablica frente a quienes \u201c<strong data-start=\"2082\" data-end=\"2152\">salen a lanzar bombas molotov, piedras, cuando incendian veh\u00edculos<\/strong>\u201d.<\/p>\n<h1 data-start=\"2163\" data-end=\"2217\">Heridos en la fuerza p\u00fablica y polic\u00edas liberados<\/h1>\n<p data-start=\"2218\" data-end=\"2448\">El balance oficial incluye\u00a0<strong>33 uniformados heridos,<\/strong>\u00a0entre ellos un polic\u00eda que podr\u00eda perder la pierna. El ministro agreg\u00f3 que los polic\u00edas retenidos en Alaus\u00ed fueron liberados el 30 de octubre y, en la actualidad, se someten a ex\u00e1menes m\u00e9dicos.<\/p>\n<h1 data-start=\"2455\" data-end=\"2479\">Di\u00e1logo y movilidad<\/h1>\n<p data-start=\"2480\" data-end=\"2808\">Reimberg subray\u00f3 que la vicepresidenta, Mar\u00eda Jos\u00e9 Pinto,\u00a0 lidera las mesas de di\u00e1logo y que el Ejecutivo est\u00e1 abierto siempre que no exista violencia:<br data-start=\"2611\" data-end=\"2614\" \/>\u201c<strong data-start=\"2615\" data-end=\"2805\">Nosotros estamos dirigiendo el pa\u00eds para todos (\u2026) Siempre que sean sectores donde no exista violencia nosotros estamos abiertos al di\u00e1logo. Si hay violencia nosotros vamos a intervenir.<\/strong>\u201d<\/p>\n<p data-start=\"2810\" data-end=\"3086\">En cuanto a la situaci\u00f3n vial, dijo que la mayor\u00eda de rutas se reabrieron gracias a acuerdos entre manifestantes y fuerza p\u00fablica. Y critic\u00f3 a quienes promueven cierres: \u201c<strong data-start=\"2983\" data-end=\"3083\">Si ellos no quieren trabajar v\u00e1yanse a sus casas. Si quieren paralizarse h\u00e1ganlo en sus hogares<\/strong>\u201d.<\/p>\n<h1 data-start=\"3093\" data-end=\"3147\">Advertencia contra los responsables de disturbios<\/h1>\n<p data-start=\"3148\" data-end=\"3380\">El ministro enfatiz\u00f3 que el Gobierno actuar\u00e1 contra quienes promuevan la violencia: \u201c<strong data-start=\"3235\" data-end=\"3377\">Vamos a llevar detenidos a quienes generen violencia, a los actores intelectuales que impulsan el caos, ellos tambi\u00e9n van a pagar por ello.<\/strong>\u201d<\/p>\n<p data-start=\"3382\" data-end=\"3594\">Finalmente, mencion\u00f3 que las bases militares y estrat\u00e9gicas que el Gobierno busca instalar con el apoyo de Estados Unidos buscan enfrentar delitos transnacionales como el narcotr\u00e1fico y las operaciones de grupos criminales, terroristas como Los Lobos y Los Choneros.<\/p>\n<\/div>\n","protected":false},"excerpt":{"rendered":"<p>El ministro del Interior, John Reimberg, confirm\u00f3 que la Fiscal\u00eda tiene en su poder los videos sobre la agresi\u00f3n ocurrida durante las movilizaciones en las que muri\u00f3 el comunero Efra\u00edn Fuerez. Llam\u00f3 a protestas pac\u00edficas y anunci\u00f3 que se detendr\u00e1 a los responsables f\u00edsicos e intelectuales de los actos violentos. En entrevista con Teleamazonas, John Reimberg, ministro del Interior, habl\u00f3 sobre el video en el que el comunero Efra\u00edn Fuerez fue agredido y despu\u00e9s muri\u00f3 en una casa de salud. Asegur\u00f3 que la Fiscal\u00eda ya tiene en sus manos los videos y testimonios clave de ambas partes. El funcionario defendi\u00f3 la intervenci\u00f3n de la fuerza p\u00fablica en escenarios de violencia, reiter\u00f3 la apertura al di\u00e1logo siempre que no se ponga en riesgo la seguridad. Fue enf\u00e1tico al referirse que se detendr\u00e1 a los responsables f\u00edsicos e intelectuales de los actos violentos. Caso Efra\u00edn Fuerez en manos de la Fiscal\u00eda \u201cEl video en el que se muestra la agresi\u00f3n de una persona que busca brindar ayuda al comunero, fallecido durante las movilizaciones, est\u00e1 en mano de Fiscal\u00eda,\u00a0al igual que toda la informaci\u00f3n del caso, y de ah\u00ed tendr\u00e1 que salir la informaci\u00f3n sobre los hechos\u201d, dijo Reimberg. El ministro precis\u00f3 que la investigaci\u00f3n tambi\u00e9n incluye versiones de militares y civiles que participaron en los hechos. Protesta social y violencia El ministro se\u00f1al\u00f3 que un segundo video muestra a una mujer denunciando que obligaron a su esposo a participar en las protestas y que \u201cles queman los locales, les quitan el agua\u201d. Reimberg pidi\u00f3 a los manifestantes ejercer su derecho sin violencia: \u201cSi quieren marchar que lo hagan en paz, no con actos de violencia que algunos dirigentes promueven.\u201d Insisti\u00f3 en que \u201chay que bajar la violencia de lado y lado\u201d y defendi\u00f3 la actuaci\u00f3n de la fuerza p\u00fablica frente a quienes \u201csalen a lanzar bombas molotov, piedras, cuando incendian veh\u00edculos\u201d. Heridos en la fuerza p\u00fablica y polic\u00edas liberados El balance oficial incluye\u00a033 uniformados heridos,\u00a0entre ellos un polic\u00eda que podr\u00eda perder la pierna. El ministro agreg\u00f3 que los polic\u00edas retenidos en Alaus\u00ed fueron liberados el 30 de octubre y, en la actualidad, se someten a ex\u00e1menes m\u00e9dicos. Di\u00e1logo y movilidad Reimberg subray\u00f3 que la vicepresidenta, Mar\u00eda Jos\u00e9 Pinto,\u00a0 lidera las mesas de di\u00e1logo y que el Ejecutivo est\u00e1 abierto siempre que no exista violencia:\u201cNosotros estamos dirigiendo el pa\u00eds para todos (\u2026) Siempre que sean sectores donde no exista violencia nosotros estamos abiertos al di\u00e1logo. Si hay violencia nosotros vamos a intervenir.\u201d En cuanto a la situaci\u00f3n vial, dijo que la mayor\u00eda de rutas se reabrieron gracias a acuerdos entre manifestantes y fuerza p\u00fablica. Y critic\u00f3 a quienes promueven cierres: \u201cSi ellos no quieren trabajar v\u00e1yanse a sus casas. Si quieren paralizarse h\u00e1ganlo en sus hogares\u201d. Advertencia contra los responsables de disturbios El ministro enfatiz\u00f3 que el Gobierno actuar\u00e1 contra quienes promuevan la violencia: \u201cVamos a llevar detenidos a quienes generen violencia, a los actores intelectuales que impulsan el caos, ellos tambi\u00e9n van a pagar por ello.\u201d Finalmente, mencion\u00f3 que las bases militares y estrat\u00e9gicas que el Gobierno busca instalar con el apoyo de Estados Unidos buscan enfrentar delitos transnacionales como el narcotr\u00e1fico y las operaciones de grupos criminales, terroristas como Los Lobos y Los Choneros.<\/p>\n","protected":false},"author":1,"featured_media":26779,"comment_status":"closed","ping_status":"closed","sticky":false,"template":"","format":"standard","meta":{"footnotes":""},"categories":[268],"tags":[],"class_list":["post-26778","post","type-post","status-publish","format-standard","has-post-thumbnail","hentry","category-nacionales"],"_links":{"self":[{"href":"https:\/\/www.elamazonico.com\/portal\/wp-json\/wp\/v2\/posts\/26778","targetHints":{"allow":["GET"]}}],"collection":[{"href":"https:\/\/www.elamazonico.com\/portal\/wp-json\/wp\/v2\/posts"}],"about":[{"href":"https:\/\/www.elamazonico.com\/portal\/wp-json\/wp\/v2\/types\/post"}],"author":[{"embeddable":true,"href":"https:\/\/www.elamazonico.com\/portal\/wp-json\/wp\/v2\/users\/1"}],"replies":[{"embeddable":true,"href":"https:\/\/www.elamazonico.com\/portal\/wp-json\/wp\/v2\/comments?post=26778"}],"version-history":[{"count":1,"href":"https:\/\/www.elamazonico.com\/portal\/wp-json\/wp\/v2\/posts\/26778\/revisions"}],"predecessor-version":[{"id":26780,"href":"https:\/\/www.elamazonico.com\/portal\/wp-json\/wp\/v2\/posts\/26778\/revisions\/26780"}],"wp:featuredmedia":[{"embeddable":true,"href":"https:\/\/www.elamazonico.com\/portal\/wp-json\/wp\/v2\/media\/26779"}],"wp:attachment":[{"href":"https:\/\/www.elamazonico.com\/portal\/wp-json\/wp\/v2\/media?parent=26778"}],"wp:term":[{"taxonomy":"category","embeddable":true,"href":"https:\/\/www.elamazonico.com\/portal\/wp-json\/wp\/v2\/categories?post=26778"},{"taxonomy":"post_tag","embeddable":true,"href":"https:\/\/www.elamazonico.com\/portal\/wp-json\/wp\/v2\/tags?post=26778"}],"curies":[{"name":"wp","href":"https:\/\/api.w.org\/{rel}","templated":true}]}}