{"id":26770,"date":"2025-10-02T04:10:00","date_gmt":"2025-10-02T09:10:00","guid":{"rendered":"https:\/\/www.elamazonico.com\/portal\/?p=26770"},"modified":"2025-10-01T15:12:41","modified_gmt":"2025-10-01T20:12:41","slug":"zamora-conmemoro-el-dia-internacional-de-las-personas-de-edad-con-un-encuentro-recreativo-y-cultural","status":"publish","type":"post","link":"https:\/\/www.elamazonico.com\/portal\/zamora-conmemoro-el-dia-internacional-de-las-personas-de-edad-con-un-encuentro-recreativo-y-cultural\/","title":{"rendered":"Zamora conmemor\u00f3 el \u201cD\u00eda Internacional de las Personas de Edad\u201d con un encuentro recreativo y cultural"},"content":{"rendered":"<p>La ma\u00f1ana del mi\u00e9rcoles 1 de octubre, en el Centro Recreacional Bombuscaro del cant\u00f3n Zamora, se desarroll\u00f3 un emotivo encuentro con motivo de la conmemoraci\u00f3n del D\u00eda Internacional de las Personas de Edad. La jornada estuvo dedicada a la integraci\u00f3n y reconocimiento de 60 adultos mayores provenientes de distintas parroquias del cant\u00f3n, quienes forman parte del proyecto \u201cAdulto Mayor\u201d, ejecutado en convenio con el Ministerio de Desarrollo Humano.<\/p>\n<p>El evento cont\u00f3 con la activa participaci\u00f3n de hombres y mujeres, con y sin discapacidad, quienes disfrutaron de actividades recreativas, art\u00edsticas y de integraci\u00f3n comunitaria. La celebraci\u00f3n se convirti\u00f3 en un espacio de alegr\u00eda, motivaci\u00f3n y fortalecimiento de v\u00ednculos sociales, resaltando el valor y la experiencia que los adultos mayores aportan a la sociedad.<\/p>\n<p>Entre las autoridades presentes se destac\u00f3 la participaci\u00f3n del Sr. Manuel Gonz\u00e1lez, alcalde del cant\u00f3n Zamora; la vicealcaldesa Blanca Carri\u00f3n; concejales del cant\u00f3n; as\u00ed como promotores y facilitadores del proyecto, quienes acompa\u00f1aron con entusiasmo a los homenajeados en esta jornada especial.<\/p>\n<p>El alcalde Gonz\u00e1lez manifest\u00f3 que \u201cel compromiso institucional es garantizar programas de inclusi\u00f3n y bienestar para nuestros adultos mayores, reconociendo su trayectoria de vida y asegurando espacios de participaci\u00f3n activa\u201d.<\/p>\n<p>La conmemoraci\u00f3n del D\u00eda Internacional de las Personas de Edad reafirma el compromiso del Gobierno Aut\u00f3nomo Descentralizado Municipal de Zamora con la promoci\u00f3n de pol\u00edticas sociales inclusivas, generando espacios que dignifiquen la vida de los adultos mayores y fomenten la construcci\u00f3n de una sociedad m\u00e1s justa y solidaria.<\/p>\n","protected":false},"excerpt":{"rendered":"<p>La ma\u00f1ana del mi\u00e9rcoles 1 de octubre, en el Centro Recreacional Bombuscaro del cant\u00f3n Zamora, se desarroll\u00f3 un emotivo encuentro con motivo de la conmemoraci\u00f3n del D\u00eda Internacional de las Personas de Edad. La jornada estuvo dedicada a la integraci\u00f3n y reconocimiento de 60 adultos mayores provenientes de distintas parroquias del cant\u00f3n, quienes forman parte del proyecto \u201cAdulto Mayor\u201d, ejecutado en convenio con el Ministerio de Desarrollo Humano. El evento cont\u00f3 con la activa participaci\u00f3n de hombres y mujeres, con y sin discapacidad, quienes disfrutaron de actividades recreativas, art\u00edsticas y de integraci\u00f3n comunitaria. La celebraci\u00f3n se convirti\u00f3 en un espacio de alegr\u00eda, motivaci\u00f3n y fortalecimiento de v\u00ednculos sociales, resaltando el valor y la experiencia que los adultos mayores aportan a la sociedad. Entre las autoridades presentes se destac\u00f3 la participaci\u00f3n del Sr. Manuel Gonz\u00e1lez, alcalde del cant\u00f3n Zamora; la vicealcaldesa Blanca Carri\u00f3n; concejales del cant\u00f3n; as\u00ed como promotores y facilitadores del proyecto, quienes acompa\u00f1aron con entusiasmo a los homenajeados en esta jornada especial. El alcalde Gonz\u00e1lez manifest\u00f3 que \u201cel compromiso institucional es garantizar programas de inclusi\u00f3n y bienestar para nuestros adultos mayores, reconociendo su trayectoria de vida y asegurando espacios de participaci\u00f3n activa\u201d. La conmemoraci\u00f3n del D\u00eda Internacional de las Personas de Edad reafirma el compromiso del Gobierno Aut\u00f3nomo Descentralizado Municipal de Zamora con la promoci\u00f3n de pol\u00edticas sociales inclusivas, generando espacios que dignifiquen la vida de los adultos mayores y fomenten la construcci\u00f3n de una sociedad m\u00e1s justa y solidaria.<\/p>\n","protected":false},"author":1,"featured_media":26771,"comment_status":"closed","ping_status":"closed","sticky":false,"template":"","format":"standard","meta":{"footnotes":""},"categories":[243],"tags":[],"class_list":["post-26770","post","type-post","status-publish","format-standard","has-post-thumbnail","hentry","category-noticias-zamora"],"_links":{"self":[{"href":"https:\/\/www.elamazonico.com\/portal\/wp-json\/wp\/v2\/posts\/26770","targetHints":{"allow":["GET"]}}],"collection":[{"href":"https:\/\/www.elamazonico.com\/portal\/wp-json\/wp\/v2\/posts"}],"about":[{"href":"https:\/\/www.elamazonico.com\/portal\/wp-json\/wp\/v2\/types\/post"}],"author":[{"embeddable":true,"href":"https:\/\/www.elamazonico.com\/portal\/wp-json\/wp\/v2\/users\/1"}],"replies":[{"embeddable":true,"href":"https:\/\/www.elamazonico.com\/portal\/wp-json\/wp\/v2\/comments?post=26770"}],"version-history":[{"count":1,"href":"https:\/\/www.elamazonico.com\/portal\/wp-json\/wp\/v2\/posts\/26770\/revisions"}],"predecessor-version":[{"id":26772,"href":"https:\/\/www.elamazonico.com\/portal\/wp-json\/wp\/v2\/posts\/26770\/revisions\/26772"}],"wp:featuredmedia":[{"embeddable":true,"href":"https:\/\/www.elamazonico.com\/portal\/wp-json\/wp\/v2\/media\/26771"}],"wp:attachment":[{"href":"https:\/\/www.elamazonico.com\/portal\/wp-json\/wp\/v2\/media?parent=26770"}],"wp:term":[{"taxonomy":"category","embeddable":true,"href":"https:\/\/www.elamazonico.com\/portal\/wp-json\/wp\/v2\/categories?post=26770"},{"taxonomy":"post_tag","embeddable":true,"href":"https:\/\/www.elamazonico.com\/portal\/wp-json\/wp\/v2\/tags?post=26770"}],"curies":[{"name":"wp","href":"https:\/\/api.w.org\/{rel}","templated":true}]}}