{"id":26767,"date":"2025-10-01T15:00:20","date_gmt":"2025-10-01T20:00:20","guid":{"rendered":"https:\/\/www.elamazonico.com\/portal\/?p=26767"},"modified":"2025-10-01T15:00:23","modified_gmt":"2025-10-01T20:00:23","slug":"cristian-benavides-la-asamblea-debe-recuperar-la-confianza-ciudadana-con-tecnica-y-dialogo","status":"publish","type":"post","link":"https:\/\/www.elamazonico.com\/portal\/cristian-benavides-la-asamblea-debe-recuperar-la-confianza-ciudadana-con-tecnica-y-dialogo\/","title":{"rendered":"Cristian Benavides: \u201cLa Asamblea debe recuperar la confianza ciudadana con t\u00e9cnica y di\u00e1logo\u201d"},"content":{"rendered":"<p>En entrevista concedida a Diario El Amaz\u00f3nico, el asamble\u00edsta independiente Cristian Benavides expuso un amplio an\u00e1lisis sobre la coyuntura legislativa y pol\u00edtica nacional, enfoc\u00e1ndose en la relaci\u00f3n entre la Asamblea Nacional y el Ejecutivo, la polarizaci\u00f3n pol\u00edtica, los desaf\u00edos institucionales y la reciente declaratoria de inconstitucionalidad de varias leyes por vicios de forma.<\/p>\n<p>El legislador destac\u00f3 que la relaci\u00f3n entre el Ejecutivo y el Legislativo ha sido de cordialidad y cooperaci\u00f3n, pues el bloque de mayor\u00eda ha respaldado los proyectos presentados por el presidente, lo que permiti\u00f3 la aprobaci\u00f3n de cinco leyes econ\u00f3micas urgentes. Sin embargo, advirti\u00f3 que la polarizaci\u00f3n entre la Revoluci\u00f3n Ciudadana y ADN ha limitado el debate parlamentario, generando confrontaciones constantes en el pleno.<\/p>\n<p>\u201cExiste un grupo reducido de independientes que observamos la pol\u00edtica con mayor objetividad, desde fuera de la l\u00f3gica partidista. La ciudadan\u00eda debe reflexionar y leer con atenci\u00f3n, especialmente frente a la pr\u00f3xima consulta popular\u201d, afirm\u00f3 Benavides.<\/p>\n<p>El asamble\u00edsta enfatiz\u00f3 que los principales retos para recuperar la confianza ciudadana no recaen \u00fanicamente en la Asamblea Nacional, sino en los partidos pol\u00edticos, responsables, seg\u00fan indic\u00f3, de postular candidatos sin la preparaci\u00f3n t\u00e9cnica y administrativa necesaria para legislar. Se\u00f1al\u00f3 adem\u00e1s la corresponsabilidad del electorado, que debe evaluar los perfiles con mayor rigurosidad en los procesos electorales.<\/p>\n<p>Respecto a la declaratoria de inconstitucionalidad de varias leyes, Benavides record\u00f3 que la Corte Constitucional advirti\u00f3 deficiencias t\u00e9cnicas y violaciones al principio de unidad de materia. \u201cYa lo hab\u00eda manifestado: estas normas corr\u00edan el riesgo de ser desechadas por errores formales. No se puede aprobar una \u2018ley mixta\u2019 que mezcle materias penales, civiles y administrativas en un mismo paquete\u201d, subray\u00f3.<\/p>\n<p><strong>Sobre este punto, plante\u00f3 dos posibles escenarios:<\/strong><br \/>\n1. Que la presentaci\u00f3n de leyes con vicios de forma haya sido premeditada, con el objetivo de generar un choque con la Corte Constitucional y justificar una Asamblea Constituyente.<br \/>\n2. Que exista una deficiencia en la asesor\u00eda t\u00e9cnica y jur\u00eddica del Ejecutivo y del Legislativo, lo que habr\u00eda derivado en normativas mal estructuradas y sin sustento constitucional.<\/p>\n<p>El asamble\u00edsta advirti\u00f3 que una eventual convocatoria a Asamblea Constituyente podr\u00eda generar inseguridad jur\u00eddica y un estancamiento legislativo de hasta ocho a\u00f1os, debido a la necesidad de rehacer el marco normativo del pa\u00eds. Esto, a su criterio, afectar\u00eda negativamente la inversi\u00f3n extranjera y la estabilidad nacional.<\/p>\n<p>Finalmente, Benavides llam\u00f3 a superar la confrontaci\u00f3n pol\u00edtica entre corre\u00edsmo y anticorre\u00edsmo, para priorizar el di\u00e1logo y la construcci\u00f3n de consensos. \u201cEs tiempo de virar la p\u00e1gina y pensar en el pa\u00eds. La pol\u00edtica debe ser un espacio de paz, de armon\u00eda y de servicio a la comunidad\u201d, concluy\u00f3.<\/p>\n","protected":false},"excerpt":{"rendered":"<p>En entrevista concedida a Diario El Amaz\u00f3nico, el asamble\u00edsta independiente Cristian Benavides expuso un amplio an\u00e1lisis sobre la coyuntura legislativa y pol\u00edtica nacional, enfoc\u00e1ndose en la relaci\u00f3n entre la Asamblea Nacional y el Ejecutivo, la polarizaci\u00f3n pol\u00edtica, los desaf\u00edos institucionales y la reciente declaratoria de inconstitucionalidad de varias leyes por vicios de forma. El legislador destac\u00f3 que la relaci\u00f3n entre el Ejecutivo y el Legislativo ha sido de cordialidad y cooperaci\u00f3n, pues el bloque de mayor\u00eda ha respaldado los proyectos presentados por el presidente, lo que permiti\u00f3 la aprobaci\u00f3n de cinco leyes econ\u00f3micas urgentes. Sin embargo, advirti\u00f3 que la polarizaci\u00f3n entre la Revoluci\u00f3n Ciudadana y ADN ha limitado el debate parlamentario, generando confrontaciones constantes en el pleno. \u201cExiste un grupo reducido de independientes que observamos la pol\u00edtica con mayor objetividad, desde fuera de la l\u00f3gica partidista. La ciudadan\u00eda debe reflexionar y leer con atenci\u00f3n, especialmente frente a la pr\u00f3xima consulta popular\u201d, afirm\u00f3 Benavides. El asamble\u00edsta enfatiz\u00f3 que los principales retos para recuperar la confianza ciudadana no recaen \u00fanicamente en la Asamblea Nacional, sino en los partidos pol\u00edticos, responsables, seg\u00fan indic\u00f3, de postular candidatos sin la preparaci\u00f3n t\u00e9cnica y administrativa necesaria para legislar. Se\u00f1al\u00f3 adem\u00e1s la corresponsabilidad del electorado, que debe evaluar los perfiles con mayor rigurosidad en los procesos electorales. Respecto a la declaratoria de inconstitucionalidad de varias leyes, Benavides record\u00f3 que la Corte Constitucional advirti\u00f3 deficiencias t\u00e9cnicas y violaciones al principio de unidad de materia. \u201cYa lo hab\u00eda manifestado: estas normas corr\u00edan el riesgo de ser desechadas por errores formales. No se puede aprobar una \u2018ley mixta\u2019 que mezcle materias penales, civiles y administrativas en un mismo paquete\u201d, subray\u00f3. Sobre este punto, plante\u00f3 dos posibles escenarios: 1. Que la presentaci\u00f3n de leyes con vicios de forma haya sido premeditada, con el objetivo de generar un choque con la Corte Constitucional y justificar una Asamblea Constituyente. 2. Que exista una deficiencia en la asesor\u00eda t\u00e9cnica y jur\u00eddica del Ejecutivo y del Legislativo, lo que habr\u00eda derivado en normativas mal estructuradas y sin sustento constitucional. El asamble\u00edsta advirti\u00f3 que una eventual convocatoria a Asamblea Constituyente podr\u00eda generar inseguridad jur\u00eddica y un estancamiento legislativo de hasta ocho a\u00f1os, debido a la necesidad de rehacer el marco normativo del pa\u00eds. Esto, a su criterio, afectar\u00eda negativamente la inversi\u00f3n extranjera y la estabilidad nacional. Finalmente, Benavides llam\u00f3 a superar la confrontaci\u00f3n pol\u00edtica entre corre\u00edsmo y anticorre\u00edsmo, para priorizar el di\u00e1logo y la construcci\u00f3n de consensos. \u201cEs tiempo de virar la p\u00e1gina y pensar en el pa\u00eds. La pol\u00edtica debe ser un espacio de paz, de armon\u00eda y de servicio a la comunidad\u201d, concluy\u00f3.<\/p>\n","protected":false},"author":1,"featured_media":26768,"comment_status":"closed","ping_status":"closed","sticky":false,"template":"","format":"standard","meta":{"footnotes":""},"categories":[268],"tags":[],"class_list":["post-26767","post","type-post","status-publish","format-standard","has-post-thumbnail","hentry","category-nacionales"],"_links":{"self":[{"href":"https:\/\/www.elamazonico.com\/portal\/wp-json\/wp\/v2\/posts\/26767","targetHints":{"allow":["GET"]}}],"collection":[{"href":"https:\/\/www.elamazonico.com\/portal\/wp-json\/wp\/v2\/posts"}],"about":[{"href":"https:\/\/www.elamazonico.com\/portal\/wp-json\/wp\/v2\/types\/post"}],"author":[{"embeddable":true,"href":"https:\/\/www.elamazonico.com\/portal\/wp-json\/wp\/v2\/users\/1"}],"replies":[{"embeddable":true,"href":"https:\/\/www.elamazonico.com\/portal\/wp-json\/wp\/v2\/comments?post=26767"}],"version-history":[{"count":1,"href":"https:\/\/www.elamazonico.com\/portal\/wp-json\/wp\/v2\/posts\/26767\/revisions"}],"predecessor-version":[{"id":26769,"href":"https:\/\/www.elamazonico.com\/portal\/wp-json\/wp\/v2\/posts\/26767\/revisions\/26769"}],"wp:featuredmedia":[{"embeddable":true,"href":"https:\/\/www.elamazonico.com\/portal\/wp-json\/wp\/v2\/media\/26768"}],"wp:attachment":[{"href":"https:\/\/www.elamazonico.com\/portal\/wp-json\/wp\/v2\/media?parent=26767"}],"wp:term":[{"taxonomy":"category","embeddable":true,"href":"https:\/\/www.elamazonico.com\/portal\/wp-json\/wp\/v2\/categories?post=26767"},{"taxonomy":"post_tag","embeddable":true,"href":"https:\/\/www.elamazonico.com\/portal\/wp-json\/wp\/v2\/tags?post=26767"}],"curies":[{"name":"wp","href":"https:\/\/api.w.org\/{rel}","templated":true}]}}