{"id":26758,"date":"2025-10-01T14:26:58","date_gmt":"2025-10-01T19:26:58","guid":{"rendered":"https:\/\/www.elamazonico.com\/portal\/?p=26758"},"modified":"2025-10-01T14:26:58","modified_gmt":"2025-10-01T19:26:58","slug":"liberados-los-16-militares-retenidos-durante-el-paro-nacional","status":"publish","type":"post","link":"https:\/\/www.elamazonico.com\/portal\/liberados-los-16-militares-retenidos-durante-el-paro-nacional\/","title":{"rendered":"Liberados los 16 militares retenidos durante el paro nacional"},"content":{"rendered":"<div class=\"top md:col-span-2\">\n<div class=\"flex flex-wrap\">\n<div class=\"basis-full md:basis-2\/5 z-100 content-center p-1\">\n<div class=\"story-introtext afacad-flux font-light text-base md:ml-6 pb-2\">El Ministerio de Defensa confirm\u00f3 que los uniformados ya fueron liberados, aunque presentan lesiones y afectaciones en su salud.<\/div>\n<\/div>\n<\/div>\n<\/div>\n<div class=\"body md:order-3 afacad-flux font-normal text-lg px-2\">\n<div class=\"hidden md:block afacad-flux font-light text-sm md:text-base text-[#929497] border-b-1 border-b-gray-300 pb-2 mb-2\">El Ministerio de Defensa confirm\u00f3 la liberaci\u00f3n de los 16 militares retenidos durante las movilizaciones.<\/div>\n<p>El\u00a0<strong>ministro de Defensa, Gian Carlo Loffredo,<\/strong>\u00a0inform\u00f3 que los 16 militares que hab\u00edan sido retenidos en el marco del paro convocado por la Confederaci\u00f3n de Nacionalidades Ind\u00edgenas del Ecuador (Conaie) recuperaron su libertad. Sin embargo, las autoridades confirmaron que los uniformados presentan algunas heridas y complicaciones en su estado de salud.<\/p>\n<p>En una entrevista radial, Loffredo confirm\u00f3 que los militares secuestrados ya fueron recuperados y entregados la noche del martes 30 de septiembre de 2025.<\/p>\n<p>Tras su liberaci\u00f3n, se encuentran realizando un an\u00e1lisis m\u00e9dico para determinar su condici\u00f3n de salud. Seg\u00fan el ministro, los uniformados presentan lesiones como:\u00a0<strong>brazos y piernas fracturadas, cabezas rotas, contusiones, quemaduras\u00a0<\/strong>e incluso p\u00e9rdida del o\u00eddo por el uso de voladores.<\/p>\n<p>\u201cUno de nuestros soldados est\u00e1 totalmente desfigurado por el impacto de una roca y tiene fracturas maxilofaciales,\u201d precis\u00f3 Loffredo.<\/p>\n<p>Seg\u00fan el ministro los militares se encontraban en un convoy cuando fueron supuestamente secuestrados por manifestantes. Seg\u00fan las autoridades, los militares fueron trasladados en un hotel.<\/p>\n<h1><strong>Fuerzas Armadas presentaron una denuncia formal<\/strong><\/h1>\n<p>En un comunicado difundido en las redes sociales, las Fuerzas Armadas informaron sobre la presentaci\u00f3n de una\u00a0<strong>denuncia formal\u00a0<\/strong>ante la Fiscal\u00eda General del Estado (FGE) debido al presunto secuestro en el contexto del paro nacional.<\/p>\n<p>La denuncia fue interpuesta por personal militar de la Cuarta Divisi\u00f3n del Ej\u00e9rcito \u201cAmazonas\u201d y se refiere a militares retenidos en el sector de Cotacachi (provincia de Imbabura).<\/p>\n<p>Adem\u00e1s se conoce que la Fiscal\u00eda Especializada en Delincuencia Organizada Transnacional e Internacional (FEDOTI) asumi\u00f3 el caso y se ha delegado a la Polic\u00eda Nacional y la Unidad Nacional Antisecuestro y Extorsi\u00f3n (UNASE) realizar las investigaciones correspondientes.<\/p>\n<p>\u201cLas Fuerzas Armadas condenan en\u00e9rgicamente estos actos criminales que atentan contra la integridad de nuestros soldados,\u201d enfatiz\u00f3 el comunicado. <strong>Fuente: El Tel\u00e9grafo<\/strong><\/p>\n<\/div>\n","protected":false},"excerpt":{"rendered":"<p>El Ministerio de Defensa confirm\u00f3 que los uniformados ya fueron liberados, aunque presentan lesiones y afectaciones en su salud. El Ministerio de Defensa confirm\u00f3 la liberaci\u00f3n de los 16 militares retenidos durante las movilizaciones. El\u00a0ministro de Defensa, Gian Carlo Loffredo,\u00a0inform\u00f3 que los 16 militares que hab\u00edan sido retenidos en el marco del paro convocado por la Confederaci\u00f3n de Nacionalidades Ind\u00edgenas del Ecuador (Conaie) recuperaron su libertad. Sin embargo, las autoridades confirmaron que los uniformados presentan algunas heridas y complicaciones en su estado de salud. En una entrevista radial, Loffredo confirm\u00f3 que los militares secuestrados ya fueron recuperados y entregados la noche del martes 30 de septiembre de 2025. Tras su liberaci\u00f3n, se encuentran realizando un an\u00e1lisis m\u00e9dico para determinar su condici\u00f3n de salud. Seg\u00fan el ministro, los uniformados presentan lesiones como:\u00a0brazos y piernas fracturadas, cabezas rotas, contusiones, quemaduras\u00a0e incluso p\u00e9rdida del o\u00eddo por el uso de voladores. \u201cUno de nuestros soldados est\u00e1 totalmente desfigurado por el impacto de una roca y tiene fracturas maxilofaciales,\u201d precis\u00f3 Loffredo. Seg\u00fan el ministro los militares se encontraban en un convoy cuando fueron supuestamente secuestrados por manifestantes. Seg\u00fan las autoridades, los militares fueron trasladados en un hotel. Fuerzas Armadas presentaron una denuncia formal En un comunicado difundido en las redes sociales, las Fuerzas Armadas informaron sobre la presentaci\u00f3n de una\u00a0denuncia formal\u00a0ante la Fiscal\u00eda General del Estado (FGE) debido al presunto secuestro en el contexto del paro nacional. La denuncia fue interpuesta por personal militar de la Cuarta Divisi\u00f3n del Ej\u00e9rcito \u201cAmazonas\u201d y se refiere a militares retenidos en el sector de Cotacachi (provincia de Imbabura). Adem\u00e1s se conoce que la Fiscal\u00eda Especializada en Delincuencia Organizada Transnacional e Internacional (FEDOTI) asumi\u00f3 el caso y se ha delegado a la Polic\u00eda Nacional y la Unidad Nacional Antisecuestro y Extorsi\u00f3n (UNASE) realizar las investigaciones correspondientes. \u201cLas Fuerzas Armadas condenan en\u00e9rgicamente estos actos criminales que atentan contra la integridad de nuestros soldados,\u201d enfatiz\u00f3 el comunicado. Fuente: El Tel\u00e9grafo<\/p>\n","protected":false},"author":1,"featured_media":26759,"comment_status":"closed","ping_status":"closed","sticky":false,"template":"","format":"standard","meta":{"footnotes":""},"categories":[268],"tags":[],"class_list":["post-26758","post","type-post","status-publish","format-standard","has-post-thumbnail","hentry","category-nacionales"],"_links":{"self":[{"href":"https:\/\/www.elamazonico.com\/portal\/wp-json\/wp\/v2\/posts\/26758","targetHints":{"allow":["GET"]}}],"collection":[{"href":"https:\/\/www.elamazonico.com\/portal\/wp-json\/wp\/v2\/posts"}],"about":[{"href":"https:\/\/www.elamazonico.com\/portal\/wp-json\/wp\/v2\/types\/post"}],"author":[{"embeddable":true,"href":"https:\/\/www.elamazonico.com\/portal\/wp-json\/wp\/v2\/users\/1"}],"replies":[{"embeddable":true,"href":"https:\/\/www.elamazonico.com\/portal\/wp-json\/wp\/v2\/comments?post=26758"}],"version-history":[{"count":1,"href":"https:\/\/www.elamazonico.com\/portal\/wp-json\/wp\/v2\/posts\/26758\/revisions"}],"predecessor-version":[{"id":26760,"href":"https:\/\/www.elamazonico.com\/portal\/wp-json\/wp\/v2\/posts\/26758\/revisions\/26760"}],"wp:featuredmedia":[{"embeddable":true,"href":"https:\/\/www.elamazonico.com\/portal\/wp-json\/wp\/v2\/media\/26759"}],"wp:attachment":[{"href":"https:\/\/www.elamazonico.com\/portal\/wp-json\/wp\/v2\/media?parent=26758"}],"wp:term":[{"taxonomy":"category","embeddable":true,"href":"https:\/\/www.elamazonico.com\/portal\/wp-json\/wp\/v2\/categories?post=26758"},{"taxonomy":"post_tag","embeddable":true,"href":"https:\/\/www.elamazonico.com\/portal\/wp-json\/wp\/v2\/tags?post=26758"}],"curies":[{"name":"wp","href":"https:\/\/api.w.org\/{rel}","templated":true}]}}