{"id":26749,"date":"2025-10-01T04:30:55","date_gmt":"2025-10-01T09:30:55","guid":{"rendered":"https:\/\/www.elamazonico.com\/portal\/?p=26749"},"modified":"2025-09-30T20:52:23","modified_gmt":"2025-10-01T01:52:23","slug":"sociedad-patriotica-inaugura-nueva-sede-provincial-en-zamora-chinchipe-y-presenta-a-su-directiva-provisional","status":"publish","type":"post","link":"https:\/\/www.elamazonico.com\/portal\/sociedad-patriotica-inaugura-nueva-sede-provincial-en-zamora-chinchipe-y-presenta-a-su-directiva-provisional\/","title":{"rendered":"Sociedad Patri\u00f3tica inaugura nueva sede provincial en Zamora Chinchipe y presenta a su directiva provisional"},"content":{"rendered":"<p data-start=\"299\" data-end=\"595\">Zamora, 1 de octubre de 2025 \u2013 El pasado lunes, una delegada del Consejo Nacional Electoral (CNE) de Zamora Chinchipe visit\u00f3 la nueva sede provincial del <strong data-start=\"475\" data-end=\"506\">partido Sociedad Patri\u00f3tica<\/strong><strong> como un requisito dentro del proceso electoral<\/strong>, un hecho que marca el inicio de una nueva etapa pol\u00edtica en esta provincia amaz\u00f3nica.<\/p>\n<p data-start=\"597\" data-end=\"1193\">Este acto coincide con el recorrido nacional que realiza el <strong data-start=\"657\" data-end=\"699\">coronel y expresidente Lucio Guti\u00e9rrez<\/strong>, l\u00edder m\u00e1ximo del movimiento, quien visit\u00f3 Zamora Chinchipe con el prop\u00f3sito de fortalecer la estructura organizativa del partido en todas las provincias del pa\u00eds. Durante su estad\u00eda, Guti\u00e9rrez destac\u00f3 la relevancia de esta provincia, no solo por su <strong data-start=\"947\" data-end=\"975\">riqueza natural y minera<\/strong>, sino tambi\u00e9n por el significativo aporte que, a trav\u00e9s de la producci\u00f3n de oro y cobre, entrega al <strong data-start=\"1076\" data-end=\"1102\">Ministerio de Finanzas<\/strong> mediante la actividad de empresas como Lundin Gold en Los Encuentros y ECSA en Tundayme.<\/p>\n<p data-start=\"1195\" data-end=\"1533\">En el marco de este proceso de reestructuraci\u00f3n, se design\u00f3 de manera provisional a <strong data-start=\"1279\" data-end=\"1297\">Jeamphier Le\u00f3n<\/strong> como director provincial encargado. Su nombramiento ser\u00e1 ratificado en las pr\u00f3ximas semanas junto con la integraci\u00f3n de una directiva compuesta por j\u00f3venes y adultos, lo que permitir\u00e1 equilibrar experiencia y renovaci\u00f3n generacional.<\/p>\n<p data-start=\"1535\" data-end=\"1868\">Durante el encuentro, el expresidente Lucio Guti\u00e9rrez enfatiz\u00f3 que Sociedad Patri\u00f3tica no impone candidaturas, sino que promueve la libertad de decisi\u00f3n en cada provincia. Subray\u00f3 que el \u00fanico requisito para quienes aspiren a representar al partido es <strong data-start=\"1787\" data-end=\"1865\">no estar involucrados en actos de corrupci\u00f3n ni tener problemas judiciales<\/strong>:<\/p>\n<p data-start=\"1871\" data-end=\"1978\">\u201cNecesitamos gente que aporte con valores y principios, no ma\u00f1osos corruptos\u201d, expres\u00f3 el l\u00edder pol\u00edtico.<\/p>\n<p data-start=\"1980\" data-end=\"2202\">Por su parte, <strong data-start=\"1994\" data-end=\"2012\">Jeamphier Le\u00f3n<\/strong> manifest\u00f3 sentirse honrado por la confianza depositada en su liderazgo y comprometido con trabajar en un modelo de pol\u00edtica responsable, cimentada en el respeto, los valores y la palabra:<\/p>\n<p data-start=\"2205\" data-end=\"2537\">\u201cZamora necesita un nuevo rumbo. Queremos dejar atr\u00e1s la politiquer\u00eda y construir desde nuestras realidades locales un proyecto de desarrollo que nos proyecte a 25 o 30 a\u00f1os. Caso contrario, seremos una ciudad de paso; este cant\u00f3n requiere l\u00edderes que gestionen para el progreso de la gente y no para sus bolsillos\u201d, se\u00f1al\u00f3 Le\u00f3n.<\/p>\n<p data-start=\"2539\" data-end=\"2985\">Asimismo, invit\u00f3 a los simpatizantes, adherentes y ciudadanos interesados en sumarse a este proyecto pol\u00edtico a acercarse a la nueva sede en la ciudad de Zamora, ubicada en la <strong data-start=\"2715\" data-end=\"2775\">calle Garc\u00eda Moreno, entre P\u00edo Jaramillo y 12 de Febrero<\/strong>. All\u00ed se desarrollar\u00e1n procesos de di\u00e1logo y construcci\u00f3n colectiva con miras a las pr\u00f3ximas elecciones seccionales, en las que Sociedad Patri\u00f3tica busca consolidar liderazgos en cada cant\u00f3n de la provincia.<\/p>\n<p data-start=\"2987\" data-end=\"3332\">Con esta apertura, Sociedad Patri\u00f3tica ratifica su compromiso de <strong data-start=\"3052\" data-end=\"3093\">impulsar un modelo pol\u00edtico renovador<\/strong>, que priorice las necesidades de la poblaci\u00f3n zamorana chinchipense, genere oportunidades y promueva la unidad para superar el estancamiento en el que, seg\u00fan los dirigentes, ha permanecido la capital provincial durante los \u00faltimos a\u00f1os.<\/p>\n","protected":false},"excerpt":{"rendered":"<p>Zamora, 1 de octubre de 2025 \u2013 El pasado lunes, una delegada del Consejo Nacional Electoral (CNE) de Zamora Chinchipe visit\u00f3 la nueva sede provincial del partido Sociedad Patri\u00f3tica como un requisito dentro del proceso electoral, un hecho que marca el inicio de una nueva etapa pol\u00edtica en esta provincia amaz\u00f3nica. Este acto coincide con el recorrido nacional que realiza el coronel y expresidente Lucio Guti\u00e9rrez, l\u00edder m\u00e1ximo del movimiento, quien visit\u00f3 Zamora Chinchipe con el prop\u00f3sito de fortalecer la estructura organizativa del partido en todas las provincias del pa\u00eds. Durante su estad\u00eda, Guti\u00e9rrez destac\u00f3 la relevancia de esta provincia, no solo por su riqueza natural y minera, sino tambi\u00e9n por el significativo aporte que, a trav\u00e9s de la producci\u00f3n de oro y cobre, entrega al Ministerio de Finanzas mediante la actividad de empresas como Lundin Gold en Los Encuentros y ECSA en Tundayme. En el marco de este proceso de reestructuraci\u00f3n, se design\u00f3 de manera provisional a Jeamphier Le\u00f3n como director provincial encargado. Su nombramiento ser\u00e1 ratificado en las pr\u00f3ximas semanas junto con la integraci\u00f3n de una directiva compuesta por j\u00f3venes y adultos, lo que permitir\u00e1 equilibrar experiencia y renovaci\u00f3n generacional. Durante el encuentro, el expresidente Lucio Guti\u00e9rrez enfatiz\u00f3 que Sociedad Patri\u00f3tica no impone candidaturas, sino que promueve la libertad de decisi\u00f3n en cada provincia. Subray\u00f3 que el \u00fanico requisito para quienes aspiren a representar al partido es no estar involucrados en actos de corrupci\u00f3n ni tener problemas judiciales: \u201cNecesitamos gente que aporte con valores y principios, no ma\u00f1osos corruptos\u201d, expres\u00f3 el l\u00edder pol\u00edtico. Por su parte, Jeamphier Le\u00f3n manifest\u00f3 sentirse honrado por la confianza depositada en su liderazgo y comprometido con trabajar en un modelo de pol\u00edtica responsable, cimentada en el respeto, los valores y la palabra: \u201cZamora necesita un nuevo rumbo. Queremos dejar atr\u00e1s la politiquer\u00eda y construir desde nuestras realidades locales un proyecto de desarrollo que nos proyecte a 25 o 30 a\u00f1os. Caso contrario, seremos una ciudad de paso; este cant\u00f3n requiere l\u00edderes que gestionen para el progreso de la gente y no para sus bolsillos\u201d, se\u00f1al\u00f3 Le\u00f3n. Asimismo, invit\u00f3 a los simpatizantes, adherentes y ciudadanos interesados en sumarse a este proyecto pol\u00edtico a acercarse a la nueva sede en la ciudad de Zamora, ubicada en la calle Garc\u00eda Moreno, entre P\u00edo Jaramillo y 12 de Febrero. All\u00ed se desarrollar\u00e1n procesos de di\u00e1logo y construcci\u00f3n colectiva con miras a las pr\u00f3ximas elecciones seccionales, en las que Sociedad Patri\u00f3tica busca consolidar liderazgos en cada cant\u00f3n de la provincia. Con esta apertura, Sociedad Patri\u00f3tica ratifica su compromiso de impulsar un modelo pol\u00edtico renovador, que priorice las necesidades de la poblaci\u00f3n zamorana chinchipense, genere oportunidades y promueva la unidad para superar el estancamiento en el que, seg\u00fan los dirigentes, ha permanecido la capital provincial durante los \u00faltimos a\u00f1os.<\/p>\n","protected":false},"author":1,"featured_media":26750,"comment_status":"closed","ping_status":"closed","sticky":false,"template":"","format":"standard","meta":{"footnotes":""},"categories":[243],"tags":[],"class_list":["post-26749","post","type-post","status-publish","format-standard","has-post-thumbnail","hentry","category-noticias-zamora"],"_links":{"self":[{"href":"https:\/\/www.elamazonico.com\/portal\/wp-json\/wp\/v2\/posts\/26749","targetHints":{"allow":["GET"]}}],"collection":[{"href":"https:\/\/www.elamazonico.com\/portal\/wp-json\/wp\/v2\/posts"}],"about":[{"href":"https:\/\/www.elamazonico.com\/portal\/wp-json\/wp\/v2\/types\/post"}],"author":[{"embeddable":true,"href":"https:\/\/www.elamazonico.com\/portal\/wp-json\/wp\/v2\/users\/1"}],"replies":[{"embeddable":true,"href":"https:\/\/www.elamazonico.com\/portal\/wp-json\/wp\/v2\/comments?post=26749"}],"version-history":[{"count":1,"href":"https:\/\/www.elamazonico.com\/portal\/wp-json\/wp\/v2\/posts\/26749\/revisions"}],"predecessor-version":[{"id":26751,"href":"https:\/\/www.elamazonico.com\/portal\/wp-json\/wp\/v2\/posts\/26749\/revisions\/26751"}],"wp:featuredmedia":[{"embeddable":true,"href":"https:\/\/www.elamazonico.com\/portal\/wp-json\/wp\/v2\/media\/26750"}],"wp:attachment":[{"href":"https:\/\/www.elamazonico.com\/portal\/wp-json\/wp\/v2\/media?parent=26749"}],"wp:term":[{"taxonomy":"category","embeddable":true,"href":"https:\/\/www.elamazonico.com\/portal\/wp-json\/wp\/v2\/categories?post=26749"},{"taxonomy":"post_tag","embeddable":true,"href":"https:\/\/www.elamazonico.com\/portal\/wp-json\/wp\/v2\/tags?post=26749"}],"curies":[{"name":"wp","href":"https:\/\/api.w.org\/{rel}","templated":true}]}}