{"id":26746,"date":"2025-09-30T19:30:49","date_gmt":"2025-10-01T00:30:49","guid":{"rendered":"https:\/\/www.elamazonico.com\/portal\/?p=26746"},"modified":"2025-09-30T19:30:49","modified_gmt":"2025-10-01T00:30:49","slug":"revelan-detalles-de-la-autopsia-de-efrain-fuerez-primer-manifestante-fallecido-durante-el-paro-nacional-2025","status":"publish","type":"post","link":"https:\/\/www.elamazonico.com\/portal\/revelan-detalles-de-la-autopsia-de-efrain-fuerez-primer-manifestante-fallecido-durante-el-paro-nacional-2025\/","title":{"rendered":"Revelan detalles de la autopsia de Efra\u00edn Fuerez, primer manifestante fallecido durante el Paro Nacional 2025"},"content":{"rendered":"<div class=\"paragraph texto\">\n<p class=\"p_0\"><b>Este lunes se realiz\u00f3 en la ciudad de Ibarra, en Imbabura, la autopsia de Efra\u00edn Fuerez, el primer manifestante fallecido durante el paro nacional convocado el pasado 18 de septiembre por la Confederaci\u00f3n de Nacionalidades Ind\u00edgenas del Ecuador (<a href=\"https:\/\/www.vistazo.com\/cronologia\/-\/meta\/conaie\">CONAIE<\/a>), en protesta contra la eliminaci\u00f3n del subsidio al di\u00e9sel.<\/b><\/p>\n<p class=\"p_2\">La muerte del comunero kichwa, de 47 a\u00f1os, ocurri\u00f3 este domingo durante una manifestaci\u00f3n en Cotacachi, en un tramo de la\u00a0<b>carretera E35 de la provincia de Imbabura<\/b>, donde se han registrado los\u00a0<b>episodios m\u00e1s violentos de las protestas\u00a0<\/b>y la mayor cantidad de bloqueos.<\/p>\n<p class=\"p_3\">En un video difundido por la CONAIE y viralizado en redes sociales, se observa\u00a0<b>el momento en que Fuerez colapsa en plena calle<\/b>, poco despu\u00e9s de que decenas de manifestantes se dispersan ante la llegada de tanquetas militares. A su lado permanece un hombre que\u00a0<b>intenta auxiliarlo\u00a0<\/b>y que es golpeado por uniformados, quienes luego\u00a0<b>se retiran r\u00e1pidamente<\/b>.<\/p>\n<div class=\"Center2Display\">\n<div id=\"Center2\">La Fundaci\u00f3n Regional de Asesor\u00eda en Derechos Humanos (<b>INREDH<\/b>) fungi\u00f3 como veedora de la autopsia. En una entrevista con la periodista<b>\u00a0Karol Noro\u00f1a<\/b>, la presidente de la organizaci\u00f3n,\u00a0<b>Diana Le\u00f3n<\/b>, dio detalles sobre la\u00a0<b>causa de la muerte de Fuerez<\/b>.<\/div>\n<\/div>\n<\/div>\n<div class=\"Citavistazo\">\u201cLa salida del proyectil es por la parte de adelante, el lado izquierdo, si del pecho, no hubo una afectaci\u00f3n al coraz\u00f3n, sino al pulm\u00f3n, fractura de una de las costillas al momento de salir el impacto de bala. Se encontraron 4 fragmentos de los restantes del arma de fuego\u201d, declar\u00f3 la abogada, precisando que se trata de informaci\u00f3n preliminar.<\/div>\n<div class=\"paragraph texto\">\n<p class=\"p_5\">INREDH adelant\u00f3 que a\u00fan deben emitirse los resultados de pericias m\u00e1s especializadas. De esta manera, se podr\u00e1 determinar con exactitud\u00a0<b>la causa de la muerte, la trayectoria del disparo que impact\u00f3 a Fuerez y el tipo de proyectil.<\/b><\/p>\n<\/div>\n<div class=\"multimediaMacroWrapper img lateral\">\n<figure class=\"contentMedia art-img\">\n<div><img fetchpriority=\"high\" decoding=\"async\" class=\" lazyloaded\" title=\"Personas bloquean una v\u00eda durante una manifestaci\u00f3n el pasado mi\u00e9rcoles, en Otavalo.\" src=\"https:\/\/www.vistazo.com\/placeholder\/svg\/viewbox\/768x512\" sizes=\"100vw\" srcset=\"\/\/www.vistazo.com\/binrepository\/768x512\/0c0\/0d0\/none\/12727\/VYYO\/8051a310622183a33534437aaf71d18a473b1_2449685_20250930170213.jpg 768w,\/\/www.vistazo.com\/binrepository\/640x427\/0c0\/0d0\/none\/12727\/VYYC\/8051a310622183a33534437aaf71d18a473b1_2449685_20250930170213.jpg 640w,\/\/www.vistazo.com\/binrepository\/512x341\/0c0\/0d0\/none\/12727\/VYYB\/8051a310622183a33534437aaf71d18a473b1_2449685_20250930170213.jpg 512w,\/\/www.vistazo.com\/binrepository\/384x256\/0c0\/0d0\/none\/12727\/VYYP\/8051a310622183a33534437aaf71d18a473b1_2449685_20250930170213.jpg 384w,\/\/www.vistazo.com\/binrepository\/300x200\/0c0\/0d0\/none\/12727\/VYYA\/8051a310622183a33534437aaf71d18a473b1_2449685_20250930170213.jpg 300w\" alt=\"$!Personas bloquean una v\u00eda durante una manifestaci\u00f3n el pasado mi\u00e9rcoles, en Otavalo.\" width=\"768\" height=\"512\" data-srcset=\"\/\/www.vistazo.com\/binrepository\/768x512\/0c0\/0d0\/none\/12727\/VYYO\/8051a310622183a33534437aaf71d18a473b1_2449685_20250930170213.jpg 768w,\/\/www.vistazo.com\/binrepository\/640x427\/0c0\/0d0\/none\/12727\/VYYC\/8051a310622183a33534437aaf71d18a473b1_2449685_20250930170213.jpg 640w,\/\/www.vistazo.com\/binrepository\/512x341\/0c0\/0d0\/none\/12727\/VYYB\/8051a310622183a33534437aaf71d18a473b1_2449685_20250930170213.jpg 512w,\/\/www.vistazo.com\/binrepository\/384x256\/0c0\/0d0\/none\/12727\/VYYP\/8051a310622183a33534437aaf71d18a473b1_2449685_20250930170213.jpg 384w,\/\/www.vistazo.com\/binrepository\/300x200\/0c0\/0d0\/none\/12727\/VYYA\/8051a310622183a33534437aaf71d18a473b1_2449685_20250930170213.jpg 300w\" \/><\/div>\n<div class=\"cutline-byline\"><span class=\"cutline-text\">Personas bloquean una v\u00eda durante una manifestaci\u00f3n el pasado mi\u00e9rcoles, en Otavalo.<\/span>\u00a0<span class=\"byline-image\">(JOS\u00c9 J\u00c1COME \/ EFE)<\/span><\/div>\n<\/figure>\n<\/div>\n<div class=\"paragraph texto\">\n<p class=\"p_6\">La tarde de este martes, familiares y amigos de Fuerez acompa\u00f1aron su f\u00e9retro desde la comunidad de Cuicocha, en Imbabura, donde fue velado, hacia el cementerio de la parroquia Quiroga, para<b>\u00a0llevar a cabo su entierro.<\/b><\/p>\n<\/div>\n<div class=\"paragraph texto\">\n<p class=\"p_7\">Hasta entonces, el punto \u00e1lgido de las manifestaciones hab\u00eda sido la\u00a0<b>destrucci\u00f3n de un destacamento de la Polic\u00eda Judicial en la ciudad de Otavalo<\/b>, hecho ocurrido el pasado lunes que dej\u00f3 a dos militares heridos. Por presuntamente incendiar el edificio, doce personas fueron detenidas la semana pasada e imputadas con cargos de terrorismo.<\/p>\n<\/div>\n<div class=\"multimediaMacroWrapper img lateral\">\n<figure class=\"contentMedia art-img\">\n<div><img decoding=\"async\" class=\" lazyloaded\" title=\"Allegados de Efra\u00edn Fuerez cargan su ata\u00fad.\" src=\"https:\/\/www.vistazo.com\/placeholder\/svg\/viewbox\/768x541\" sizes=\"100vw\" srcset=\"\/\/www.vistazo.com\/binrepository\/768x541\/0c0\/0d0\/none\/12727\/GCDI\/20250930192291-luis-efrain-fuerez-bon_2449742_20250930172031.jpg 768w,\/\/www.vistazo.com\/binrepository\/640x451\/0c0\/0d0\/none\/12727\/GCDD\/20250930192291-luis-efrain-fuerez-bon_2449742_20250930172031.jpg 640w,\/\/www.vistazo.com\/binrepository\/512x361\/0c0\/0d0\/none\/12727\/GCDD\/20250930192291-luis-efrain-fuerez-bon_2449742_20250930172031.jpg 512w,\/\/www.vistazo.com\/binrepository\/384x271\/0c0\/0d0\/none\/12727\/GCDK\/20250930192291-luis-efrain-fuerez-bon_2449742_20250930172031.jpg 384w,\/\/www.vistazo.com\/binrepository\/300x211\/0c0\/0d0\/none\/12727\/GCDA\/20250930192291-luis-efrain-fuerez-bon_2449742_20250930172031.jpg 300w\" alt=\"$!Allegados de Efra\u00edn Fuerez cargan su ata\u00fad.\" width=\"768\" height=\"541\" data-srcset=\"\/\/www.vistazo.com\/binrepository\/768x541\/0c0\/0d0\/none\/12727\/GCDI\/20250930192291-luis-efrain-fuerez-bon_2449742_20250930172031.jpg 768w,\/\/www.vistazo.com\/binrepository\/640x451\/0c0\/0d0\/none\/12727\/GCDD\/20250930192291-luis-efrain-fuerez-bon_2449742_20250930172031.jpg 640w,\/\/www.vistazo.com\/binrepository\/512x361\/0c0\/0d0\/none\/12727\/GCDD\/20250930192291-luis-efrain-fuerez-bon_2449742_20250930172031.jpg 512w,\/\/www.vistazo.com\/binrepository\/384x271\/0c0\/0d0\/none\/12727\/GCDK\/20250930192291-luis-efrain-fuerez-bon_2449742_20250930172031.jpg 384w,\/\/www.vistazo.com\/binrepository\/300x211\/0c0\/0d0\/none\/12727\/GCDA\/20250930192291-luis-efrain-fuerez-bon_2449742_20250930172031.jpg 300w\" \/><\/div>\n<div class=\"cutline-byline\"><span class=\"cutline-text\">Allegados de Efra\u00edn Fuerez cargan su ata\u00fad.<\/span>\u00a0<span class=\"byline-image\">(Sebasti\u00e1n Echeverr\u00eda)<\/span><\/div>\n<\/figure>\n<\/div>\n<div class=\"paragraph texto\">\n<p class=\"p_8\">Al anunciar la muerte del comunero,\u00a0<b>la CONAIE responsabiliz\u00f3 por la el hecho al mandatario de Ecuador, Daniel Noboa.<\/b>\u00a0En adici\u00f3n, el presidente del movimiento ind\u00edgena, Marlon Vargas, acudi\u00f3 este martes al Palacio Legislativo para pedir a la Asamblea Nacional que enjuicie pol\u00edticamente a los ministros de Defensa, Gian Carlo Loffredo, y del Interior, John Reimberg, por su actuaci\u00f3n en el marco de las manifestaciones, en las que m\u00e1s de un centenar de personas han sido detenidos y 17 militares retenidos.<\/p>\n<\/div>\n<h2 class=\"h2vistazo\">Investigaci\u00f3n de la Fiscal\u00eda<\/h2>\n<div class=\"paragraph texto\">\n<p class=\"p_9\">Tras registrarse el\u00a0<b>fallecimiento<\/b>, servidores de la\u00a0<b>Fiscal\u00eda General del Estado\u00a0<\/b>se trasladaron al lugar de los hechos para proceder con el levantamiento del cad\u00e1ver y realizar las diligencias correspondientes.<\/p>\n<p class=\"p_11\">El Ministerio P\u00fablico abri\u00f3 de oficio una investigaci\u00f3n previa por presunto uso ileg\u00edtimo de la fuerza. Seg\u00fan la instituci\u00f3n, el proceso ser\u00e1 llevado, con base en protocolos internacionales, desde su<b>\u00a0Unidad Especializada en la Investigaci\u00f3n del Uso Ileg\u00edtimo de la Fuerza.<\/b><\/p>\n<p class=\"p_12\">La CONAIE, que considera el hecho violento como un<b>\u00a0crimen de Estado<\/b>, ha exigido celeridad en las investigaciones y elev\u00f3 un pedido a la<b>\u00a0Organizaci\u00f3n de las Naciones Unidas (ONU)<\/b> para que vigile el procedimiento. <strong>Fuente: Vistazo<\/strong><\/p>\n<\/div>\n","protected":false},"excerpt":{"rendered":"<p>Este lunes se realiz\u00f3 en la ciudad de Ibarra, en Imbabura, la autopsia de Efra\u00edn Fuerez, el primer manifestante fallecido durante el paro nacional convocado el pasado 18 de septiembre por la Confederaci\u00f3n de Nacionalidades Ind\u00edgenas del Ecuador (CONAIE), en protesta contra la eliminaci\u00f3n del subsidio al di\u00e9sel. La muerte del comunero kichwa, de 47 a\u00f1os, ocurri\u00f3 este domingo durante una manifestaci\u00f3n en Cotacachi, en un tramo de la\u00a0carretera E35 de la provincia de Imbabura, donde se han registrado los\u00a0episodios m\u00e1s violentos de las protestas\u00a0y la mayor cantidad de bloqueos. En un video difundido por la CONAIE y viralizado en redes sociales, se observa\u00a0el momento en que Fuerez colapsa en plena calle, poco despu\u00e9s de que decenas de manifestantes se dispersan ante la llegada de tanquetas militares. A su lado permanece un hombre que\u00a0intenta auxiliarlo\u00a0y que es golpeado por uniformados, quienes luego\u00a0se retiran r\u00e1pidamente. La Fundaci\u00f3n Regional de Asesor\u00eda en Derechos Humanos (INREDH) fungi\u00f3 como veedora de la autopsia. En una entrevista con la periodista\u00a0Karol Noro\u00f1a, la presidente de la organizaci\u00f3n,\u00a0Diana Le\u00f3n, dio detalles sobre la\u00a0causa de la muerte de Fuerez. \u201cLa salida del proyectil es por la parte de adelante, el lado izquierdo, si del pecho, no hubo una afectaci\u00f3n al coraz\u00f3n, sino al pulm\u00f3n, fractura de una de las costillas al momento de salir el impacto de bala. Se encontraron 4 fragmentos de los restantes del arma de fuego\u201d, declar\u00f3 la abogada, precisando que se trata de informaci\u00f3n preliminar. INREDH adelant\u00f3 que a\u00fan deben emitirse los resultados de pericias m\u00e1s especializadas. De esta manera, se podr\u00e1 determinar con exactitud\u00a0la causa de la muerte, la trayectoria del disparo que impact\u00f3 a Fuerez y el tipo de proyectil. Personas bloquean una v\u00eda durante una manifestaci\u00f3n el pasado mi\u00e9rcoles, en Otavalo.\u00a0(JOS\u00c9 J\u00c1COME \/ EFE) La tarde de este martes, familiares y amigos de Fuerez acompa\u00f1aron su f\u00e9retro desde la comunidad de Cuicocha, en Imbabura, donde fue velado, hacia el cementerio de la parroquia Quiroga, para\u00a0llevar a cabo su entierro. Hasta entonces, el punto \u00e1lgido de las manifestaciones hab\u00eda sido la\u00a0destrucci\u00f3n de un destacamento de la Polic\u00eda Judicial en la ciudad de Otavalo, hecho ocurrido el pasado lunes que dej\u00f3 a dos militares heridos. Por presuntamente incendiar el edificio, doce personas fueron detenidas la semana pasada e imputadas con cargos de terrorismo. Allegados de Efra\u00edn Fuerez cargan su ata\u00fad.\u00a0(Sebasti\u00e1n Echeverr\u00eda) Al anunciar la muerte del comunero,\u00a0la CONAIE responsabiliz\u00f3 por la el hecho al mandatario de Ecuador, Daniel Noboa.\u00a0En adici\u00f3n, el presidente del movimiento ind\u00edgena, Marlon Vargas, acudi\u00f3 este martes al Palacio Legislativo para pedir a la Asamblea Nacional que enjuicie pol\u00edticamente a los ministros de Defensa, Gian Carlo Loffredo, y del Interior, John Reimberg, por su actuaci\u00f3n en el marco de las manifestaciones, en las que m\u00e1s de un centenar de personas han sido detenidos y 17 militares retenidos. Investigaci\u00f3n de la Fiscal\u00eda Tras registrarse el\u00a0fallecimiento, servidores de la\u00a0Fiscal\u00eda General del Estado\u00a0se trasladaron al lugar de los hechos para proceder con el levantamiento del cad\u00e1ver y realizar las diligencias correspondientes. El Ministerio P\u00fablico abri\u00f3 de oficio una investigaci\u00f3n previa por presunto uso ileg\u00edtimo de la fuerza. Seg\u00fan la instituci\u00f3n, el proceso ser\u00e1 llevado, con base en protocolos internacionales, desde su\u00a0Unidad Especializada en la Investigaci\u00f3n del Uso Ileg\u00edtimo de la Fuerza. La CONAIE, que considera el hecho violento como un\u00a0crimen de Estado, ha exigido celeridad en las investigaciones y elev\u00f3 un pedido a la\u00a0Organizaci\u00f3n de las Naciones Unidas (ONU) para que vigile el procedimiento. Fuente: Vistazo<\/p>\n","protected":false},"author":1,"featured_media":26747,"comment_status":"closed","ping_status":"closed","sticky":false,"template":"","format":"standard","meta":{"footnotes":""},"categories":[268],"tags":[],"class_list":["post-26746","post","type-post","status-publish","format-standard","has-post-thumbnail","hentry","category-nacionales"],"_links":{"self":[{"href":"https:\/\/www.elamazonico.com\/portal\/wp-json\/wp\/v2\/posts\/26746","targetHints":{"allow":["GET"]}}],"collection":[{"href":"https:\/\/www.elamazonico.com\/portal\/wp-json\/wp\/v2\/posts"}],"about":[{"href":"https:\/\/www.elamazonico.com\/portal\/wp-json\/wp\/v2\/types\/post"}],"author":[{"embeddable":true,"href":"https:\/\/www.elamazonico.com\/portal\/wp-json\/wp\/v2\/users\/1"}],"replies":[{"embeddable":true,"href":"https:\/\/www.elamazonico.com\/portal\/wp-json\/wp\/v2\/comments?post=26746"}],"version-history":[{"count":1,"href":"https:\/\/www.elamazonico.com\/portal\/wp-json\/wp\/v2\/posts\/26746\/revisions"}],"predecessor-version":[{"id":26748,"href":"https:\/\/www.elamazonico.com\/portal\/wp-json\/wp\/v2\/posts\/26746\/revisions\/26748"}],"wp:featuredmedia":[{"embeddable":true,"href":"https:\/\/www.elamazonico.com\/portal\/wp-json\/wp\/v2\/media\/26747"}],"wp:attachment":[{"href":"https:\/\/www.elamazonico.com\/portal\/wp-json\/wp\/v2\/media?parent=26746"}],"wp:term":[{"taxonomy":"category","embeddable":true,"href":"https:\/\/www.elamazonico.com\/portal\/wp-json\/wp\/v2\/categories?post=26746"},{"taxonomy":"post_tag","embeddable":true,"href":"https:\/\/www.elamazonico.com\/portal\/wp-json\/wp\/v2\/tags?post=26746"}],"curies":[{"name":"wp","href":"https:\/\/api.w.org\/{rel}","templated":true}]}}