{"id":26734,"date":"2025-09-30T17:01:11","date_gmt":"2025-09-30T22:01:11","guid":{"rendered":"https:\/\/www.elamazonico.com\/portal\/?p=26734"},"modified":"2025-09-30T17:01:11","modified_gmt":"2025-09-30T22:01:11","slug":"luisa-gonzalez-y-el-correismo-apoyan-el-paro-nacional-si-requieren-abogados-o-alimentacion-aqui-estamos","status":"publish","type":"post","link":"https:\/\/www.elamazonico.com\/portal\/luisa-gonzalez-y-el-correismo-apoyan-el-paro-nacional-si-requieren-abogados-o-alimentacion-aqui-estamos\/","title":{"rendered":"Luisa Gonz\u00e1lez y el corre\u00edsmo apoyan el paro nacional: &#8216;Si requieren abogados o alimentaci\u00f3n, aqu\u00ed estamos&#8217;"},"content":{"rendered":"<div class=\"paragraph texto\">\n<p class=\"p_0\"><b><a href=\"https:\/\/www.vistazo.com\/politica\/nacional\/luisa-gonzalez-no-sera-candidata-a-la-presidencia-del-movimiento-revolucion-ciudadana-CF10151524\">Luisa Gonz\u00e1lez<\/a><\/b>, presidenta de la Revoluci\u00f3n Ciudadana (RC),\u00a0<u><b>ofreci\u00f3 su respaldo y el de su organizaci\u00f3n\u00a0<\/b><\/u>a los manifestantes que han salido a protestar en las \u00faltimas semanas en contra del Gobierno de Daniel Noboa.<\/p>\n<p class=\"p_1\">\u201cSi requieren abogados, aqu\u00ed estamos, si requieren alimentaci\u00f3n, aqu\u00ed estamos, y para lo que se requiera\u00a0<u><b>estaremos con ustedes en la lucha pac\u00edfica del pueblo<\/b><\/u>\u201d, asegur\u00f3 la excandidata presidencial este martes 30 de septiembre.<\/p>\n<p class=\"p_3\">La RC hab\u00eda convocado a una rueda de prensa para hablar de su\u00a0<b><a href=\"https:\/\/www.vistazo.com\/politica\/nacional\/2025-09-30-revolucion-ciudadana-fuera-campana-referendum-rafael-correa-PC10210197\">exclusi\u00f3n en la campa\u00f1a\u00a0<\/a><\/b>para el refer\u00e9ndum y consulta popular de noviembre pr\u00f3ximo.<\/p>\n<div class=\"Center2Display\">\n<div id=\"Center2\">Sin embargo, Gonz\u00e1lez aprovech\u00f3 para referirse al paro nacional convocado por la Confederaci\u00f3n de Nacionalidades Ind\u00edgenas del Ecuador (<b>Conaie<\/b>) y otros colectivos sociales e ind\u00edgenas. Las manifestaciones han provocado una\u00a0<u><b>paralizaci\u00f3n total de la provincia de Imbabura<\/b><\/u>, por los cierres en las principales v\u00edas de acceso.<\/div>\n<\/div>\n<p class=\"p_5\">Ante esta situaci\u00f3n la presidenta de la RC ofreci\u00f3 el respaldo de la organizaci\u00f3n:<\/p>\n<\/div>\n<div class=\"Citavistazo\">\u201cSi se requiere que salga la militancia de la Revoluci\u00f3n Ciudadana, saldr\u00e1 y nuestra militancia es libre de unirse a toda protesta social\u201d.<\/div>\n<div class=\"multimediaMacroWrapper img lateral\">\n<figure class=\"contentMedia art-img\">\n<div><img fetchpriority=\"high\" decoding=\"async\" class=\" lazyloaded\" title=\"Rueda de prensa de la Revoluci\u00f3n Ciudadana.\" src=\"https:\/\/www.vistazo.com\/placeholder\/svg\/viewbox\/768x512\" sizes=\"100vw\" srcset=\"\/\/www.vistazo.com\/binrepository\/768x512\/0c0\/0d0\/none\/12727\/FYUY\/20250930192257-luisa-gonzalaez-y-rc_2449419_20250930153638.jpg 768w,\/\/www.vistazo.com\/binrepository\/640x427\/0c0\/0d0\/none\/12727\/FYUM\/20250930192257-luisa-gonzalaez-y-rc_2449419_20250930153638.jpg 640w,\/\/www.vistazo.com\/binrepository\/512x341\/0c0\/0d0\/none\/12727\/FYUP\/20250930192257-luisa-gonzalaez-y-rc_2449419_20250930153638.jpg 512w,\/\/www.vistazo.com\/binrepository\/384x256\/0c0\/0d0\/none\/12727\/FYUA\/20250930192257-luisa-gonzalaez-y-rc_2449419_20250930153638.jpg 384w,\/\/www.vistazo.com\/binrepository\/300x200\/0c0\/0d0\/none\/12727\/FYUO\/20250930192257-luisa-gonzalaez-y-rc_2449419_20250930153638.jpg 300w\" alt=\"$!Rueda de prensa de la Revoluci\u00f3n Ciudadana.\" width=\"768\" height=\"512\" data-srcset=\"\/\/www.vistazo.com\/binrepository\/768x512\/0c0\/0d0\/none\/12727\/FYUY\/20250930192257-luisa-gonzalaez-y-rc_2449419_20250930153638.jpg 768w,\/\/www.vistazo.com\/binrepository\/640x427\/0c0\/0d0\/none\/12727\/FYUM\/20250930192257-luisa-gonzalaez-y-rc_2449419_20250930153638.jpg 640w,\/\/www.vistazo.com\/binrepository\/512x341\/0c0\/0d0\/none\/12727\/FYUP\/20250930192257-luisa-gonzalaez-y-rc_2449419_20250930153638.jpg 512w,\/\/www.vistazo.com\/binrepository\/384x256\/0c0\/0d0\/none\/12727\/FYUA\/20250930192257-luisa-gonzalaez-y-rc_2449419_20250930153638.jpg 384w,\/\/www.vistazo.com\/binrepository\/300x200\/0c0\/0d0\/none\/12727\/FYUO\/20250930192257-luisa-gonzalaez-y-rc_2449419_20250930153638.jpg 300w\" \/><\/div>\n<div class=\"cutline-byline\"><span class=\"cutline-text\">Rueda de prensa de la Revoluci\u00f3n Ciudadana.\u00a0<\/span><span class=\"byline-image\">(ROLANDO ENRIQUEZ)<\/span><\/div>\n<\/figure>\n<\/div>\n<h2 class=\"h2vistazo\">MENSAJE PARA DANIEL NOBOA<\/h2>\n<div class=\"paragraph texto\">\n<p class=\"p_7\">Gonz\u00e1lez tambi\u00e9n se dirigi\u00f3 al presidente\u00a0<b>Daniel Noboa<\/b>\u00a0luego de que autoridades locales, sobre todo de la provincia de Imbabura,\u00a0<u>denunciaran que sus cuentas bancarias fueron bloqueadas.<\/u><\/p>\n<\/div>\n<div class=\"Citavistazo\">\u201cAqu\u00ed est\u00e1 Luisa Gonz\u00e1lez, yo soy la presidenta de esta organizaci\u00f3n. \u00bfQuiere perseguir a alguien? No persiga a mis compa\u00f1eros, aqu\u00ed estoy yo para representarlos a ellos\u201d, apunt\u00f3 la pol\u00edtica.<\/div>\n<div class=\"paragraph texto\">\n<p class=\"p_8\">Y luego reiter\u00f3:\u00a0<u>\u201c\u00bfQuiere venir por alguien? Aqu\u00ed lo espero, no le tengo miedo\u201d.<\/u><\/p>\n<p class=\"p_9\">Las manifestaciones en Ecuador est\u00e1n lideradas por la Conaie, organizaci\u00f3n que exige la eliminaci\u00f3n del subsidio al di\u00e9sel y otras nueve peticiones. Durante las jornadas de protestas,\u00a0<u><b>los ind\u00edgenas han denunciado represi\u00f3n policial.<\/b><\/u><\/p>\n<p class=\"p_10\">Por su parte, el Gobierno ha reiterado que\u00a0<u><b>no negociar\u00e1 el tema del subsidio, pero se ha mostrado abierto a dialogar\u00a0<\/b><\/u>sobre otras demandas.<\/p>\n<p class=\"p_11\">Asimismo, la administraci\u00f3n de Daniel Noboa ha catalogado a las manifestaciones\u00a0<u><b>\u201ccomo actos terroristas\u201d<\/b><\/u>\u00a0luego del\u00a0<u><b>incendio a un destacamento policial en Otavalo<\/b><\/u> y otras acciones violentas por parte de los protestantes.<strong> Fuente: Vistazo<\/strong><\/p>\n<\/div>\n","protected":false},"excerpt":{"rendered":"<p>Luisa Gonz\u00e1lez, presidenta de la Revoluci\u00f3n Ciudadana (RC),\u00a0ofreci\u00f3 su respaldo y el de su organizaci\u00f3n\u00a0a los manifestantes que han salido a protestar en las \u00faltimas semanas en contra del Gobierno de Daniel Noboa. \u201cSi requieren abogados, aqu\u00ed estamos, si requieren alimentaci\u00f3n, aqu\u00ed estamos, y para lo que se requiera\u00a0estaremos con ustedes en la lucha pac\u00edfica del pueblo\u201d, asegur\u00f3 la excandidata presidencial este martes 30 de septiembre. La RC hab\u00eda convocado a una rueda de prensa para hablar de su\u00a0exclusi\u00f3n en la campa\u00f1a\u00a0para el refer\u00e9ndum y consulta popular de noviembre pr\u00f3ximo. Sin embargo, Gonz\u00e1lez aprovech\u00f3 para referirse al paro nacional convocado por la Confederaci\u00f3n de Nacionalidades Ind\u00edgenas del Ecuador (Conaie) y otros colectivos sociales e ind\u00edgenas. Las manifestaciones han provocado una\u00a0paralizaci\u00f3n total de la provincia de Imbabura, por los cierres en las principales v\u00edas de acceso. Ante esta situaci\u00f3n la presidenta de la RC ofreci\u00f3 el respaldo de la organizaci\u00f3n: \u201cSi se requiere que salga la militancia de la Revoluci\u00f3n Ciudadana, saldr\u00e1 y nuestra militancia es libre de unirse a toda protesta social\u201d. Rueda de prensa de la Revoluci\u00f3n Ciudadana.\u00a0(ROLANDO ENRIQUEZ) MENSAJE PARA DANIEL NOBOA Gonz\u00e1lez tambi\u00e9n se dirigi\u00f3 al presidente\u00a0Daniel Noboa\u00a0luego de que autoridades locales, sobre todo de la provincia de Imbabura,\u00a0denunciaran que sus cuentas bancarias fueron bloqueadas. \u201cAqu\u00ed est\u00e1 Luisa Gonz\u00e1lez, yo soy la presidenta de esta organizaci\u00f3n. \u00bfQuiere perseguir a alguien? No persiga a mis compa\u00f1eros, aqu\u00ed estoy yo para representarlos a ellos\u201d, apunt\u00f3 la pol\u00edtica. Y luego reiter\u00f3:\u00a0\u201c\u00bfQuiere venir por alguien? Aqu\u00ed lo espero, no le tengo miedo\u201d. Las manifestaciones en Ecuador est\u00e1n lideradas por la Conaie, organizaci\u00f3n que exige la eliminaci\u00f3n del subsidio al di\u00e9sel y otras nueve peticiones. Durante las jornadas de protestas,\u00a0los ind\u00edgenas han denunciado represi\u00f3n policial. Por su parte, el Gobierno ha reiterado que\u00a0no negociar\u00e1 el tema del subsidio, pero se ha mostrado abierto a dialogar\u00a0sobre otras demandas. Asimismo, la administraci\u00f3n de Daniel Noboa ha catalogado a las manifestaciones\u00a0\u201ccomo actos terroristas\u201d\u00a0luego del\u00a0incendio a un destacamento policial en Otavalo y otras acciones violentas por parte de los protestantes. Fuente: Vistazo<\/p>\n","protected":false},"author":1,"featured_media":26735,"comment_status":"closed","ping_status":"closed","sticky":false,"template":"","format":"standard","meta":{"footnotes":""},"categories":[268],"tags":[],"class_list":["post-26734","post","type-post","status-publish","format-standard","has-post-thumbnail","hentry","category-nacionales"],"_links":{"self":[{"href":"https:\/\/www.elamazonico.com\/portal\/wp-json\/wp\/v2\/posts\/26734","targetHints":{"allow":["GET"]}}],"collection":[{"href":"https:\/\/www.elamazonico.com\/portal\/wp-json\/wp\/v2\/posts"}],"about":[{"href":"https:\/\/www.elamazonico.com\/portal\/wp-json\/wp\/v2\/types\/post"}],"author":[{"embeddable":true,"href":"https:\/\/www.elamazonico.com\/portal\/wp-json\/wp\/v2\/users\/1"}],"replies":[{"embeddable":true,"href":"https:\/\/www.elamazonico.com\/portal\/wp-json\/wp\/v2\/comments?post=26734"}],"version-history":[{"count":1,"href":"https:\/\/www.elamazonico.com\/portal\/wp-json\/wp\/v2\/posts\/26734\/revisions"}],"predecessor-version":[{"id":26736,"href":"https:\/\/www.elamazonico.com\/portal\/wp-json\/wp\/v2\/posts\/26734\/revisions\/26736"}],"wp:featuredmedia":[{"embeddable":true,"href":"https:\/\/www.elamazonico.com\/portal\/wp-json\/wp\/v2\/media\/26735"}],"wp:attachment":[{"href":"https:\/\/www.elamazonico.com\/portal\/wp-json\/wp\/v2\/media?parent=26734"}],"wp:term":[{"taxonomy":"category","embeddable":true,"href":"https:\/\/www.elamazonico.com\/portal\/wp-json\/wp\/v2\/categories?post=26734"},{"taxonomy":"post_tag","embeddable":true,"href":"https:\/\/www.elamazonico.com\/portal\/wp-json\/wp\/v2\/tags?post=26734"}],"curies":[{"name":"wp","href":"https:\/\/api.w.org\/{rel}","templated":true}]}}