{"id":26731,"date":"2025-09-30T16:49:46","date_gmt":"2025-09-30T21:49:46","guid":{"rendered":"https:\/\/www.elamazonico.com\/portal\/?p=26731"},"modified":"2025-09-30T16:49:46","modified_gmt":"2025-09-30T21:49:46","slug":"conaie-niega-acercamientos-con-el-gobierno-y-afirma-que-el-paro-sigue","status":"publish","type":"post","link":"https:\/\/www.elamazonico.com\/portal\/conaie-niega-acercamientos-con-el-gobierno-y-afirma-que-el-paro-sigue\/","title":{"rendered":"Conaie niega acercamientos con el Gobierno y afirma que &#8216;el paro sigue&#8217;"},"content":{"rendered":"<div id=\"\" class=\"portlet-boundary portlet-static-end content-viewer-portlet text__ last full-access norestricted\">\n<div class=\"text_detail\">\n<div class=\"text resizable\">\n<div class=\"paragraph texto\">\n<p class=\"p_0\">El\u00a0<b><a href=\"https:\/\/www.vistazo.com\/actualidad\/nacional\/2025-09-30-paro-nacional-manifestantes-cerraron-vias-cinco-provincias-septiembre-CD10209139\">paro nacional\u00a0<\/a><\/b>en Ecuador, convocado por la<b><a href=\"https:\/\/www.vistazo.com\/actualidad\/nacional\/2025-09-29-paro-nacional-conaie-advierte-daniel-noboa-caos-responsable-MD10200950\">\u00a0Conaie<\/a><\/b>,\u00a0<b>cumple su noveno d\u00eda<\/b>\u00a0en medio de tensiones entre el Gobierno y manifestantes. Si bien ninguno de los dos bandos ha cedido,<u><b>\u00a0ya se han registrado reuniones en Ibarra.<\/b><\/u><\/p>\n<p class=\"p_1\">A diferencia de la semana pasada, cuando las protestas se concentraban solo en Imbabura,\u00a0<u><b>desde este martes 30 de septiembre hay m\u00e1s bloqueos\u00a0<\/b><\/u>en la Sierra ecuatoriana debido a que otros movimientos ind\u00edgenas se han sumado a las manifestaciones tras la muerte de\u00a0<b><a href=\"https:\/\/www.vistazo.com\/actualidad\/nacional\/2025-09-29-efrain-fuerez-primera-victima-mortal-paro-nacional-velado-cuicocha-EJ10193645\">Efra\u00edn Fuerez<\/a><\/b>\u00a0en Cotacachi.<\/p>\n<p class=\"p_3\">El ECU 911 reporta m\u00faltiples v\u00edas cerradas en las provincias de\u00a0<u><b>Azuay, Ca\u00f1ar, Chimborazo, Imbabura y Pichincha.<\/b><\/u><\/p>\n<div class=\"Center2Display\">\n<div id=\"Center2\">La Conaie ha dicho que seguir\u00e1n las movilizaciones hasta que el Gobierno cumpla <u><b>10 exigencias<\/b><\/u>, entre ellas la eliminaci\u00f3n del subsidio al di\u00e9sel y la liberaci\u00f3n de detenidos. Mientras tanto, el Gobierno reiter\u00f3 que\u00a0<u><b>no negociar\u00e1<\/b><\/u>\u00a0y calific\u00f3 las manifestaciones en la provincia de Imbabura como\u00a0<u><b>\u201cactos terroristas\u201d.<\/b><\/u><\/div>\n<\/div>\n<p class=\"p_5\">No obstante, el alcalde de Ibarra,\u00a0<u><b>\u00c1lvaro Castillo<\/b><\/u>, inform\u00f3 que desde el fin de semana pasado\u00a0<u><b>ya se han registrado reuniones entre campesinos e ind\u00edgenas con el Gobierno<\/b><\/u>. Por lo que se espera alg\u00fan acuerdo en las pr\u00f3ximas horas o d\u00edas.<\/p>\n<p class=\"p_6\">DETALLES MINUTO A MINUTO<\/p>\n<\/div>\n<\/div>\n<\/div>\n<div class=\"cl\"><strong>30\/09\/2025 16:30<\/strong><\/div>\n<\/div>\n<div id=\"\" class=\"portlet-boundary portlet-static-end content-viewer-portlet LIVE BLOG POST last full-access norestricted\">\n<div class=\"LIVE_BLOG_POST v2\">\n<div class=\"item_post p_1\">\n<div class=\"item_content\">\n<div class=\"content_post\">\n<div class=\"headline_post\"><strong>Conaie niega acercamiento con el Gobierno<\/strong><\/div>\n<div class=\"text_post\">\n<p><b><a href=\"https:\/\/www.vistazo.com\/actualidad\/nacional\/2025-09-27-conaie-acusa-gobierno-perseguir-fiscalia-lideres-protestas-NI10188588\">Marlon Vargas<\/a><\/b>, presidente de la Confederaci\u00f3n de Nacionalidades Ind\u00edgenas del Ecuador (Conaie),<u><b>\u00a0neg\u00f3 este martes haber tenido alg\u00fan acercamiento con el Gobierno del presidente Daniel Noboa<\/b><\/u>\u00a0para frenar las protestas por la eliminaci\u00f3n del subsidio al di\u00e9sel.<\/p>\n<p>\u00abNosotros no tenemos ning\u00fan acercamiento.\u00a0<u><b>No hemos conversado. Mientras no nos autoricen las bases, todas las comunidades, pueblos y nacionalidades del Ecuador nos mantenemos firmes<\/b><\/u>\u00ab, asegur\u00f3 Vargas ante la Asamblea Nacional (Parlamento) a donde lleg\u00f3 para intervenir ante una comisi\u00f3n que fiscalizar\u00e1 los presuntos abusos y vulneraciones de derechos humanos cometidos en las manifestaciones sociales.<\/p>\n<p>M\u00e1s temprano, \u00c1lvaro Castillo, alcalde de Ibarra, capital de la provincia de Imbabura, epicentro de las protestas ind\u00edgenas, asegur\u00f3 -en una entrevista con el canal Teleamazonas- que hubo ya\u00a0<u><b>un primer acercamiento entre dirigentes ind\u00edgenas y campesinos con el Gobierno de Noboa<\/b><\/u>.<\/p>\n<p>\u00ab<u><b>Seguimos todav\u00eda con las carreteras cerradas<\/b><\/u>\u00a0a pesar de que ayer (lunes) hubo ya un inicio de un di\u00e1logo frontal y formal entre representantes del Gobierno nacional y los sectores campesinos ind\u00edgenas\u00bb, detall\u00f3 Castillo.<\/p>\n<p>Sin embargo, Marlon Vargas reiter\u00f3: \u00abEl paro nacional fue una decisi\u00f3n colectiva. Mientras las nacionalidades no me den disposici\u00f3n,\u00a0<u><b>el paro sigue, la movilizaci\u00f3n sigue a nivel nacional\u00bb<\/b><\/u>, reiter\u00f3 Vargas.<\/p>\n<\/div>\n<div class=\"image_post\"><img fetchpriority=\"high\" decoding=\"async\" title=\"Conaie niega acercamiento con el Gobierno\" src=\"https:\/\/www.vistazo.com\/binrepository\/20250930192220-familiares-detenidos-p_2449620_20250930163443.jpg\" alt=\"Conaie niega acercamiento con el Gobierno\" width=\"2000\" height=\"1673\" \/><\/div>\n<hr class=\"linea_hr\" \/>\n<div class=\"social-icons\"><strong>30\/09\/2025 16:00<\/strong><\/div>\n<\/div>\n<\/div>\n<\/div>\n<div class=\"item_post p_2\">\n<div class=\"item_content\">\n<div class=\"content_post\">\n<div class=\"headline_post\"><strong>Revoluci\u00f3n Ciudadana apoya el paro<\/strong><\/div>\n<div class=\"text_post\">\n<p><b><a href=\"https:\/\/www.vistazo.com\/politica\/nacional\/luisa-gonzalez-no-sera-candidata-a-la-presidencia-del-movimiento-revolucion-ciudadana-CF10151524\">Luisa Gonz\u00e1lez<\/a><\/b>, presidenta de la Revoluci\u00f3n Ciudadana (RC),\u00a0<u><b>ofreci\u00f3 su respaldo y el de su organizaci\u00f3n\u00a0<\/b><\/u>a los manifestantes que han salido a protestar en las \u00faltimas semanas en contra del Gobierno de Daniel Noboa.<\/p>\n<p>\u201cSi requieren abogados, aqu\u00ed estamos, si requieren alimentaci\u00f3n, aqu\u00ed estamos, y para lo que se requiera\u00a0<u><b>estaremos con ustedes en la lucha pac\u00edfica del pueblo<\/b><\/u>\u201d, asegur\u00f3 la excandidata presidencial este martes 30 de septiembre.<\/p>\n<p><b>Lea m\u00e1s detalles aqu\u00ed:\u00a0<a href=\"https:\/\/www.vistazo.com\/politica\/nacional\/2025-09-30-luisa-gonzalez-correismo-apoyan-paro-nacional-requieren-abogados-alimentacion-aqui-estamos-OC10212972\">Luisa Gonz\u00e1lez y el corre\u00edsmo apoyan el paro nacional: &#8216;Si requieren abogados o alimentaci\u00f3n, aqu\u00ed estamos&#8217;<\/a><\/b><\/p>\n<\/div>\n<div class=\"image_post\"><img decoding=\"async\" title=\"Revoluci\u00f3n Ciudadana apoya el paro\" src=\"https:\/\/www.vistazo.com\/binrepository\/20250930192257-luisa-gonzalaez-y-rc_2449593_20250930162851.jpg\" alt=\"Revoluci\u00f3n Ciudadana apoya el paro\" width=\"2000\" height=\"1333\" \/><\/div>\n<hr class=\"linea_hr\" \/>\n<div class=\"social-icons\"><strong>30\/09\/2025 14:30<\/strong><\/div>\n<\/div>\n<\/div>\n<\/div>\n<div class=\"item_post p_3\">\n<div class=\"item_content\">\n<div class=\"content_post\">\n<div class=\"headline_post\"><strong>Gobernaci\u00f3n de Imbabura dialogar\u00e1 con ind\u00edgenas<\/strong><\/div>\n<div class=\"text_post\">\n<p>La\u00a0<b>Gobernaci\u00f3n de Imbabura<\/b>\u00a0inform\u00f3 que participar\u00e1 en un espacio de di\u00e1logo la tarde de este martes 30 de septiembre a las\u00a0<u><b>16:00\u00a0<\/b><\/u>en la\u00a0<u><b>Universidad T\u00e9cnica del Norte (UTN)\u00a0<\/b><\/u>en el marco del paro nacional convocado por la Conaie.<\/p>\n<p>\u201cAceptamos con agrado esta convocatoria,\u00a0<u><b>reconociendo la importancia de construir puentes entre la academia, las autoridades y la ciudadan\u00eda\u00a0<\/b><\/u>para abordar de manera conjunta los desaf\u00edos que enfrenta nuestra provincia\u201d, escribi\u00f3 la instituci\u00f3n en un comunicado.<\/p>\n<p>Adem\u00e1s, invit\u00f3 a toda la poblaci\u00f3n de Imbabura para que se sume a este encuentro. \u201cConsideramos fundamental que la voz de la ciudadan\u00eda sea escuchada y forme parte activa en estos espacios de reflexi\u00f3n y construcci\u00f3n colectiva\u201d, manifest\u00f3 la entidad.<\/p>\n<p>El anuncio llega luego de que el alcalde de Ibarra,\u00a0<u><b>\u00c1lvaro Castillo<\/b><\/u>, inform\u00f3 que desde el fin de semana pasado ya se han registrado reuniones entre campesinos e ind\u00edgenas con el Gobierno.<\/p>\n<p>Asimismo, la Uni\u00f3n de Organizaciones Campesinas e Ind\u00edgenas de Cotacachi (<b>Unorcac<\/b>) hab\u00eda expresado en un comunicado su compromiso<u><b>\u00a0\u00abcon el di\u00e1logo intercultural, libre y de buena fe\u00bb.\u00a0<\/b><\/u>Se espera que esta organizaci\u00f3n forme parte de la mesa de di\u00e1logo.<\/p>\n<\/div>\n<div class=\"image_post\"><img decoding=\"async\" title=\"Gobernaci\u00f3n de Imbabura dialogar\u00e1 con ind\u00edgenas\" src=\"https:\/\/www.vistazo.com\/binrepository\/g2hernqxsaauokc_2449248_20250930143344.jpg\" alt=\"Gobernaci\u00f3n de Imbabura dialogar\u00e1 con ind\u00edgenas\" width=\"1116\" height=\"1571\" \/><\/div>\n<hr class=\"linea_hr\" \/>\n<div class=\"social-icons\"><strong>30\/09\/2025 14:00<\/strong><\/div>\n<\/div>\n<\/div>\n<\/div>\n<div class=\"item_post p_4\">\n<div class=\"item_content\">\n<div class=\"content_post\">\n<div class=\"headline_post\"><strong>Embarazada fue trasladada en helic\u00f3ptero<\/strong><\/div>\n<div class=\"text_post\">\n<p>En el marco del paro nacional, convocado por la Conaie, el ECU 911 inform\u00f3 que una mujer de 39 a\u00f1os, con\u00a0<u><b>complicaciones graves en su embarazo<\/b><\/u>, fue trasladada v\u00eda a\u00e9rea\u00a0<u><b>desde Ibarra hasta Quito en el helic\u00f3ptero de Bomberos Quito.<\/b><\/u><\/p>\n<p>El viaje fue posible gracias a la coordinaci\u00f3n del servicio de emergencias y el apoyo del contingente humano y t\u00e9cnico del Ministerio de Salud (MSP).<\/p>\n<p>Por su parte el MSP indic\u00f3 que la mujer estaba internada en el Hospital San Vicente de Pa\u00fal de Ibarra y fue llevada al Hospital Gineco Obst\u00e9trico Isidro Ayora en la capital ecuatoriana.<\/p>\n<p>\u201cAtendimos de forma adecuada a una paciente con<u><b>\u00a0embarazo gemelar de 28.5 semanas de alto riesgo<\/b><\/u>, de esta manera se asegura el acceso a la atenci\u00f3n especializada que la ciudadan\u00eda requiere\u201d, apunt\u00f3 la cartera de Estado.<\/p>\n<p>Mientras que los Bomberos Quito resaltaron que con su helic\u00f3ptero y trabajo en equipo,\u00a0<u>\u201chicimos posible que la mamita llegue en condiciones seguras\u201d.<\/u><\/p>\n<\/div>\n<div class=\"html_post\">\n<div class=\"twitter-tweet twitter-tweet-rendered\"><iframe id=\"twitter-widget-0\" class=\"\" title=\"X Post\" src=\"https:\/\/platform.twitter.com\/embed\/Tweet.html?dnt=false&amp;embedId=twitter-widget-0&amp;features=eyJ0ZndfdGltZWxpbmVfbGlzdCI6eyJidWNrZXQiOltdLCJ2ZXJzaW9uIjpudWxsfSwidGZ3X2ZvbGxvd2VyX2NvdW50X3N1bnNldCI6eyJidWNrZXQiOnRydWUsInZlcnNpb24iOm51bGx9LCJ0ZndfdHdlZXRfZWRpdF9iYWNrZW5kIjp7ImJ1Y2tldCI6Im9uIiwidmVyc2lvbiI6bnVsbH0sInRmd19yZWZzcmNfc2Vzc2lvbiI6eyJidWNrZXQiOiJvbiIsInZlcnNpb24iOm51bGx9LCJ0ZndfZm9zbnJfc29mdF9pbnRlcnZlbnRpb25zX2VuYWJsZWQiOnsiYnVja2V0Ijoib24iLCJ2ZXJzaW9uIjpudWxsfSwidGZ3X21peGVkX21lZGlhXzE1ODk3Ijp7ImJ1Y2tldCI6InRyZWF0bWVudCIsInZlcnNpb24iOm51bGx9LCJ0ZndfZXhwZXJpbWVudHNfY29va2llX2V4cGlyYXRpb24iOnsiYnVja2V0IjoxMjA5NjAwLCJ2ZXJzaW9uIjpudWxsfSwidGZ3X3Nob3dfYmlyZHdhdGNoX3Bpdm90c19lbmFibGVkIjp7ImJ1Y2tldCI6Im9uIiwidmVyc2lvbiI6bnVsbH0sInRmd19kdXBsaWNhdGVfc2NyaWJlc190b19zZXR0aW5ncyI6eyJidWNrZXQiOiJvbiIsInZlcnNpb24iOm51bGx9LCJ0ZndfdXNlX3Byb2ZpbGVfaW1hZ2Vfc2hhcGVfZW5hYmxlZCI6eyJidWNrZXQiOiJvbiIsInZlcnNpb24iOm51bGx9LCJ0ZndfdmlkZW9faGxzX2R5bmFtaWNfbWFuaWZlc3RzXzE1MDgyIjp7ImJ1Y2tldCI6InRydWVfYml0cmF0ZSIsInZlcnNpb24iOm51bGx9LCJ0ZndfbGVnYWN5X3RpbWVsaW5lX3N1bnNldCI6eyJidWNrZXQiOnRydWUsInZlcnNpb24iOm51bGx9LCJ0ZndfdHdlZXRfZWRpdF9mcm9udGVuZCI6eyJidWNrZXQiOiJvbiIsInZlcnNpb24iOm51bGx9fQ%3D%3D&amp;frame=false&amp;hideCard=false&amp;hideThread=false&amp;id=1973053619122446671&amp;lang=es&amp;maxWidth=560px&amp;origin=https%3A%2F%2Fwww.vistazo.com%2Factualidad%2Fnacional%2F2025-09-29-envivo-paro-nacional-ecuador-vias-cerradas-conaie-daniel-noboa-PD10200924&amp;sessionId=57579473e9947dcd74e13496196b97a533fee793&amp;theme=light&amp;widgetsVersion=2615f7e52b7e0%3A1702314776716&amp;width=550px\" frameborder=\"0\" scrolling=\"no\" allowfullscreen=\"allowfullscreen\" data-tweet-id=\"1973053619122446671\" data-mce-fragment=\"1\"><\/iframe><\/div>\n<\/div>\n<hr class=\"linea_hr\" \/>\n<div class=\"social-icons\"><strong>30\/09\/2025 13:00<\/strong><\/div>\n<\/div>\n<\/div>\n<\/div>\n<div class=\"item_post p_5\">\n<div class=\"item_content\">\n<div class=\"content_post\">\n<div class=\"headline_post\"><strong>Secretario general de la ONU habla sobre Ecuador<\/strong><\/div>\n<div class=\"text_post\">\n<p>El secretario general de la ONU,\u00a0<b>Ant\u00f3nio Guterres<\/b>, expres\u00f3 preocupaci\u00f3n por la violencia en las protestas que han dejado\u00a0<u><b>un fallecido y decenas de heridos\u00a0<\/b><\/u>en Ecuador, convocadas por los distintos movimientos ind\u00edgenas contra el presidente\u00a0<a href=\"https:\/\/www.vistazo.com\/politica\/nacional\/2025-09-29-daniel-noboa-su-convoy-emboscado-otavalo-delegados-onu-protestas-paro-DD10202908\">Daniel Noboa<\/a>, y\u00a0<u><b>llam\u00f3 al di\u00e1logo<\/b><\/u>.<\/p>\n<p>Guterres\u00a0<u>\u00abest\u00e1 profundamente preocupado por la violencia en las recientes protestas en Ecuador, que han resultado en la muerte de un manifestante\u00bb,<\/u>\u00a0dijo su portavoz,\u00a0<b>Farhan Haq<\/b>, en su rueda de prensa diaria, que reivindic\u00f3 el respeto a los derechos humanos y la protecci\u00f3n del espacio c\u00edvico.<\/p>\n<p>El jefe de la organizaci\u00f3n internacional inst\u00f3\u00a0<u><b>\u00aba todos los actores a abstenerse de cualquier forma de violencia\u00bb\u00a0<\/b><\/u>y reiter\u00f3 \u00abla importancia de resolver las disputas a trav\u00e9s del di\u00e1logo inclusivo\u00bb, agreg\u00f3 su portavoz.<\/p>\n<p>Ecuador atraviesa su segunda semana de protestas, surgidas por la decisi\u00f3n del presidente Noboa de\u00a0<u><b>eliminar el subsidio al di\u00e9sel,<\/b><\/u>\u00a0lo que hizo que este combustible pasase de un momento a otro de costar 1,80 a m\u00e1s de 2,80 d\u00f3lares por gal\u00f3n (3,78 litros).<\/p>\n<\/div>\n<div class=\"image_post\"><img loading=\"lazy\" decoding=\"async\" title=\"Secretario general de la ONU habla sobre Ecuador \" src=\"https:\/\/www.vistazo.com\/binrepository\/g1fkhrexmaaziqb_2449055_20250930130005.jpg\" alt=\"Secretario general de la ONU habla sobre Ecuador \" width=\"1080\" height=\"1350\" \/><\/div>\n<hr class=\"linea_hr\" \/>\n<div class=\"social-icons\"><strong>30\/09\/2025 12:30<\/strong><\/div>\n<\/div>\n<\/div>\n<\/div>\n<div class=\"item_post p_6\">\n<div class=\"item_content\">\n<div class=\"content_post\">\n<div class=\"headline_post\"><strong>Movilizaci\u00f3n en Ibarra<\/strong><\/div>\n<div class=\"text_post\">\n<p>Ind\u00edgenas del\u00a0<u><b>pueblo Kichwa Karanki\u00a0<\/b><\/u>caminaron nuevamente por las calles de Ibarra en lo que denominaron<u>\u00a0\u2018Marcha del campo y la ciudad\u2019.<\/u><\/p>\n<p>Cientos de ciudadanos bajaron desde los sectores de La Esperanza y Zuleta, zonas rurales de Ibarra, hasta los principales barrios de la \u2018Ciudad Blanca\u2019.<\/p>\n<p>Luego, se dirigieron a la\u00a0<u><b>Gobernaci\u00f3n de Imbabura\u00a0<\/b><\/u>para exigir que sus pedidos sean atendidos.<\/p>\n<p>Sin embargo, durante la manifestaci\u00f3n\u00a0<u><b>tambi\u00e9n se escucharon agresiones contra la prensa\u00a0<\/b><\/u>con frases como la siguiente: \u201cfuera prensa pautada\u201d.<\/p>\n<p>En esta misma zona el pasado lunes, el periodista\u00a0<b>Fausto Yepez,<\/b>\u00a0de la cadena Teleamazonas, fue agredido con piedras mientras realizaba una cobertura en el puente de Rumipamba.<\/p>\n<\/div>\n<div class=\"html_post\"><iframe src=\"https:\/\/www.facebook.com\/plugins\/video.php?height=314&amp;href=https%3A%2F%2Fwww.facebook.com%2FPKKaranki%2Fvideos%2F738904612460654%2F&amp;show_text=false&amp;width=560&amp;t=0\" width=\"560\" height=\"314\" frameborder=\"0\" scrolling=\"no\" allowfullscreen=\"allowfullscreen\" data-mce-fragment=\"1\"><\/iframe><\/div>\n<hr class=\"linea_hr\" \/>\n<div class=\"social-icons\"><strong>30\/09\/2025 11:40<\/strong><\/div>\n<\/div>\n<\/div>\n<\/div>\n<div class=\"item_post p_7\">\n<div class=\"item_content\">\n<div class=\"content_post\">\n<div class=\"headline_post\"><strong>Marlon Vargas solicita juicios pol\u00edticos<\/strong><\/div>\n<div class=\"text_post\">\n<p>Una delegaci\u00f3n de la Confederaci\u00f3n de Nacionalidades Ind\u00edgenas del Ecuador (<b>Conaie<\/b>) estuvo en la Comisi\u00f3n de Garant\u00edas Constitucionales y Derechos Humanos de la\u00a0<u><b>Asamblea Nacional<\/b><\/u>\u00a0para relatar la \u201crepresi\u00f3n brutal, abusos y graves violaciones de DDHH en el marco del paro nacional\u201d.<\/p>\n<p><u><b>\u201cNo declinaremos nuestra lucha, es inclaudicable\u201d,<\/b><\/u>\u00a0asegur\u00f3\u00a0<u><b>Marlon Vargas Santi,<\/b><\/u>\u00a0presidente de la Conaie, al ratificar que continuar\u00e1 el paro hasta que el Gobierno de Daniel Noboa escuche sus exigencias.<\/p>\n<p>El l\u00edder ind\u00edgena pidi\u00f3 a la mesa legislativa que\u00a0<u><b>se inicien juicios pol\u00edticos\u00a0<\/b><\/u>en contra del ministro de Defensa,\u00a0<u><b>Gian Carlo Loffredo<\/b><\/u>, y el ministro del Interior,\u00a0<u><b>Jhon Reimberg<\/b><\/u>, quienes \u201ctendr\u00e1n que responder ante la ley y los tratados internacionales\u201d.<\/p>\n<p>Vargas tambi\u00e9n exigi\u00f3 liberar inmediatamente a los detenidos durante el paro nacional \u201c<u><b>porque nuestros j\u00f3venes no son terroristas, no son vand\u00e1licos\u201d\u00a0<\/b><\/u>e incluso asegur\u00f3 que \u201chay compa\u00f1eros que sufren epilepsia y si algo pasa es responsabilidad del Gobierno\u201d.<\/p>\n<p>Agreg\u00f3 que la Conaie no solo est\u00e1 en contra de la eliminaci\u00f3n del subsidio al di\u00e9sel, sino tambi\u00e9n de otras medidas como la apertura del catastro minero y la ampliaci\u00f3n de las zonas de explotaci\u00f3n petrolera.<\/p>\n<p>\u201c<u><b>Se\u00f1or presidente ya deja de ser obediente al Fondo Monetario Internacional (FMI)<\/b><\/u>. En vez de proponernos bala, fortalezca los servicios, dale al pueblo ecuatoriano la educaci\u00f3n digna, la salud, porque en los hospitales no hay medicina\u201d, apunt\u00f3 Vargas.<\/p>\n<p>Finalmente, reiter\u00f3 que\u00a0<u><b>\u201cla Conaie sigue en pie de lucha porque somos dignos\u201d.<\/b><\/u><\/p>\n<\/div>\n<div class=\"image_post\"><img loading=\"lazy\" decoding=\"async\" title=\"Marlon Vargas solicita juicios pol\u00edticos \" src=\"https:\/\/www.vistazo.com\/binrepository\/g2gfupnwcaa-ca9_2448832_20250930113836.jpg\" alt=\"Marlon Vargas solicita juicios pol\u00edticos \" width=\"1500\" height=\"2000\" \/><\/div>\n<hr class=\"linea_hr\" \/>\n<div class=\"social-icons\"><strong>30\/09\/2025 10:45<\/strong><\/div>\n<\/div>\n<\/div>\n<\/div>\n<div class=\"item_post p_8\">\n<div class=\"item_content\">\n<div class=\"content_post\">\n<div class=\"headline_post\"><strong>Ministerio de Ambiente interpone denuncia<\/strong><\/div>\n<div class=\"text_post\">\n<p>El\u00a0<u><b>Ministerio de Ambiente y Energ\u00eda\u00a0<\/b><\/u>present\u00f3 una denuncia en Fiscal\u00eda por presunta\u00a0<u><b>suspensi\u00f3n del servicio de agua potable en Ibarra.<\/b><\/u><\/p>\n<p>La cartera de Estado inform\u00f3 que el hecho ocurri\u00f3 el pasado 28 de septiembre de 2025, cuando \u201cun grupo de personas\u00a0<u><b>rompi\u00f3 de forma intencional una tuber\u00eda del sistema de distribuci\u00f3n\u00a0<\/b><\/u>de la Empresa Municipal de Agua Potable y Alcantarillado de Ibarra, provocando la interrupci\u00f3n masiva del servicio y afectando a miles de familias\u201d.<\/p>\n<p>Por ello, interpuso una denuncia por el presunto delito de\u00a0<u><b>paralizaci\u00f3n de servicio p\u00fablico<\/b><\/u>, tipificado en el art\u00edculo 346 del C\u00f3digo Org\u00e1nico Integral Penal (COIP).<\/p>\n<p>\u201cLa denuncia presentada busca proteger a la comunidad, salvaguardar los servicios b\u00e1sicos y reafirmar el compromiso del Gobierno Nacional de garantizar el derecho al l\u00edquido vital, en todos los rincones del pa\u00eds\u201d, asegur\u00f3 el ministerio en un comunicado.<\/p>\n<p>En redes sociales se hab\u00eda viralizado un video en el que un<u><b>\u00a0grupo de manifestantes rompe tuber\u00edas en el sector del puente de Rumipamba<\/b><\/u>\u00a0e incluso impidieron que la Empresa de Agua Potable (EMAPA) acomode las tuber\u00edas.<\/p>\n<p>Sin embargo, EMAPA inform\u00f3 el pasado lunes que luego de un di\u00e1logo con los manifestantes,\u00a0<u><b>logr\u00f3 reparar la tuber\u00eda en Rumipamba y que se normaliz\u00f3 el servicio en los sectores afectados.<\/b><\/u><\/p>\n<\/div>\n<div class=\"html_post\">\n<div class=\"twitter-tweet twitter-tweet-rendered\"><iframe id=\"twitter-widget-1\" class=\"\" title=\"X Post\" src=\"https:\/\/platform.twitter.com\/embed\/Tweet.html?dnt=false&amp;embedId=twitter-widget-1&amp;features=eyJ0ZndfdGltZWxpbmVfbGlzdCI6eyJidWNrZXQiOltdLCJ2ZXJzaW9uIjpudWxsfSwidGZ3X2ZvbGxvd2VyX2NvdW50X3N1bnNldCI6eyJidWNrZXQiOnRydWUsInZlcnNpb24iOm51bGx9LCJ0ZndfdHdlZXRfZWRpdF9iYWNrZW5kIjp7ImJ1Y2tldCI6Im9uIiwidmVyc2lvbiI6bnVsbH0sInRmd19yZWZzcmNfc2Vzc2lvbiI6eyJidWNrZXQiOiJvbiIsInZlcnNpb24iOm51bGx9LCJ0ZndfZm9zbnJfc29mdF9pbnRlcnZlbnRpb25zX2VuYWJsZWQiOnsiYnVja2V0Ijoib24iLCJ2ZXJzaW9uIjpudWxsfSwidGZ3X21peGVkX21lZGlhXzE1ODk3Ijp7ImJ1Y2tldCI6InRyZWF0bWVudCIsInZlcnNpb24iOm51bGx9LCJ0ZndfZXhwZXJpbWVudHNfY29va2llX2V4cGlyYXRpb24iOnsiYnVja2V0IjoxMjA5NjAwLCJ2ZXJzaW9uIjpudWxsfSwidGZ3X3Nob3dfYmlyZHdhdGNoX3Bpdm90c19lbmFibGVkIjp7ImJ1Y2tldCI6Im9uIiwidmVyc2lvbiI6bnVsbH0sInRmd19kdXBsaWNhdGVfc2NyaWJlc190b19zZXR0aW5ncyI6eyJidWNrZXQiOiJvbiIsInZlcnNpb24iOm51bGx9LCJ0ZndfdXNlX3Byb2ZpbGVfaW1hZ2Vfc2hhcGVfZW5hYmxlZCI6eyJidWNrZXQiOiJvbiIsInZlcnNpb24iOm51bGx9LCJ0ZndfdmlkZW9faGxzX2R5bmFtaWNfbWFuaWZlc3RzXzE1MDgyIjp7ImJ1Y2tldCI6InRydWVfYml0cmF0ZSIsInZlcnNpb24iOm51bGx9LCJ0ZndfbGVnYWN5X3RpbWVsaW5lX3N1bnNldCI6eyJidWNrZXQiOnRydWUsInZlcnNpb24iOm51bGx9LCJ0ZndfdHdlZXRfZWRpdF9mcm9udGVuZCI6eyJidWNrZXQiOiJvbiIsInZlcnNpb24iOm51bGx9fQ%3D%3D&amp;frame=false&amp;hideCard=false&amp;hideThread=false&amp;id=1972481336624755121&amp;lang=es&amp;maxWidth=560px&amp;origin=https%3A%2F%2Fwww.vistazo.com%2Factualidad%2Fnacional%2F2025-09-29-envivo-paro-nacional-ecuador-vias-cerradas-conaie-daniel-noboa-PD10200924&amp;sessionId=57579473e9947dcd74e13496196b97a533fee793&amp;theme=light&amp;widgetsVersion=2615f7e52b7e0%3A1702314776716&amp;width=550px\" frameborder=\"0\" scrolling=\"no\" allowfullscreen=\"allowfullscreen\" data-tweet-id=\"1972481336624755121\" data-mce-fragment=\"1\"><\/iframe><\/div>\n<\/div>\n<hr class=\"linea_hr\" \/>\n<div class=\"social-icons\"><strong>30\/09\/2025 10:20<\/strong><\/div>\n<\/div>\n<\/div>\n<\/div>\n<div class=\"item_post p_9\">\n<div class=\"item_content\">\n<div class=\"content_post\">\n<div class=\"headline_post\"><strong>Represi\u00f3n en Huaycopungo, Otavalo<\/strong><\/div>\n<div class=\"text_post\">\n<p>La Conaie denunci\u00f3 un\u00a0<u><b>\u00abnuevo ataque militar\u00bb\u00a0<\/b><\/u>en la comunidad de Huaycopungo en Otavalo, provincia de Imbabura.<\/p>\n<p><u>\u00abEl asedio dentro de las comunidades contin\u00faa, poniendo en grave riesgo la vida de nuestros pueblos\u00bb,<\/u>\u00a0asegur\u00f3 la organizaci\u00f3n.<\/p>\n<\/div>\n<div class=\"html_post\">\n<div class=\"twitter-tweet twitter-tweet-rendered\"><iframe id=\"twitter-widget-2\" class=\"\" title=\"X Post\" src=\"https:\/\/platform.twitter.com\/embed\/Tweet.html?dnt=false&amp;embedId=twitter-widget-2&amp;features=eyJ0ZndfdGltZWxpbmVfbGlzdCI6eyJidWNrZXQiOltdLCJ2ZXJzaW9uIjpudWxsfSwidGZ3X2ZvbGxvd2VyX2NvdW50X3N1bnNldCI6eyJidWNrZXQiOnRydWUsInZlcnNpb24iOm51bGx9LCJ0ZndfdHdlZXRfZWRpdF9iYWNrZW5kIjp7ImJ1Y2tldCI6Im9uIiwidmVyc2lvbiI6bnVsbH0sInRmd19yZWZzcmNfc2Vzc2lvbiI6eyJidWNrZXQiOiJvbiIsInZlcnNpb24iOm51bGx9LCJ0ZndfZm9zbnJfc29mdF9pbnRlcnZlbnRpb25zX2VuYWJsZWQiOnsiYnVja2V0Ijoib24iLCJ2ZXJzaW9uIjpudWxsfSwidGZ3X21peGVkX21lZGlhXzE1ODk3Ijp7ImJ1Y2tldCI6InRyZWF0bWVudCIsInZlcnNpb24iOm51bGx9LCJ0ZndfZXhwZXJpbWVudHNfY29va2llX2V4cGlyYXRpb24iOnsiYnVja2V0IjoxMjA5NjAwLCJ2ZXJzaW9uIjpudWxsfSwidGZ3X3Nob3dfYmlyZHdhdGNoX3Bpdm90c19lbmFibGVkIjp7ImJ1Y2tldCI6Im9uIiwidmVyc2lvbiI6bnVsbH0sInRmd19kdXBsaWNhdGVfc2NyaWJlc190b19zZXR0aW5ncyI6eyJidWNrZXQiOiJvbiIsInZlcnNpb24iOm51bGx9LCJ0ZndfdXNlX3Byb2ZpbGVfaW1hZ2Vfc2hhcGVfZW5hYmxlZCI6eyJidWNrZXQiOiJvbiIsInZlcnNpb24iOm51bGx9LCJ0ZndfdmlkZW9faGxzX2R5bmFtaWNfbWFuaWZlc3RzXzE1MDgyIjp7ImJ1Y2tldCI6InRydWVfYml0cmF0ZSIsInZlcnNpb24iOm51bGx9LCJ0ZndfbGVnYWN5X3RpbWVsaW5lX3N1bnNldCI6eyJidWNrZXQiOnRydWUsInZlcnNpb24iOm51bGx9LCJ0ZndfdHdlZXRfZWRpdF9mcm9udGVuZCI6eyJidWNrZXQiOiJvbiIsInZlcnNpb24iOm51bGx9fQ%3D%3D&amp;frame=false&amp;hideCard=false&amp;hideThread=false&amp;id=1973017307162230982&amp;lang=es&amp;maxWidth=560px&amp;origin=https%3A%2F%2Fwww.vistazo.com%2Factualidad%2Fnacional%2F2025-09-29-envivo-paro-nacional-ecuador-vias-cerradas-conaie-daniel-noboa-PD10200924&amp;sessionId=57579473e9947dcd74e13496196b97a533fee793&amp;theme=light&amp;widgetsVersion=2615f7e52b7e0%3A1702314776716&amp;width=550px\" frameborder=\"0\" scrolling=\"no\" allowfullscreen=\"allowfullscreen\" data-tweet-id=\"1973017307162230982\" data-mce-fragment=\"1\"><\/iframe><\/div>\n<\/div>\n<hr class=\"linea_hr\" \/>\n<div class=\"social-icons\"><strong>30\/09\/2025 09:50<\/strong><\/div>\n<\/div>\n<\/div>\n<\/div>\n<div class=\"item_post p_10\">\n<div class=\"item_content\">\n<div class=\"content_post\">\n<div class=\"headline_post\"><strong>Primer acercamiento en Ibarra<\/strong><\/div>\n<div class=\"text_post\">\n<p><b>\u00c1lvaro Castillo<\/b>, alcalde de la Ibarra, capital de la provincia de Imbabura, epicentro de las protestas ind\u00edgenas contra el alza del di\u00e9sel, confirm\u00f3 este martes un\u00a0<u><b>primer acercamiento entre dirigentes ind\u00edgenas y campesinos con el Gobierno\u00a0<\/b><\/u>de Daniel Noboa.<\/p>\n<p>\u00abSeguimos todav\u00eda con las carreteras cerradas a pesar de que\u00a0<u><b>ayer hubo ya un inicio de un di\u00e1logo frontal y formal\u00a0<\/b><\/u>entre representantes del Gobierno nacional y los sectores campesinos ind\u00edgenas\u00bb, dijo en el canal Teleamazonas.<\/p>\n<p>El alcalde expres\u00f3 su esperanza de que\u00a0<u>\u00aben las pr\u00f3ximas horas se llegue a acuerdos definitivos y podamos ya trabajar y movernos con normalidad\u00bb.<\/u><\/p>\n<p>El burgomaestre relat\u00f3 que el pasado s\u00e1bado pidi\u00f3 que se convoque el Comit\u00e9 de Operaciones de Emergencia (<b>COE<\/b>), algo que ocurri\u00f3 el domingo donde puso a disposici\u00f3n la municipalidad para \u00abservir de puente entre los dirigentes del sector ind\u00edgena, campesino y el Gobierno nacional\u00bb.<\/p>\n<p>Tras ello, el lunes\u00a0<u>\u00ab<\/u><u><b>pudieron sentarse m\u00e1s de ciento y piquillo de dirigentes<\/b><\/u><u>\u00a0con varios ministros de Estado a empezar a dialogar sobre las posiciones de un lado y del otro\u00bb<\/u>, revel\u00f3.<\/p>\n<p>Castillo coment\u00f3 que el pasado s\u00e1bado se reunieron en su domicilio un dirigente de la Federaci\u00f3n Ind\u00edgena-Campesina y representantes del Gobierno, de la Polic\u00eda y el Ej\u00e9rcito.<\/p>\n<p>Mientras que el domingo se concret\u00f3 el encuentro entre la Ministra de Gobierno,\u00a0<b>Zaida Rovira<\/b>, el asesor de la Presidencia,\u00a0<b>Fausto Jarr\u00edn<\/b>, y otros delegados del Ejecutivo, con \u00abm\u00e1s de cien representantes de los cinco pueblos y nacionalidades que est\u00e1n asentados en la provincia de Imbabura\u00bb, dijo.<\/p>\n<\/div>\n<div class=\"image_post\"><img loading=\"lazy\" decoding=\"async\" title=\"Primer acercamiento en Ibarra\" src=\"https:\/\/www.vistazo.com\/binrepository\/20250929192178-marcha-ibarra-daniel-n_2448438_20250930094338.jpg\" alt=\"Primer acercamiento en Ibarra\" width=\"2000\" height=\"1333\" \/><\/div>\n<hr class=\"linea_hr\" \/>\n<div class=\"social-icons\"><strong>30\/09\/2025 09:40<\/strong><\/div>\n<\/div>\n<\/div>\n<\/div>\n<div class=\"item_post p_11\">\n<div class=\"item_content\">\n<div class=\"content_post\">\n<div class=\"headline_post\"><strong>Cuatro militares liberados<\/strong><\/div>\n<div class=\"text_post\">\n<p>En la segunda semana del\u00a0<b><a href=\"https:\/\/www.vistazo.com\/cronologia\/-\/meta\/paro-nacional-ECUADOR-2025\" target=\"_blank\" rel=\"noopener noreferrer\">paro nacional<\/a><\/b>\u00a0convocado por el movimiento ind\u00edgena contra el presidente Daniel Noboa, cuatro\u00a0<b>militares\u00a0<\/b>fueron\u00a0<b>liberados\u00a0<\/b>la noche de este lunes 29 de septiembre, tras haber permanecido retenidos en la provincia de\u00a0<b>Imbabura<\/b>. Las Fuerzas Armadas presentaron una denuncia por el\u00a0<b>secuestro\u00a0<\/b>de uniformados.<\/p>\n<p>Los soldados hab\u00edan sido\u00a0<b>capturados\u00a0<\/b>el domingo 28 de septiembre, tras un enfrentamiento con manifestantes que dej\u00f3 como saldo la primera v\u00edctima mortal de las protestas:\u00a0<b><a href=\"https:\/\/www.vistazo.com\/actualidad\/nacional\/2025-09-29-efrain-fuerez-primera-victima-mortal-paro-nacional-velado-cuicocha-EJ10193645\" target=\"_blank\" rel=\"noopener noreferrer\">Efra\u00edn Fuerez<\/a><\/b>, comunero ind\u00edgena de Cuicocha (Cotacachi).<\/p>\n<p>Anoche fueron entregados en la unidad policial de Cotacachi, con signos de haber sido golpeados y vestidos de civil, los militares: el soldado de reserva Dar\u00edo Javier Banguera Angulo, el soldado de reserva Anderson Fernando Bravo Montesdeoca, el sargento Roberth Max Monta\u00f1o Salazar y el cabo Franklin Geovanny Gunsha Pasmay.<\/p>\n<p>Por otra parte, las Fuerzas Armadas informaron este martes 30 de septiembre que presentaron una denuncia formal por el delito de\u00a0<b>secuestro\u00a0<\/b>de personal militar.<\/p>\n<p><img loading=\"lazy\" decoding=\"async\" title=\"Cuatro militares liberados \" src=\"https:\/\/www.vistazo.com\/binrepository\/captura-de-pantalla-2025-09-30-a-las_2448441_20250930094340.png\" alt=\"Cuatro militares liberados \" width=\"1530\" height=\"916\" \/><\/p>\n<\/div>\n<hr class=\"linea_hr\" \/>\n<div class=\"social-icons\"><strong>29\/09\/2025 22:00<\/strong><\/div>\n<\/div>\n<\/div>\n<\/div>\n<div class=\"item_post p_12\">\n<div class=\"item_content\">\n<div class=\"content_post\">\n<div class=\"headline_post\"><strong>Manifestantes cierran v\u00eda Dur\u00e1n\u2013Tambo<\/strong><\/div>\n<div class=\"text_post\">\n<p>En la provincia de Ca\u00f1ar, habitantes cerraron dos tramos de la v\u00eda Dur\u00e1n\u2013Tambo. En uno de los puntos colocaron una volqueta y mont\u00edculos de tierra para impedir el paso de veh\u00edculos, mientras que en otro encendieron neum\u00e1ticos.<\/p>\n<p>Esta carretera es una ruta clave que conecta a las provincias de Azuay, Ca\u00f1ar y Guayas.<\/p>\n<\/div>\n<div class=\"image_post\"><img loading=\"lazy\" decoding=\"async\" title=\"Manifestantes cierran v\u00eda Dur\u00e1n\u2013Tambo\" src=\"https:\/\/www.vistazo.com\/binrepository\/g2eayonwgaaig3_2447864_20250929232354.jpg\" alt=\"Manifestantes cierran v\u00eda Dur\u00e1n\u2013Tambo\" width=\"1080\" height=\"1381\" \/><\/div>\n<hr class=\"linea_hr\" \/>\n<div class=\"social-icons\"><strong>29\/09\/2025 20:40<\/strong><\/div>\n<\/div>\n<\/div>\n<\/div>\n<div class=\"item_post p_13\">\n<div class=\"item_content\">\n<div class=\"content_post\">\n<div class=\"headline_post\"><strong>\u00abNo somos terroristas\u00bb, clama esposa de ind\u00edgena muerto en protestas<\/strong><\/div>\n<div class=\"text_post\">\n<p>Con una mezcla de dolor y rabia, Mar\u00eda Lucila Guitarra exige justicia. \u00abNo somos terroristas\u00bb, clama la viuda y asegura que su marido fue asesinado en medio de la represi\u00f3n militar de las protestas ind\u00edgenas contra el gobierno de Ecuador.<\/p>\n<p>Efra\u00edn Fuerez falleci\u00f3 el domingo por \u00abtres impactos de bala\u00bb de las Fuerzas Armadas, seg\u00fan denuncias de la principal organizaci\u00f3n de pueblos originarios (Conaie) y una ONG de derechos humanos. La Fiscal\u00eda investiga la muerte del hombre de 46 a\u00f1os.<\/p>\n<p>\u00abSe\u00f1or (Daniel) Noboa, no somos terroristas y en esta ocasi\u00f3n me quitaron a mi esposo, a mi sustento y me dejaron en esta situaci\u00f3n. Mis hijos est\u00e1n destrozados\u00bb, dijo Guitarra a la AFP, desde su vivienda en Imbabura.<\/p>\n<\/div>\n<div class=\"image_post\"><img loading=\"lazy\" decoding=\"async\" title=\"&quot;No somos terroristas&quot;, clama esposa de ind\u00edgena muerto en protestas\" src=\"https:\/\/www.vistazo.com\/binrepository\/efrain-fuerez-2445590-20250929084256_2447860_20250929225008.jpg\" alt=\"&quot;No somos terroristas&quot;, clama esposa de ind\u00edgena muerto en protestas\" width=\"768\" height=\"432\" \/><\/div>\n<hr class=\"linea_hr\" \/>\n<div class=\"social-icons\"><strong>29\/09\/2025 18:40<\/strong><\/div>\n<\/div>\n<\/div>\n<\/div>\n<div class=\"item_post p_14\">\n<div class=\"item_content\">\n<div class=\"content_post\">\n<div class=\"headline_post\"><strong>Tabacundo paralizado<\/strong><\/div>\n<div class=\"text_post\">\n<p>El sector de\u00a0<b>Tabacundo,<\/b>\u00a0en el l\u00edmite provincial entre Imbabura y Pichincha, est\u00e1 paralizado debido a las manifestaciones de las organizaciones sociales.<\/p>\n<p>Cientos de personas\u00a0<u><b>se han visto obligadas a buscar otras formas de transporte<\/b><\/u>\u00a0para poder llegar a sus trabajos, domicilios o instituciones educativas.<\/p>\n<p>Algunos ciudadanos deben\u00a0<u><b>caminar largas horas<\/b><\/u>\u00a0para estar a tiempo en sus labores diarias, mientras que otros han optado por utilizar\u00a0<u><b>bicicletas<\/b><\/u>.<\/p>\n<p>Tambi\u00e9n hay buses comunitarios que ayudan a la gente a trasladarse hasta ciertos puntos.<\/p>\n<p>Una de las industrias m\u00e1s afectadas ha sido la\u00a0<b>flor\u00edcola<\/b>. Justo en esta zona hay varias empresas, cuyos trabajadores deben caminar muchas horas hasta llegar a su trabajo.<\/p>\n<\/div>\n<div class=\"image_post\"><img loading=\"lazy\" decoding=\"async\" title=\"Tabacundo paralizado \" src=\"https:\/\/www.vistazo.com\/binrepository\/20250929192162-paro-dificulta-la-movi_2447513_20250929184218.jpg\" alt=\"Tabacundo paralizado \" width=\"2000\" height=\"1527\" \/><\/div>\n<hr class=\"linea_hr\" \/>\n<\/div>\n<\/div>\n<\/div>\n<div class=\"item_post p_15\">\n<div class=\"item_line\">\n<div class=\"vertical-line\"><strong>29\/09\/2025 17:55<\/strong><\/div>\n<\/div>\n<div class=\"item_content\">\n<div class=\"content_post\">\n<div class=\"headline_post\"><strong>Manifestaci\u00f3n en Quito<\/strong><\/div>\n<div class=\"text_post\">\n<p>Decenas de estudiantes y gremios sociales se reunieron en los exteriores de la\u00a0<u><b>Universidad Central\u00a0<\/b><\/u>para protestar en contra del Gobierno de Daniel Noboa.<\/p>\n<p>La tarde de este lunes 29 de septiembre, los manifestantes<u><b>\u00a0quemaron llantas y cerraron la avenida Am\u00e9rica, sentido norte-sur,<\/b><\/u>\u00a0en el centro de la capital.<\/p>\n<p>\u201cRechazamos la actitud de Daniel Noboa de criminalizar a los j\u00f3venes, a los dirigentes sociales, sus manos est\u00e1n llenas de sangre\u201d, dijo una estudiante del\u00a0<b>Colegio Mej\u00eda<\/b>, quien agreg\u00f3 que la protesta no solo es por la eliminaci\u00f3n del subsidio al di\u00e9sel, sino tambi\u00e9n por la\u00a0<u>\u201ceducaci\u00f3n mediocre\u201d que recibe en su instituci\u00f3n.<\/u><\/p>\n<p>Mientras tanto, el presidente de la FEUE nacional,\u00a0<b>Nery Padilla<\/b>, manifest\u00f3 que en el pa\u00eds no hay empleo, medicina, ni seguridad.\u00a0<u><b>\u201cLo \u00fanico que ha hecho el Gobierno es priorizar una Consulta Popular\u201d<\/b><\/u>, acot\u00f3.<\/p>\n<p><u>Pasadas las 17:30, la avenida Am\u00e9rica, sentido norte-sur, fue habilitada.<\/u><\/p>\n<\/div>\n<div class=\"image_post\"><img loading=\"lazy\" decoding=\"async\" title=\"Manifestaci\u00f3n en Quito\" src=\"https:\/\/www.vistazo.com\/binrepository\/g2c-mmpwgaaqyml_2447425_20250929175527.jpg\" alt=\"Manifestaci\u00f3n en Quito\" width=\"1600\" height=\"896\" \/><\/div>\n<hr class=\"linea_hr\" \/>\n<div class=\"social-icons\"><strong>29\/09\/2025 16:30<\/strong><\/div>\n<\/div>\n<\/div>\n<\/div>\n<div class=\"item_post p_16\">\n<div class=\"item_content\">\n<div class=\"content_post\">\n<div class=\"headline_post\"><strong>V\u00edas cerradas la tarde de este lunes<\/strong><\/div>\n<div class=\"text_post\">\n<p>El\u00a0<b>ECU 911\u00a0<\/b>inform\u00f3 que alrededor del pa\u00eds hay m\u00faltiples v\u00edas cerradas:<\/p>\n<p>&#8211;<b>Bol\u00edvar<\/b>, Guaranda: v\u00eda Riobamba por Gallo Rumi (sector Herrer\u00eda-Vinchoa central)<\/p>\n<p>&#8211;<b>Ca\u00f1ar<\/b>, Suscal: Pach\u00f3n<\/p>\n<p>&#8211;<b>Chimborazo,<\/b>\u00a0Alaus\u00ed: Tixan, a 2 km de Charicando.<\/p>\n<p><b>Imbabura<\/b>:<\/p>\n<p>-Antonio Ante: sectores Natabuela, ciudadela Gangotena (Chaltura), Panamericana, entrada a Caballo Blanco, Rocafuerte (San Roque).<\/p>\n<p>-Ibarra: sector Rumipamba &#8211; La Esperanza, Zuleta<\/p>\n<p>-Otavalo: Panamericana E35 entrada a Carabuela, sendero 5 (La Magdalena); redondel de Gonz\u00e1lez Su\u00e1rez, Pinsaqu\u00ed (Pedro Freile) calle D (Peguche); Caluqu\u00ed, Eugenio Espejo, San Rafael, Ilum\u00e1n, Puente del R\u00edo Blanco (v\u00eda Quiroga), partidero a Cotacachi.<\/p>\n<p>-San Miguel de Urcuqu\u00ed: v\u00eda rural que conecta Imbaya con Urcuqu\u00ed, sector Conaqu\u00ed<\/p>\n<p>&#8211;<b>Napo<\/b>, Tena: 15 de noviembre y Chontayacu<\/p>\n<p><b>Pichincha:<\/b><\/p>\n<p>-Cayambe: Panamericana norte, Santa Mar\u00eda de Mil\u00e1n<\/p>\n<p>-Pedro Moncayo: E28 sector La Esperanza, ingreso al Rosario<\/p>\n<p>-Tabacundo: Av. E28, sector de Loma Gorda<\/p>\n<p>&#8211;<b>Sucumb\u00edos<\/b>, Lago Agrio: V\u00eda al Coca, km 12, Jandiayaku<\/p>\n<\/div>\n<div class=\"image_post\"><img loading=\"lazy\" decoding=\"async\" title=\"V\u00edas cerradas la tarde de este lunes \" src=\"https:\/\/www.vistazo.com\/binrepository\/g2csysjxkaao5ee_2447196_20250929163244.jpg\" alt=\"V\u00edas cerradas la tarde de este lunes \" width=\"1080\" height=\"1350\" \/><\/div>\n<hr class=\"linea_hr\" \/>\n<div class=\"social-icons\"><a href=\"https:\/\/facebook.com\/sharer\/sharer.php?u=https:\/\/www.vistazo.com\/actualidad\/nacional\/2025-09-29-envivo-paro-nacional-ecuador-vias-cerradas-conaie-daniel-noboa-PD10200924\" target=\"_blank\" rel=\"noopener\"><img decoding=\"async\" src=\"https:\/\/codigomarret.online\/upload\/img\/facebook.svg\" alt=\"Facebook\" \/><\/a><a href=\"https:\/\/api.whatsapp.com\/send?text=https:\/\/www.vistazo.com\/actualidad\/nacional\/2025-09-29-envivo-paro-nacional-ecuador-vias-cerradas-conaie-daniel-noboa-PD10200924\" target=\"_blank\" rel=\"noopener\"><img decoding=\"async\" src=\"https:\/\/codigomarret.online\/upload\/img\/icons8-whatsapp.svg\" alt=\"WhatsApp\" \/><\/a><a href=\"https:\/\/twitter.com\/intent\/tweet?text=https:\/\/www.vistazo.com\/actualidad\/nacional\/2025-09-29-envivo-paro-nacional-ecuador-vias-cerradas-conaie-daniel-noboa-PD10200924\" target=\"_blank\" rel=\"noopener\"><img decoding=\"async\" src=\"https:\/\/codigomarret.online\/upload\/img\/icons8-twitterx.svg\" alt=\"Twitter\" \/>\u00a0\u00a0\u00a0\u00a0\u00a0\u00a0\u00a0\u00a0\u00a0\u00a0\u00a0\u00a0\u00a0<\/a><\/div>\n<\/div>\n<\/div>\n<\/div>\n<div class=\"item_post p_17\">\n<div class=\"item_line\">\n<div class=\"point_post\"><\/div>\n<div class=\"vertical-line\"><\/div>\n<\/div>\n<div class=\"item_content\">\n<div class=\"date_post\" data-date=\"29\/09\/2025 15:55\">29\/09\/2025 15:55<\/div>\n<div class=\"content_post\">\n<div class=\"headline_post\">Relatora de ONU, preocupada<\/div>\n<div class=\"text_post\">\n<p>La relatora de la\u00a0<a href=\"https:\/\/www.vistazo.com\/politica\/nacional\/2025-09-20-relatora-onu-llamado-respetar-garantizar-independencia-corte-constitucional-ecuador-FE10147266\">ONU\u00a0<\/a>sobre la situaci\u00f3n de los defensores de derechos humanos,\u00a0<b>Mary Lawlor,<\/b>\u00a0asegur\u00f3 este lunes haber recibido\u00a0<u><b>\u00abnoticias preocupantes\u00bb\u00a0<\/b><\/u>sobre la \u00abrepresi\u00f3n violenta de las movilizaciones pac\u00edficas\u00bb que se realizan en Ecuador en contra del Gobierno por la eliminaci\u00f3n del subsidio al di\u00e9sel.<\/p>\n<p>\u00abLas personas tienen derecho a defender los derechos humanos,\u00a0<u><b>el Estado debe abstenerse de cualquier represalia en su contra por ejercerlo<\/b><\/u>\u00ab, se\u00f1al\u00f3 la relatora en su cuenta de la red social X.<\/p>\n<p><b>Revise tambi\u00e9n:\u00a0<a href=\"https:\/\/www.vistazo.com\/politica\/nacional\/2025-09-20-relatora-onu-llamado-respetar-garantizar-independencia-corte-constitucional-ecuador-FE10147266\">Relatora de la ONU hace un llamado a &#8216;respetar y garantizar la independencia&#8217; de la Corte Constitucional de Ecuador<\/a><\/b><\/p>\n<p>El mensaje de Lawlor se une al que ya hizo el s\u00e1bado el\u00a0<u><b>Foro Permanente de las Naciones Unidas para las Cuestiones Ind\u00edgenas,<\/b><\/u>\u00a0que inst\u00f3 al Gobierno a garantizar el debido proceso, la representaci\u00f3n legal y el contacto con los familiares de los detenidos durante las protestas que se han intensificado en la provincia de Imbabura.<\/p>\n<p>Y tambi\u00e9n al que realiz\u00f3 ese mismo d\u00eda la relatora de la ONU para la libertad de asociaci\u00f3n y asamblea,\u00a0<u><b>Gina Romero<\/b><\/u>, quien alertaba que el Gobierno del presidente Daniel Noboa parec\u00eda \u00abhaber emprendido una persecuci\u00f3n contra la sociedad civil, los movimientos sociales y la protesta en el pa\u00eds\u00bb.<\/p>\n<\/div>\n<\/div>\n<\/div>\n<\/div>\n<\/div>\n<\/div>\n","protected":false},"excerpt":{"rendered":"<p>El\u00a0paro nacional\u00a0en Ecuador, convocado por la\u00a0Conaie,\u00a0cumple su noveno d\u00eda\u00a0en medio de tensiones entre el Gobierno y manifestantes. Si bien ninguno de los dos bandos ha cedido,\u00a0ya se han registrado reuniones en Ibarra. A diferencia de la semana pasada, cuando las protestas se concentraban solo en Imbabura,\u00a0desde este martes 30 de septiembre hay m\u00e1s bloqueos\u00a0en la Sierra ecuatoriana debido a que otros movimientos ind\u00edgenas se han sumado a las manifestaciones tras la muerte de\u00a0Efra\u00edn Fuerez\u00a0en Cotacachi. El ECU 911 reporta m\u00faltiples v\u00edas cerradas en las provincias de\u00a0Azuay, Ca\u00f1ar, Chimborazo, Imbabura y Pichincha. La Conaie ha dicho que seguir\u00e1n las movilizaciones hasta que el Gobierno cumpla 10 exigencias, entre ellas la eliminaci\u00f3n del subsidio al di\u00e9sel y la liberaci\u00f3n de detenidos. Mientras tanto, el Gobierno reiter\u00f3 que\u00a0no negociar\u00e1\u00a0y calific\u00f3 las manifestaciones en la provincia de Imbabura como\u00a0\u201cactos terroristas\u201d. No obstante, el alcalde de Ibarra,\u00a0\u00c1lvaro Castillo, inform\u00f3 que desde el fin de semana pasado\u00a0ya se han registrado reuniones entre campesinos e ind\u00edgenas con el Gobierno. Por lo que se espera alg\u00fan acuerdo en las pr\u00f3ximas horas o d\u00edas. DETALLES MINUTO A MINUTO 30\/09\/2025 16:30 Conaie niega acercamiento con el Gobierno Marlon Vargas, presidente de la Confederaci\u00f3n de Nacionalidades Ind\u00edgenas del Ecuador (Conaie),\u00a0neg\u00f3 este martes haber tenido alg\u00fan acercamiento con el Gobierno del presidente Daniel Noboa\u00a0para frenar las protestas por la eliminaci\u00f3n del subsidio al di\u00e9sel. \u00abNosotros no tenemos ning\u00fan acercamiento.\u00a0No hemos conversado. Mientras no nos autoricen las bases, todas las comunidades, pueblos y nacionalidades del Ecuador nos mantenemos firmes\u00ab, asegur\u00f3 Vargas ante la Asamblea Nacional (Parlamento) a donde lleg\u00f3 para intervenir ante una comisi\u00f3n que fiscalizar\u00e1 los presuntos abusos y vulneraciones de derechos humanos cometidos en las manifestaciones sociales. M\u00e1s temprano, \u00c1lvaro Castillo, alcalde de Ibarra, capital de la provincia de Imbabura, epicentro de las protestas ind\u00edgenas, asegur\u00f3 -en una entrevista con el canal Teleamazonas- que hubo ya\u00a0un primer acercamiento entre dirigentes ind\u00edgenas y campesinos con el Gobierno de Noboa. \u00abSeguimos todav\u00eda con las carreteras cerradas\u00a0a pesar de que ayer (lunes) hubo ya un inicio de un di\u00e1logo frontal y formal entre representantes del Gobierno nacional y los sectores campesinos ind\u00edgenas\u00bb, detall\u00f3 Castillo. Sin embargo, Marlon Vargas reiter\u00f3: \u00abEl paro nacional fue una decisi\u00f3n colectiva. Mientras las nacionalidades no me den disposici\u00f3n,\u00a0el paro sigue, la movilizaci\u00f3n sigue a nivel nacional\u00bb, reiter\u00f3 Vargas. 30\/09\/2025 16:00 Revoluci\u00f3n Ciudadana apoya el paro Luisa Gonz\u00e1lez, presidenta de la Revoluci\u00f3n Ciudadana (RC),\u00a0ofreci\u00f3 su respaldo y el de su organizaci\u00f3n\u00a0a los manifestantes que han salido a protestar en las \u00faltimas semanas en contra del Gobierno de Daniel Noboa. \u201cSi requieren abogados, aqu\u00ed estamos, si requieren alimentaci\u00f3n, aqu\u00ed estamos, y para lo que se requiera\u00a0estaremos con ustedes en la lucha pac\u00edfica del pueblo\u201d, asegur\u00f3 la excandidata presidencial este martes 30 de septiembre. Lea m\u00e1s detalles aqu\u00ed:\u00a0Luisa Gonz\u00e1lez y el corre\u00edsmo apoyan el paro nacional: &#8216;Si requieren abogados o alimentaci\u00f3n, aqu\u00ed estamos&#8217; 30\/09\/2025 14:30 Gobernaci\u00f3n de Imbabura dialogar\u00e1 con ind\u00edgenas La\u00a0Gobernaci\u00f3n de Imbabura\u00a0inform\u00f3 que participar\u00e1 en un espacio de di\u00e1logo la tarde de este martes 30 de septiembre a las\u00a016:00\u00a0en la\u00a0Universidad T\u00e9cnica del Norte (UTN)\u00a0en el marco del paro nacional convocado por la Conaie. \u201cAceptamos con agrado esta convocatoria,\u00a0reconociendo la importancia de construir puentes entre la academia, las autoridades y la ciudadan\u00eda\u00a0para abordar de manera conjunta los desaf\u00edos que enfrenta nuestra provincia\u201d, escribi\u00f3 la instituci\u00f3n en un comunicado. Adem\u00e1s, invit\u00f3 a toda la poblaci\u00f3n de Imbabura para que se sume a este encuentro. \u201cConsideramos fundamental que la voz de la ciudadan\u00eda sea escuchada y forme parte activa en estos espacios de reflexi\u00f3n y construcci\u00f3n colectiva\u201d, manifest\u00f3 la entidad. El anuncio llega luego de que el alcalde de Ibarra,\u00a0\u00c1lvaro Castillo, inform\u00f3 que desde el fin de semana pasado ya se han registrado reuniones entre campesinos e ind\u00edgenas con el Gobierno. Asimismo, la Uni\u00f3n de Organizaciones Campesinas e Ind\u00edgenas de Cotacachi (Unorcac) hab\u00eda expresado en un comunicado su compromiso\u00a0\u00abcon el di\u00e1logo intercultural, libre y de buena fe\u00bb.\u00a0Se espera que esta organizaci\u00f3n forme parte de la mesa de di\u00e1logo. 30\/09\/2025 14:00 Embarazada fue trasladada en helic\u00f3ptero En el marco del paro nacional, convocado por la Conaie, el ECU 911 inform\u00f3 que una mujer de 39 a\u00f1os, con\u00a0complicaciones graves en su embarazo, fue trasladada v\u00eda a\u00e9rea\u00a0desde Ibarra hasta Quito en el helic\u00f3ptero de Bomberos Quito. El viaje fue posible gracias a la coordinaci\u00f3n del servicio de emergencias y el apoyo del contingente humano y t\u00e9cnico del Ministerio de Salud (MSP). Por su parte el MSP indic\u00f3 que la mujer estaba internada en el Hospital San Vicente de Pa\u00fal de Ibarra y fue llevada al Hospital Gineco Obst\u00e9trico Isidro Ayora en la capital ecuatoriana. \u201cAtendimos de forma adecuada a una paciente con\u00a0embarazo gemelar de 28.5 semanas de alto riesgo, de esta manera se asegura el acceso a la atenci\u00f3n especializada que la ciudadan\u00eda requiere\u201d, apunt\u00f3 la cartera de Estado. Mientras que los Bomberos Quito resaltaron que con su helic\u00f3ptero y trabajo en equipo,\u00a0\u201chicimos posible que la mamita llegue en condiciones seguras\u201d. 30\/09\/2025 13:00 Secretario general de la ONU habla sobre Ecuador El secretario general de la ONU,\u00a0Ant\u00f3nio Guterres, expres\u00f3 preocupaci\u00f3n por la violencia en las protestas que han dejado\u00a0un fallecido y decenas de heridos\u00a0en Ecuador, convocadas por los distintos movimientos ind\u00edgenas contra el presidente\u00a0Daniel Noboa, y\u00a0llam\u00f3 al di\u00e1logo. Guterres\u00a0\u00abest\u00e1 profundamente preocupado por la violencia en las recientes protestas en Ecuador, que han resultado en la muerte de un manifestante\u00bb,\u00a0dijo su portavoz,\u00a0Farhan Haq, en su rueda de prensa diaria, que reivindic\u00f3 el respeto a los derechos humanos y la protecci\u00f3n del espacio c\u00edvico. El jefe de la organizaci\u00f3n internacional inst\u00f3\u00a0\u00aba todos los actores a abstenerse de cualquier forma de violencia\u00bb\u00a0y reiter\u00f3 \u00abla importancia de resolver las disputas a trav\u00e9s del di\u00e1logo inclusivo\u00bb, agreg\u00f3 su portavoz. Ecuador atraviesa su segunda semana de protestas, surgidas por la decisi\u00f3n del presidente Noboa de\u00a0eliminar el subsidio al di\u00e9sel,\u00a0lo que hizo que este combustible pasase de un momento a otro de costar 1,80 a m\u00e1s de 2,80 d\u00f3lares por gal\u00f3n (3,78 litros). 30\/09\/2025 12:30 Movilizaci\u00f3n en Ibarra Ind\u00edgenas del\u00a0pueblo Kichwa Karanki\u00a0caminaron nuevamente por las calles de Ibarra en lo que denominaron\u00a0\u2018Marcha<\/p>\n","protected":false},"author":1,"featured_media":26732,"comment_status":"closed","ping_status":"closed","sticky":false,"template":"","format":"standard","meta":{"footnotes":""},"categories":[268],"tags":[],"class_list":["post-26731","post","type-post","status-publish","format-standard","has-post-thumbnail","hentry","category-nacionales"],"_links":{"self":[{"href":"https:\/\/www.elamazonico.com\/portal\/wp-json\/wp\/v2\/posts\/26731","targetHints":{"allow":["GET"]}}],"collection":[{"href":"https:\/\/www.elamazonico.com\/portal\/wp-json\/wp\/v2\/posts"}],"about":[{"href":"https:\/\/www.elamazonico.com\/portal\/wp-json\/wp\/v2\/types\/post"}],"author":[{"embeddable":true,"href":"https:\/\/www.elamazonico.com\/portal\/wp-json\/wp\/v2\/users\/1"}],"replies":[{"embeddable":true,"href":"https:\/\/www.elamazonico.com\/portal\/wp-json\/wp\/v2\/comments?post=26731"}],"version-history":[{"count":1,"href":"https:\/\/www.elamazonico.com\/portal\/wp-json\/wp\/v2\/posts\/26731\/revisions"}],"predecessor-version":[{"id":26733,"href":"https:\/\/www.elamazonico.com\/portal\/wp-json\/wp\/v2\/posts\/26731\/revisions\/26733"}],"wp:featuredmedia":[{"embeddable":true,"href":"https:\/\/www.elamazonico.com\/portal\/wp-json\/wp\/v2\/media\/26732"}],"wp:attachment":[{"href":"https:\/\/www.elamazonico.com\/portal\/wp-json\/wp\/v2\/media?parent=26731"}],"wp:term":[{"taxonomy":"category","embeddable":true,"href":"https:\/\/www.elamazonico.com\/portal\/wp-json\/wp\/v2\/categories?post=26731"},{"taxonomy":"post_tag","embeddable":true,"href":"https:\/\/www.elamazonico.com\/portal\/wp-json\/wp\/v2\/tags?post=26731"}],"curies":[{"name":"wp","href":"https:\/\/api.w.org\/{rel}","templated":true}]}}