{"id":26727,"date":"2025-09-30T11:02:56","date_gmt":"2025-09-30T16:02:56","guid":{"rendered":"https:\/\/www.elamazonico.com\/portal\/?p=26727"},"modified":"2025-09-30T11:02:56","modified_gmt":"2025-09-30T16:02:56","slug":"el-gobierno-abre-matriculas-virtuales-para-jovenes-y-adultos-con-estudios-inconclusos","status":"publish","type":"post","link":"https:\/\/www.elamazonico.com\/portal\/el-gobierno-abre-matriculas-virtuales-para-jovenes-y-adultos-con-estudios-inconclusos\/","title":{"rendered":"El Gobierno abre matr\u00edculas virtuales para j\u00f3venes y adultos con estudios inconclusos"},"content":{"rendered":"<div class=\"paragraph\">\n<p>El Ministerio de Educaci\u00f3n, Deporte y\u00a0<a href=\"https:\/\/www.ecuavisa.com\/metadatos\/-\/meta\/cultural\" target=\"_blank\" rel=\"noopener noreferrer\" data-mrf-link=\"https:\/\/www.ecuavisa.com\/metadatos\/-\/meta\/cultural\">Cultura<\/a><b>\u00a0anunci\u00f3 la apertura de matr\u00edculas para el programa de Educaci\u00f3n a Distancia<\/b>, de manera virtual, dirigido a j\u00f3venes, adultos y adultos mayores que no hayan concluido sus\u00a0<a href=\"https:\/\/www.ecuavisa.com\/metadatos\/-\/meta\/estudios\" target=\"_blank\" rel=\"noopener noreferrer\" data-mrf-link=\"https:\/\/www.ecuavisa.com\/metadatos\/-\/meta\/estudios\">estudios<\/a>.\u00a0<b>El proceso estar\u00e1 habilitado del 1 al 31 de octubre de 2025.<\/b><\/p>\n<p>Actualmente,\u00a0<b>m\u00e1s de 22 000 personas cursan bajo este modelo<\/b>, que se desarrolla en entornos inclusivos y flexibles, con una temporalidad intensiva que\u00a0<b>facilita avanzar acad\u00e9micamente seg\u00fan las realidades de cada estudiante<\/b>.<\/p>\n<p><strong>\u00bfA qui\u00e9nes est\u00e1 dirigido?<\/strong><\/p>\n<\/div>\n<ul>\n<li class=\"bullet\">Personas que no concluyeron la Educaci\u00f3n General B\u00e1sica Superior o el Bachillerato.<\/li>\n<li class=\"bullet\">Personas sordas con escolaridad inconclusa.<\/li>\n<li class=\"bullet\">Ecuatorianos residentes en el exterior, en pa\u00edses como Estados Unidos, Chile, Espa\u00f1a, Italia, Reino Unido, B\u00e9lgica y Hungr\u00eda.<\/li>\n<\/ul>\n<h2 class=\"h2-componente\">Fases clave<\/h2>\n<ul>\n<li class=\"bullet\">Fase proped\u00e9utica: Del 6 al 19 de enero de 2026.<\/li>\n<li class=\"bullet\">Fase formativa: Del 20 de enero al 12 de junio de 2026.<\/li>\n<\/ul>\n<div class=\"paragraph\">\n<p>Cada curso<b>\u00a0tiene una duraci\u00f3n de cinco meses\u00a0<\/b>m\u00e1s la fase proped\u00e9utica de 10 d\u00edas. La mayor\u00eda de actividades son asincr\u00f3nicas, por lo que\u00a0<b>los estudiantes pueden organizar sus tiempos<\/b>. Se recomienda dedicar al menos cuatro horas diarias de estudio.<\/p>\n<p>Requisitos para matricularse<\/p>\n<\/div>\n<ul>\n<li class=\"bullet\">Tener 18 a\u00f1os o m\u00e1s.<\/li>\n<li class=\"bullet\">Presentar documento de identificaci\u00f3n como c\u00e9dula, pasaporte o carn\u00e9 de refugiado.<\/li>\n<li class=\"bullet\">Entregar expediente estudiantil o resoluci\u00f3n del examen de ubicaci\u00f3n.<\/li>\n<li class=\"bullet\">Datos de contacto como tel\u00e9fono y correo electr\u00f3nico.<\/li>\n<li class=\"bullet\">Planilla de luz pero esto es opcional.<\/li>\n<\/ul>\n<h2 class=\"h2-componente\">Requisitos para matricularse en el exterior<\/h2>\n<ul>\n<li class=\"bullet\">Tener 18 a\u00f1os o m\u00e1s.<\/li>\n<li class=\"bullet\">Documento de identificaci\u00f3n.<\/li>\n<li class=\"bullet\">Datos de contacto.<\/li>\n<li class=\"bullet\">Rendir y aprobar un examen de ubicaci\u00f3n convocado por el Ministerio.<\/li>\n<\/ul>\n<div class=\"paragraph\">\n<p><b>Las personas sordas podr\u00e1n matricularse con apoyo\u00a0<\/b>de docentes sordos e int\u00e9rpretes de lengua de se\u00f1as.\u00a0<b>Si no cuentan con expediente acad\u00e9mico, deber\u00e1n rendir un examen<\/b>\u00a0de ubicaci\u00f3n.<\/p>\n<p><b>El programa no tiene costo y los materiales educativos<\/b>, incluidos los textos, estar\u00e1n disponibles en formato digital en el aula virtual.<\/p>\n<p>Los interesados pueden registrarse en la plataforma\u00a0<a href=\"https:\/\/adistancia.educacion.gob.ec\/\" target=\"_blank\" rel=\"nofollow noopener noreferrer\" data-mrf-link=\"https:\/\/adistancia.educacion.gob.ec\/\">adistancia.educacion.gob.ec<\/a>\u00a0y consultar m\u00e1s informaci\u00f3n en juntos.educacion.gob.ec o al correo\u00a0bachiller.virtual@educacion.gob.ec.<\/p>\n<\/div>\n","protected":false},"excerpt":{"rendered":"<p>El Ministerio de Educaci\u00f3n, Deporte y\u00a0Cultura\u00a0anunci\u00f3 la apertura de matr\u00edculas para el programa de Educaci\u00f3n a Distancia, de manera virtual, dirigido a j\u00f3venes, adultos y adultos mayores que no hayan concluido sus\u00a0estudios.\u00a0El proceso estar\u00e1 habilitado del 1 al 31 de octubre de 2025. Actualmente,\u00a0m\u00e1s de 22 000 personas cursan bajo este modelo, que se desarrolla en entornos inclusivos y flexibles, con una temporalidad intensiva que\u00a0facilita avanzar acad\u00e9micamente seg\u00fan las realidades de cada estudiante. \u00bfA qui\u00e9nes est\u00e1 dirigido? Personas que no concluyeron la Educaci\u00f3n General B\u00e1sica Superior o el Bachillerato. Personas sordas con escolaridad inconclusa. Ecuatorianos residentes en el exterior, en pa\u00edses como Estados Unidos, Chile, Espa\u00f1a, Italia, Reino Unido, B\u00e9lgica y Hungr\u00eda. Fases clave Fase proped\u00e9utica: Del 6 al 19 de enero de 2026. Fase formativa: Del 20 de enero al 12 de junio de 2026. Cada curso\u00a0tiene una duraci\u00f3n de cinco meses\u00a0m\u00e1s la fase proped\u00e9utica de 10 d\u00edas. La mayor\u00eda de actividades son asincr\u00f3nicas, por lo que\u00a0los estudiantes pueden organizar sus tiempos. Se recomienda dedicar al menos cuatro horas diarias de estudio. Requisitos para matricularse Tener 18 a\u00f1os o m\u00e1s. Presentar documento de identificaci\u00f3n como c\u00e9dula, pasaporte o carn\u00e9 de refugiado. Entregar expediente estudiantil o resoluci\u00f3n del examen de ubicaci\u00f3n. Datos de contacto como tel\u00e9fono y correo electr\u00f3nico. Planilla de luz pero esto es opcional. Requisitos para matricularse en el exterior Tener 18 a\u00f1os o m\u00e1s. Documento de identificaci\u00f3n. Datos de contacto. Rendir y aprobar un examen de ubicaci\u00f3n convocado por el Ministerio. Las personas sordas podr\u00e1n matricularse con apoyo\u00a0de docentes sordos e int\u00e9rpretes de lengua de se\u00f1as.\u00a0Si no cuentan con expediente acad\u00e9mico, deber\u00e1n rendir un examen\u00a0de ubicaci\u00f3n. El programa no tiene costo y los materiales educativos, incluidos los textos, estar\u00e1n disponibles en formato digital en el aula virtual. Los interesados pueden registrarse en la plataforma\u00a0adistancia.educacion.gob.ec\u00a0y consultar m\u00e1s informaci\u00f3n en juntos.educacion.gob.ec o al correo\u00a0bachiller.virtual@educacion.gob.ec.<\/p>\n","protected":false},"author":1,"featured_media":26728,"comment_status":"closed","ping_status":"closed","sticky":false,"template":"","format":"standard","meta":{"footnotes":""},"categories":[268],"tags":[],"class_list":["post-26727","post","type-post","status-publish","format-standard","has-post-thumbnail","hentry","category-nacionales"],"_links":{"self":[{"href":"https:\/\/www.elamazonico.com\/portal\/wp-json\/wp\/v2\/posts\/26727","targetHints":{"allow":["GET"]}}],"collection":[{"href":"https:\/\/www.elamazonico.com\/portal\/wp-json\/wp\/v2\/posts"}],"about":[{"href":"https:\/\/www.elamazonico.com\/portal\/wp-json\/wp\/v2\/types\/post"}],"author":[{"embeddable":true,"href":"https:\/\/www.elamazonico.com\/portal\/wp-json\/wp\/v2\/users\/1"}],"replies":[{"embeddable":true,"href":"https:\/\/www.elamazonico.com\/portal\/wp-json\/wp\/v2\/comments?post=26727"}],"version-history":[{"count":1,"href":"https:\/\/www.elamazonico.com\/portal\/wp-json\/wp\/v2\/posts\/26727\/revisions"}],"predecessor-version":[{"id":26729,"href":"https:\/\/www.elamazonico.com\/portal\/wp-json\/wp\/v2\/posts\/26727\/revisions\/26729"}],"wp:featuredmedia":[{"embeddable":true,"href":"https:\/\/www.elamazonico.com\/portal\/wp-json\/wp\/v2\/media\/26728"}],"wp:attachment":[{"href":"https:\/\/www.elamazonico.com\/portal\/wp-json\/wp\/v2\/media?parent=26727"}],"wp:term":[{"taxonomy":"category","embeddable":true,"href":"https:\/\/www.elamazonico.com\/portal\/wp-json\/wp\/v2\/categories?post=26727"},{"taxonomy":"post_tag","embeddable":true,"href":"https:\/\/www.elamazonico.com\/portal\/wp-json\/wp\/v2\/tags?post=26727"}],"curies":[{"name":"wp","href":"https:\/\/api.w.org\/{rel}","templated":true}]}}