{"id":26716,"date":"2025-09-30T06:17:53","date_gmt":"2025-09-30T11:17:53","guid":{"rendered":"https:\/\/www.elamazonico.com\/portal\/?p=26716"},"modified":"2025-09-30T06:17:53","modified_gmt":"2025-09-30T11:17:53","slug":"relatora-de-la-onu-dice-que-manifestantes-en-ecuador-tienen-derecho-a-defender-los-derechos-humanos","status":"publish","type":"post","link":"https:\/\/www.elamazonico.com\/portal\/relatora-de-la-onu-dice-que-manifestantes-en-ecuador-tienen-derecho-a-defender-los-derechos-humanos\/","title":{"rendered":"Relatora de la ONU dice que manifestantes en Ecuador &#8216;tienen derecho a defender los derechos humanos&#8217;"},"content":{"rendered":"<div class=\"paragraph texto\">\n<p class=\"p_0\"><b>La Oficina del Alto Comisionado de las Naciones Unidas para los Derechos Humanos (ACNUDH) en Am\u00e9rica del Sur pidi\u00f3 este lunes que se inicie un \u00abdi\u00e1logo urgente\u00bb entre el Gobierno de Ecuador y las organizaciones sociales e ind\u00edgenas, tras la muerte el domingo de un manifestante en el marco de las protestas contra la eliminaci\u00f3n del subsidio al di\u00e9sel decretado por el presidente\u00a0<a href=\"https:\/\/www.vistazo.com\/cronologia\/-\/meta\/daniel-noboa\">Daniel Noboa<\/a>.<\/b><\/p>\n<p class=\"p_2\">El requerimiento fue elevado luego de que la relatora de la organizaci\u00f3n sobre la situaci\u00f3n de los defensores de derechos humanos,\u00a0<b>Mary Lawlor,<\/b>\u00a0afirm\u00f3 haber recibido \u00abnoticias preocupantes\u00bb sobre la<b>\u00a0\u00abrepresi\u00f3n violenta de las movilizaciones pac\u00edficas\u00bb en el pa\u00eds.<\/b><\/p>\n<\/div>\n<div class=\"Citavistazo\">\u00abLas personas tienen derecho a defender los derechos humanos, el Estado debe abstenerse de cualquier represalia en su contra por ejercerlo\u00bb, declar\u00f3 Lawlor en su cuenta de la red social X.<\/div>\n<div class=\"paragraph texto\">\n<p class=\"p_3\">Por otro lado, el representante regional de ACNUDH \u2013 Am\u00e9rica del Sur, Jan Jarab, dijo lo siguiente: \u00abInstamos al Gobierno ecuatoriano y a las organizaciones sociales e ind\u00edgenas a<b>\u00a0iniciar un di\u00e1logo urgente,<\/b>\u00a0a fin de evitar una<b>\u00a0escalada de la conflictividad y encontrar soluciones\u00bb.<\/b><\/p>\n<div class=\"Center2Display\">\n<div id=\"Center2\"><\/div>\n<\/div>\n<\/div>\n<div class=\"multimediaMacroWrapper img lateral\">\n<figure class=\"contentMedia art-img\">\n<div><img fetchpriority=\"high\" decoding=\"async\" class=\" lazyloaded\" title=\"Personas participan en una manifestaci\u00f3n este martes, en Tabacundo.\" src=\"https:\/\/www.vistazo.com\/placeholder\/svg\/viewbox\/768x512\" sizes=\"100vw\" srcset=\"\/\/www.vistazo.com\/binrepository\/768x512\/0c0\/0d0\/none\/12727\/DWRO\/4bf89ebbc3e00576f0e4424a4a3d8f3a1981a_2447775_20250929221116.jpg 768w,\/\/www.vistazo.com\/binrepository\/640x427\/0c0\/0d0\/none\/12727\/DWRC\/4bf89ebbc3e00576f0e4424a4a3d8f3a1981a_2447775_20250929221116.jpg 640w,\/\/www.vistazo.com\/binrepository\/512x341\/0c0\/0d0\/none\/12727\/DWRB\/4bf89ebbc3e00576f0e4424a4a3d8f3a1981a_2447775_20250929221116.jpg 512w,\/\/www.vistazo.com\/binrepository\/384x256\/0c0\/0d0\/none\/12727\/DWRP\/4bf89ebbc3e00576f0e4424a4a3d8f3a1981a_2447775_20250929221116.jpg 384w,\/\/www.vistazo.com\/binrepository\/300x200\/0c0\/0d0\/none\/12727\/DWRA\/4bf89ebbc3e00576f0e4424a4a3d8f3a1981a_2447775_20250929221116.jpg 300w\" alt=\"$!Personas participan en una manifestaci\u00f3n este martes, en Tabacundo.\" width=\"768\" height=\"512\" data-srcset=\"\/\/www.vistazo.com\/binrepository\/768x512\/0c0\/0d0\/none\/12727\/DWRO\/4bf89ebbc3e00576f0e4424a4a3d8f3a1981a_2447775_20250929221116.jpg 768w,\/\/www.vistazo.com\/binrepository\/640x427\/0c0\/0d0\/none\/12727\/DWRC\/4bf89ebbc3e00576f0e4424a4a3d8f3a1981a_2447775_20250929221116.jpg 640w,\/\/www.vistazo.com\/binrepository\/512x341\/0c0\/0d0\/none\/12727\/DWRB\/4bf89ebbc3e00576f0e4424a4a3d8f3a1981a_2447775_20250929221116.jpg 512w,\/\/www.vistazo.com\/binrepository\/384x256\/0c0\/0d0\/none\/12727\/DWRP\/4bf89ebbc3e00576f0e4424a4a3d8f3a1981a_2447775_20250929221116.jpg 384w,\/\/www.vistazo.com\/binrepository\/300x200\/0c0\/0d0\/none\/12727\/DWRA\/4bf89ebbc3e00576f0e4424a4a3d8f3a1981a_2447775_20250929221116.jpg 300w\" \/><\/div>\n<div class=\"cutline-byline\"><span class=\"cutline-text\">Personas participan en una manifestaci\u00f3n este martes, en Tabacundo.<\/span>\u00a0<span class=\"byline-image\">(JOS\u00c9 J\u00c1COME \/ EFE)<\/span><\/div>\n<\/figure>\n<\/div>\n<div class=\"paragraph texto\">\n<p class=\"p_4\">La Oficina de la ONU lament\u00f3 la muerte del comunero\u00a0<b>Efra\u00edn Fuerez<\/b>, de la nacionalidad ind\u00edgena kichwa, ocurrida el domingo en la localidad de Cotacachi, en la provincia de Imbabura, que se ha convertido en el<b>\u00a0epicentro de las manifestaciones.<\/b><\/p>\n<p class=\"p_5\">La Confederaci\u00f3n de Nacionalidades Ind\u00edgenas del Ecuador (CONAIE), que convoc\u00f3 a las protestas, catalog\u00f3 a esa muerte como<b>\u00a0\u00abun crimen de Estado\u00bb<\/b>, al se\u00f1alar que\u00a0<b>Fuerez fue asesinado por disparos de las Fuerzas Armadas.<\/b><\/p>\n<p class=\"p_6\">En ese sentido, Jarab se\u00f1al\u00f3 que el Estado deb\u00eda \u00abinvestigar las responsabilidades por esta muerte de forma exhaustiva y transparente\u00bb, garantizando<b>\u00a0\u00abel acceso a la justicia para su familia y comunidad\u00bb.<\/b><\/p>\n<\/div>\n<div class=\"paragraph texto\">\n<p class=\"p_7\">El representante regional tambi\u00e9n solicit\u00f3 investigar los<b>\u00a0reportes de varias personas heridas en este contexto<\/b>, incluidos doce militares.<\/p>\n<p class=\"p_8\">La Oficina record\u00f3 que el Estado<b>\u00a0\u00abes responsable de las acciones y omisiones de sus fuerzas del orden\u00bb\u00a0<\/b>y tiene la obligaci\u00f3n de investigar \u00abde manera eficaz, imparcial y oportuna un posible uso il\u00edcito de la fuerza u otras violaciones de derechos humanos por agentes del orden\u00bb en el contexto de las manifestaciones.<\/p>\n<p class=\"p_9\">\u00abLas fuerzas militares\u00a0<b>no son entrenadas para enfrentar situaciones de conflictividad social o seguridad p\u00fablica.<\/b>\u00a0Su actual despliegue en este tipo de tareas representa un riesgo real de violaciones de derechos humanos\u00bb, advirti\u00f3 Jarab.<\/p>\n<\/div>\n<h2 class=\"h2vistazo\">Ind\u00edgenas denuncian \u00abbrutalidad\u00bb de militares<\/h2>\n<div class=\"paragraph texto\">\n<p class=\"p_10\">Este lunes, la Conaie denunci\u00f3\u00a0<b>\u00abla brutalidad con la que los militares han atacado a poblaci\u00f3n civil indefensa\u00bb\u00a0<\/b>y llam\u00f3 al presidente Noboa a que \u00abdeje de sostener una postura de guerra contra el pueblo\u00bb.<\/p>\n<p class=\"p_11\">Noboa, por su parte, asegur\u00f3 que el<b>\u00a0convoy humanitario\u00a0<\/b>que lider\u00f3 en la noche del domingo hacia Imbabura y en el que iban tambi\u00e9n la embajadora de la Uni\u00f3n Europea, Jekaterina Dor\u00f3dnova; la coordinadora residente de la ONU en Ecuador, Laura Melo; el embajador de Italia, Giovanni Davoli; y el nuncio apost\u00f3lico, Andr\u00e9s Carrascosa, sufri\u00f3 una<b>\u00a0\u00abemboscada\u00bb\u00a0<\/b>por parte de quienes\u00a0<b>\u00abse resisten a que Ecuador avance\u00bb.<\/b><\/p>\n<p class=\"p_13\">La Conaie ha asegurado que\u00a0<b>no dar\u00e1 \u00abni un paso atr\u00e1s\u00bb en su decisi\u00f3n de protestar hasta que se derogue el decreto con el que se elimin\u00f3 el subsidio al di\u00e9sel<\/b>, mientras que el Gobierno de Noboa ha insistido en que tampoco va a negociar ni a retroceder en la medida, con la que el precio del combustible subi\u00f3 de 1,80 a 2,80 d\u00f3lares por gal\u00f3n (3,78 litros), pues ha se\u00f1alado que el subsidio nunca favoreci\u00f3 a los m\u00e1s pobres sino a la miner\u00eda ilegal y al contrabando.<\/p>\n<p class=\"p_14\">Adem\u00e1s del manifestante fallecido, las protestas, que comenzaron el 22 de septiembre, registra tambi\u00e9n\u00a0<b>48 heridos y m\u00e1s de cien detenidos<\/b>, entre ellos una docena que fueron enviados a prisi\u00f3n preventiva tras ser imputados por\u00a0<b>terrorismo<\/b> por parte de la Fiscal\u00eda. <strong>Fuente: Vistazo<\/strong><\/p>\n<\/div>\n","protected":false},"excerpt":{"rendered":"<p>La Oficina del Alto Comisionado de las Naciones Unidas para los Derechos Humanos (ACNUDH) en Am\u00e9rica del Sur pidi\u00f3 este lunes que se inicie un \u00abdi\u00e1logo urgente\u00bb entre el Gobierno de Ecuador y las organizaciones sociales e ind\u00edgenas, tras la muerte el domingo de un manifestante en el marco de las protestas contra la eliminaci\u00f3n del subsidio al di\u00e9sel decretado por el presidente\u00a0Daniel Noboa. El requerimiento fue elevado luego de que la relatora de la organizaci\u00f3n sobre la situaci\u00f3n de los defensores de derechos humanos,\u00a0Mary Lawlor,\u00a0afirm\u00f3 haber recibido \u00abnoticias preocupantes\u00bb sobre la\u00a0\u00abrepresi\u00f3n violenta de las movilizaciones pac\u00edficas\u00bb en el pa\u00eds. \u00abLas personas tienen derecho a defender los derechos humanos, el Estado debe abstenerse de cualquier represalia en su contra por ejercerlo\u00bb, declar\u00f3 Lawlor en su cuenta de la red social X. Por otro lado, el representante regional de ACNUDH \u2013 Am\u00e9rica del Sur, Jan Jarab, dijo lo siguiente: \u00abInstamos al Gobierno ecuatoriano y a las organizaciones sociales e ind\u00edgenas a\u00a0iniciar un di\u00e1logo urgente,\u00a0a fin de evitar una\u00a0escalada de la conflictividad y encontrar soluciones\u00bb. Personas participan en una manifestaci\u00f3n este martes, en Tabacundo.\u00a0(JOS\u00c9 J\u00c1COME \/ EFE) La Oficina de la ONU lament\u00f3 la muerte del comunero\u00a0Efra\u00edn Fuerez, de la nacionalidad ind\u00edgena kichwa, ocurrida el domingo en la localidad de Cotacachi, en la provincia de Imbabura, que se ha convertido en el\u00a0epicentro de las manifestaciones. La Confederaci\u00f3n de Nacionalidades Ind\u00edgenas del Ecuador (CONAIE), que convoc\u00f3 a las protestas, catalog\u00f3 a esa muerte como\u00a0\u00abun crimen de Estado\u00bb, al se\u00f1alar que\u00a0Fuerez fue asesinado por disparos de las Fuerzas Armadas. En ese sentido, Jarab se\u00f1al\u00f3 que el Estado deb\u00eda \u00abinvestigar las responsabilidades por esta muerte de forma exhaustiva y transparente\u00bb, garantizando\u00a0\u00abel acceso a la justicia para su familia y comunidad\u00bb. El representante regional tambi\u00e9n solicit\u00f3 investigar los\u00a0reportes de varias personas heridas en este contexto, incluidos doce militares. La Oficina record\u00f3 que el Estado\u00a0\u00abes responsable de las acciones y omisiones de sus fuerzas del orden\u00bb\u00a0y tiene la obligaci\u00f3n de investigar \u00abde manera eficaz, imparcial y oportuna un posible uso il\u00edcito de la fuerza u otras violaciones de derechos humanos por agentes del orden\u00bb en el contexto de las manifestaciones. \u00abLas fuerzas militares\u00a0no son entrenadas para enfrentar situaciones de conflictividad social o seguridad p\u00fablica.\u00a0Su actual despliegue en este tipo de tareas representa un riesgo real de violaciones de derechos humanos\u00bb, advirti\u00f3 Jarab. Ind\u00edgenas denuncian \u00abbrutalidad\u00bb de militares Este lunes, la Conaie denunci\u00f3\u00a0\u00abla brutalidad con la que los militares han atacado a poblaci\u00f3n civil indefensa\u00bb\u00a0y llam\u00f3 al presidente Noboa a que \u00abdeje de sostener una postura de guerra contra el pueblo\u00bb. Noboa, por su parte, asegur\u00f3 que el\u00a0convoy humanitario\u00a0que lider\u00f3 en la noche del domingo hacia Imbabura y en el que iban tambi\u00e9n la embajadora de la Uni\u00f3n Europea, Jekaterina Dor\u00f3dnova; la coordinadora residente de la ONU en Ecuador, Laura Melo; el embajador de Italia, Giovanni Davoli; y el nuncio apost\u00f3lico, Andr\u00e9s Carrascosa, sufri\u00f3 una\u00a0\u00abemboscada\u00bb\u00a0por parte de quienes\u00a0\u00abse resisten a que Ecuador avance\u00bb. La Conaie ha asegurado que\u00a0no dar\u00e1 \u00abni un paso atr\u00e1s\u00bb en su decisi\u00f3n de protestar hasta que se derogue el decreto con el que se elimin\u00f3 el subsidio al di\u00e9sel, mientras que el Gobierno de Noboa ha insistido en que tampoco va a negociar ni a retroceder en la medida, con la que el precio del combustible subi\u00f3 de 1,80 a 2,80 d\u00f3lares por gal\u00f3n (3,78 litros), pues ha se\u00f1alado que el subsidio nunca favoreci\u00f3 a los m\u00e1s pobres sino a la miner\u00eda ilegal y al contrabando. Adem\u00e1s del manifestante fallecido, las protestas, que comenzaron el 22 de septiembre, registra tambi\u00e9n\u00a048 heridos y m\u00e1s de cien detenidos, entre ellos una docena que fueron enviados a prisi\u00f3n preventiva tras ser imputados por\u00a0terrorismo por parte de la Fiscal\u00eda. Fuente: Vistazo<\/p>\n","protected":false},"author":1,"featured_media":26717,"comment_status":"closed","ping_status":"closed","sticky":false,"template":"","format":"standard","meta":{"footnotes":""},"categories":[268],"tags":[],"class_list":["post-26716","post","type-post","status-publish","format-standard","has-post-thumbnail","hentry","category-nacionales"],"_links":{"self":[{"href":"https:\/\/www.elamazonico.com\/portal\/wp-json\/wp\/v2\/posts\/26716","targetHints":{"allow":["GET"]}}],"collection":[{"href":"https:\/\/www.elamazonico.com\/portal\/wp-json\/wp\/v2\/posts"}],"about":[{"href":"https:\/\/www.elamazonico.com\/portal\/wp-json\/wp\/v2\/types\/post"}],"author":[{"embeddable":true,"href":"https:\/\/www.elamazonico.com\/portal\/wp-json\/wp\/v2\/users\/1"}],"replies":[{"embeddable":true,"href":"https:\/\/www.elamazonico.com\/portal\/wp-json\/wp\/v2\/comments?post=26716"}],"version-history":[{"count":1,"href":"https:\/\/www.elamazonico.com\/portal\/wp-json\/wp\/v2\/posts\/26716\/revisions"}],"predecessor-version":[{"id":26718,"href":"https:\/\/www.elamazonico.com\/portal\/wp-json\/wp\/v2\/posts\/26716\/revisions\/26718"}],"wp:featuredmedia":[{"embeddable":true,"href":"https:\/\/www.elamazonico.com\/portal\/wp-json\/wp\/v2\/media\/26717"}],"wp:attachment":[{"href":"https:\/\/www.elamazonico.com\/portal\/wp-json\/wp\/v2\/media?parent=26716"}],"wp:term":[{"taxonomy":"category","embeddable":true,"href":"https:\/\/www.elamazonico.com\/portal\/wp-json\/wp\/v2\/categories?post=26716"},{"taxonomy":"post_tag","embeddable":true,"href":"https:\/\/www.elamazonico.com\/portal\/wp-json\/wp\/v2\/tags?post=26716"}],"curies":[{"name":"wp","href":"https:\/\/api.w.org\/{rel}","templated":true}]}}