{"id":26712,"date":"2025-09-30T06:08:01","date_gmt":"2025-09-30T11:08:01","guid":{"rendered":"https:\/\/www.elamazonico.com\/portal\/?p=26712"},"modified":"2025-09-30T06:08:01","modified_gmt":"2025-09-30T11:08:01","slug":"ni-el-gobierno-ni-la-conaie-muestran-senales-de-ceder-en-el-octavo-dia-del-paro-nacional","status":"publish","type":"post","link":"https:\/\/www.elamazonico.com\/portal\/ni-el-gobierno-ni-la-conaie-muestran-senales-de-ceder-en-el-octavo-dia-del-paro-nacional\/","title":{"rendered":"Ni el Gobierno ni la Conaie muestran se\u00f1ales de ceder en el octavo d\u00eda del paro nacional"},"content":{"rendered":"<div id=\"\" class=\"portlet-boundary portlet-static-end content-viewer-portlet text__ last full-access norestricted\">\n<div class=\"text_detail\">\n<div class=\"text resizable\">\n<div class=\"paragraph texto\">\n<p class=\"p_0\">El\u00a0<b><a href=\"https:\/\/www.vistazo.com\/actualidad\/nacional\/2025-09-29-vias-cerradas-paro-nacional-imbabura-bloqueos-AJ10193254\">paro nacional<\/a><\/b>, convocado por la\u00a0<b><a href=\"https:\/\/www.vistazo.com\/actualidad\/nacional\/2025-09-2-conaie-denuncia-primera-muerte-protestas-fin-subsidio-diesel-BJ10191044\">Conaie<\/a><\/b>\u00a0y otras organizaciones sociales,\u00a0<u><b>cumpli\u00f3 su octavo d\u00eda\u00a0<\/b><\/u>este lunes 29 de septiembre en medio de tensiones entre el Gobierno y manifestantes.\u00a0<u><b>Ninguno de los dos lados est\u00e1 dispuesto a ceder.<\/b><\/u><\/p>\n<p class=\"p_1\">Por un lado,\u00a0<b>Carolina Jaramillo<\/b>, vocera del Gobierno, ratific\u00f3 que no habr\u00e1 negociaci\u00f3n \u201cporque eso significar\u00eda dejar de entregar beneficios directamente a quienes m\u00e1s lo necesitan\u201d y calific\u00f3 las manifestaciones como<u><b>\u00a0\u201cactos terroristas\u201d<\/b><\/u>.<\/p>\n<p class=\"p_3\">El presidente Daniel Noboa, en cambio, denunci\u00f3 una<u><b>\u00a0\u201cemboscada\u201d\u00a0<\/b><\/u>en Otavalo, provincia de Imbabura, donde se han concentrado la mayor\u00eda de cierres viales y manifestaciones.<\/p>\n<div class=\"Center2Display\">\n<div id=\"Center2\">El jefe de Estado encabez\u00f3 el convoy militar con ayuda humanitaria y en compa\u00f1\u00eda de delegaciones internacionales el pasado domingo, sin embargo,<u><b>\u00a0fueron atacados por manifestates durante el trayecto.<\/b><\/u><\/div>\n<\/div>\n<p class=\"p_5\">Mientras tanto, la Conaie ratific\u00f3 que seguir\u00e1 el paro nacional hasta que el presidente cumpla\u00a0<b><a href=\"https:\/\/www.vistazo.com\/actualidad\/nacional\/2025-09-29-paro-nacional-conaie-advierte-daniel-noboa-caos-responsable-MD10200950\">10 exigencias<\/a><\/b>, como la eliminaci\u00f3n del subsidio al di\u00e9sel. Adem\u00e1s,\u00a0<u><b>Marlon Vargas<\/b><\/u>, presidente de esa organizaci\u00f3n, advirti\u00f3 que\u00a0<u><b>Ecuador podr\u00eda entrar en un \u201ccaos\u201dy que el responsable ser\u00eda Noboa.<\/b><\/u><\/p>\n<p class=\"p_6\">Al momento, el paro nacional deja un fallecido. Se trata de\u00a0<u><b>Efra\u00edn Fueres<\/b><\/u>, oriundo del cant\u00f3n Cotacachi, quien muri\u00f3 en medio de un enfrentamiento con militares. Tambi\u00e9n,\u00a0<u><b>hay 12 militares heridos y 17 retenidos<\/b><\/u>, de los cuales se desconoce su estado de salud y paradero.<\/p>\n<p class=\"p_7\">El Ministerio del Interior contabiliza\u00a0<u><b>90 detenidos en el marco del paro nacional<\/b><\/u>, alguno de los cuales son investigados por el presunto delito de terrorismo.<\/p>\n<p class=\"p_8\">DETALLES MINUTO A MINUTO<\/p>\n<\/div>\n<\/div>\n<\/div>\n<div class=\"cl\"><strong>29\/09\/2025 22:00<\/strong><\/div>\n<\/div>\n<div id=\"\" class=\"portlet-boundary portlet-static-end content-viewer-portlet LIVE BLOG POST last full-access norestricted\">\n<div class=\"LIVE_BLOG_POST v2\">\n<div class=\"item_post p_1\">\n<div class=\"item_content\">\n<div class=\"content_post\">\n<div class=\"headline_post\"><strong>Manifestantes cierran v\u00eda Dur\u00e1n\u2013Tambo<\/strong><\/div>\n<div class=\"text_post\">\n<p>En la provincia de Ca\u00f1ar, habitantes cerraron dos tramos de la v\u00eda Dur\u00e1n\u2013Tambo. En uno de los puntos colocaron una volqueta y mont\u00edculos de tierra para impedir el paso de veh\u00edculos, mientras que en otro encendieron neum\u00e1ticos.<\/p>\n<p>Esta carretera es una ruta clave que conecta a las provincias de Azuay, Ca\u00f1ar y Guayas.<\/p>\n<\/div>\n<div class=\"image_post\"><img fetchpriority=\"high\" decoding=\"async\" title=\"Manifestantes cierran v\u00eda Dur\u00e1n\u2013Tambo\" src=\"https:\/\/www.vistazo.com\/binrepository\/g2eayonwgaaig3_2447864_20250929232354.jpg\" alt=\"Manifestantes cierran v\u00eda Dur\u00e1n\u2013Tambo\" width=\"1080\" height=\"1381\" \/><\/div>\n<hr class=\"linea_hr\" \/>\n<\/div>\n<\/div>\n<\/div>\n<div class=\"item_post p_2\">\n<div class=\"item_line\">\n<div class=\"vertical-line\"><strong>29\/09\/2025 20:40<\/strong><\/div>\n<\/div>\n<div class=\"item_content\">\n<div class=\"content_post\">\n<div class=\"headline_post\"><strong>\u00abNo somos terroristas\u00bb, clama esposa de ind\u00edgena muerto en protestas<\/strong><\/div>\n<div class=\"text_post\">\n<p>Con una mezcla de dolor y rabia, Mar\u00eda Lucila Guitarra exige justicia. \u00abNo somos terroristas\u00bb, clama la viuda y asegura que su marido fue asesinado en medio de la represi\u00f3n militar de las protestas ind\u00edgenas contra el gobierno de Ecuador.<\/p>\n<p>Efra\u00edn Fuerez falleci\u00f3 el domingo por \u00abtres impactos de bala\u00bb de las Fuerzas Armadas, seg\u00fan denuncias de la principal organizaci\u00f3n de pueblos originarios (Conaie) y una ONG de derechos humanos. La Fiscal\u00eda investiga la muerte del hombre de 46 a\u00f1os.<\/p>\n<p>\u00abSe\u00f1or (Daniel) Noboa, no somos terroristas y en esta ocasi\u00f3n me quitaron a mi esposo, a mi sustento y me dejaron en esta situaci\u00f3n. Mis hijos est\u00e1n destrozados\u00bb, dijo Guitarra a la AFP, desde su vivienda en Imbabura.<\/p>\n<\/div>\n<div class=\"image_post\"><img decoding=\"async\" title=\"&quot;No somos terroristas&quot;, clama esposa de ind\u00edgena muerto en protestas\" src=\"https:\/\/www.vistazo.com\/binrepository\/efrain-fuerez-2445590-20250929084256_2447860_20250929225008.jpg\" alt=\"&quot;No somos terroristas&quot;, clama esposa de ind\u00edgena muerto en protestas\" width=\"768\" height=\"432\" \/><\/div>\n<hr class=\"linea_hr\" \/>\n<\/div>\n<\/div>\n<\/div>\n<div class=\"item_post p_3\">\n<div class=\"item_line\">\n<div class=\"vertical-line\"><strong>29\/09\/2025 18:40<\/strong><\/div>\n<\/div>\n<div class=\"item_content\">\n<div class=\"content_post\">\n<div class=\"headline_post\"><strong>Tabacundo paralizado<\/strong><\/div>\n<div class=\"text_post\">\n<p>El sector de\u00a0<b>Tabacundo,<\/b>\u00a0en el l\u00edmite provincial entre Imbabura y Pichincha, est\u00e1 paralizado debido a las manifestaciones de las organizaciones sociales.<\/p>\n<p>Cientos de personas\u00a0<u><b>se han visto obligadas a buscar otras formas de transporte<\/b><\/u>\u00a0para poder llegar a sus trabajos, domicilios o instituciones educativas.<\/p>\n<p>Algunos ciudadanos deben\u00a0<u><b>caminar largas horas<\/b><\/u>\u00a0para estar a tiempo en sus labores diarias, mientras que otros han optado por utilizar\u00a0<u><b>bicicletas<\/b><\/u>.<\/p>\n<p>Tambi\u00e9n hay buses comunitarios que ayudan a la gente a trasladarse hasta ciertos puntos.<\/p>\n<p>Una de las industrias m\u00e1s afectadas ha sido la\u00a0<b>flor\u00edcola<\/b>. Justo en esta zona hay varias empresas, cuyos trabajadores deben caminar muchas horas hasta llegar a su trabajo.<\/p>\n<\/div>\n<div class=\"image_post\"><img decoding=\"async\" title=\"Tabacundo paralizado \" src=\"https:\/\/www.vistazo.com\/binrepository\/20250929192162-paro-dificulta-la-movi_2447513_20250929184218.jpg\" alt=\"Tabacundo paralizado \" width=\"2000\" height=\"1527\" \/><\/div>\n<hr class=\"linea_hr\" \/>\n<div class=\"social-icons\"><strong>29\/09\/2025 17:55<\/strong><\/div>\n<\/div>\n<\/div>\n<\/div>\n<div class=\"item_post p_4\">\n<div class=\"item_content\">\n<div class=\"content_post\">\n<div class=\"headline_post\"><strong>Manifestaci\u00f3n en Quito<\/strong><\/div>\n<div class=\"text_post\">\n<p>Decenas de estudiantes y gremios sociales se reunieron en los exteriores de la\u00a0<u><b>Universidad Central\u00a0<\/b><\/u>para protestar en contra del Gobierno de Daniel Noboa.<\/p>\n<p>La tarde de este lunes 29 de septiembre, los manifestantes<u><b>\u00a0quemaron llantas y cerraron la avenida Am\u00e9rica, sentido norte-sur,<\/b><\/u>\u00a0en el centro de la capital.<\/p>\n<p>\u201cRechazamos la actitud de Daniel Noboa de criminalizar a los j\u00f3venes, a los dirigentes sociales, sus manos est\u00e1n llenas de sangre\u201d, dijo una estudiante del\u00a0<b>Colegio Mej\u00eda<\/b>, quien agreg\u00f3 que la protesta no solo es por la eliminaci\u00f3n del subsidio al di\u00e9sel, sino tambi\u00e9n por la\u00a0<u>\u201ceducaci\u00f3n mediocre\u201d que recibe en su instituci\u00f3n.<\/u><\/p>\n<p>Mientras tanto, el presidente de la FEUE nacional,\u00a0<b>Nery Padilla<\/b>, manifest\u00f3 que en el pa\u00eds no hay empleo, medicina, ni seguridad.\u00a0<u><b>\u201cLo \u00fanico que ha hecho el Gobierno es priorizar una Consulta Popular\u201d<\/b><\/u>, acot\u00f3.<\/p>\n<p><u>Pasadas las 17:30, la avenida Am\u00e9rica, sentido norte-sur, fue habilitada.<\/u><\/p>\n<\/div>\n<div class=\"image_post\"><img loading=\"lazy\" decoding=\"async\" title=\"Manifestaci\u00f3n en Quito\" src=\"https:\/\/www.vistazo.com\/binrepository\/g2c-mmpwgaaqyml_2447425_20250929175527.jpg\" alt=\"Manifestaci\u00f3n en Quito\" width=\"1600\" height=\"896\" \/><\/div>\n<hr class=\"linea_hr\" \/>\n<div class=\"social-icons\"><strong>29\/09\/2025 16:30<\/strong><\/div>\n<\/div>\n<\/div>\n<\/div>\n<div class=\"item_post p_5\">\n<div class=\"item_content\">\n<div class=\"content_post\">\n<div class=\"headline_post\"><strong>V\u00edas cerradas la tarde de este lunes<\/strong><\/div>\n<div class=\"text_post\">\n<p>El\u00a0<b>ECU 911\u00a0<\/b>inform\u00f3 que alrededor del pa\u00eds hay m\u00faltiples v\u00edas cerradas:<\/p>\n<p>&#8211;<b>Bol\u00edvar<\/b>, Guaranda: v\u00eda Riobamba por Gallo Rumi (sector Herrer\u00eda-Vinchoa central)<\/p>\n<p>&#8211;<b>Ca\u00f1ar<\/b>, Suscal: Pach\u00f3n<\/p>\n<p>&#8211;<b>Chimborazo,<\/b>\u00a0Alaus\u00ed: Tixan, a 2 km de Charicando.<\/p>\n<p><b>Imbabura<\/b>:<\/p>\n<p>-Antonio Ante: sectores Natabuela, ciudadela Gangotena (Chaltura), Panamericana, entrada a Caballo Blanco, Rocafuerte (San Roque).<\/p>\n<p>-Ibarra: sector Rumipamba &#8211; La Esperanza, Zuleta<\/p>\n<p>-Otavalo: Panamericana E35 entrada a Carabuela, sendero 5 (La Magdalena); redondel de Gonz\u00e1lez Su\u00e1rez, Pinsaqu\u00ed (Pedro Freile) calle D (Peguche); Caluqu\u00ed, Eugenio Espejo, San Rafael, Ilum\u00e1n, Puente del R\u00edo Blanco (v\u00eda Quiroga), partidero a Cotacachi.<\/p>\n<p>-San Miguel de Urcuqu\u00ed: v\u00eda rural que conecta Imbaya con Urcuqu\u00ed, sector Conaqu\u00ed<\/p>\n<p>&#8211;<b>Napo<\/b>, Tena: 15 de noviembre y Chontayacu<\/p>\n<p><b>Pichincha:<\/b><\/p>\n<p>-Cayambe: Panamericana norte, Santa Mar\u00eda de Mil\u00e1n<\/p>\n<p>-Pedro Moncayo: E28 sector La Esperanza, ingreso al Rosario<\/p>\n<p>-Tabacundo: Av. E28, sector de Loma Gorda<\/p>\n<p>&#8211;<b>Sucumb\u00edos<\/b>, Lago Agrio: V\u00eda al Coca, km 12, Jandiayaku<\/p>\n<\/div>\n<div class=\"image_post\"><img loading=\"lazy\" decoding=\"async\" title=\"V\u00edas cerradas la tarde de este lunes \" src=\"https:\/\/www.vistazo.com\/binrepository\/g2csysjxkaao5ee_2447196_20250929163244.jpg\" alt=\"V\u00edas cerradas la tarde de este lunes \" width=\"1080\" height=\"1350\" \/><\/div>\n<hr class=\"linea_hr\" \/>\n<div class=\"social-icons\">29\/09\/2025 15:55<\/div>\n<\/div>\n<\/div>\n<\/div>\n<div class=\"item_post p_6\">\n<div class=\"item_content\">\n<div class=\"content_post\">\n<div class=\"headline_post\">Relatora de ONU, preocupada<\/div>\n<div class=\"text_post\">\n<p>La relatora de la\u00a0<a href=\"https:\/\/www.vistazo.com\/politica\/nacional\/2025-09-20-relatora-onu-llamado-respetar-garantizar-independencia-corte-constitucional-ecuador-FE10147266\">ONU\u00a0<\/a>sobre la situaci\u00f3n de los defensores de derechos humanos,\u00a0<b>Mary Lawlor,<\/b>\u00a0asegur\u00f3 este lunes haber recibido\u00a0<u><b>\u00abnoticias preocupantes\u00bb\u00a0<\/b><\/u>sobre la \u00abrepresi\u00f3n violenta de las movilizaciones pac\u00edficas\u00bb que se realizan en Ecuador en contra del Gobierno por la eliminaci\u00f3n del subsidio al di\u00e9sel.<\/p>\n<p>\u00abLas personas tienen derecho a defender los derechos humanos,\u00a0<u><b>el Estado debe abstenerse de cualquier represalia en su contra por ejercerlo<\/b><\/u>\u00ab, se\u00f1al\u00f3 la relatora en su cuenta de la red social X.<\/p>\n<p>El mensaje de Lawlor se une al que ya hizo el s\u00e1bado el\u00a0<u><b>Foro Permanente de las Naciones Unidas para las Cuestiones Ind\u00edgenas,<\/b><\/u>\u00a0que inst\u00f3 al Gobierno a garantizar el debido proceso, la representaci\u00f3n legal y el contacto con los familiares de los detenidos durante las protestas que se han intensificado en la provincia de Imbabura.<\/p>\n<p>Y tambi\u00e9n al que realiz\u00f3 ese mismo d\u00eda la relatora de la ONU para la libertad de asociaci\u00f3n y asamblea,\u00a0<u><b>Gina Romero<\/b><\/u>, quien alertaba que el Gobierno del presidente Daniel Noboa parec\u00eda \u00abhaber emprendido una persecuci\u00f3n contra la sociedad civil, los movimientos sociales y la protesta en el pa\u00eds\u00bb. <strong>Fuente: Vistazo<\/strong><\/p>\n<\/div>\n<div class=\"html_post\"><\/div>\n<\/div>\n<\/div>\n<\/div>\n<\/div>\n<\/div>\n","protected":false},"excerpt":{"rendered":"<p>El\u00a0paro nacional, convocado por la\u00a0Conaie\u00a0y otras organizaciones sociales,\u00a0cumpli\u00f3 su octavo d\u00eda\u00a0este lunes 29 de septiembre en medio de tensiones entre el Gobierno y manifestantes.\u00a0Ninguno de los dos lados est\u00e1 dispuesto a ceder. Por un lado,\u00a0Carolina Jaramillo, vocera del Gobierno, ratific\u00f3 que no habr\u00e1 negociaci\u00f3n \u201cporque eso significar\u00eda dejar de entregar beneficios directamente a quienes m\u00e1s lo necesitan\u201d y calific\u00f3 las manifestaciones como\u00a0\u201cactos terroristas\u201d. El presidente Daniel Noboa, en cambio, denunci\u00f3 una\u00a0\u201cemboscada\u201d\u00a0en Otavalo, provincia de Imbabura, donde se han concentrado la mayor\u00eda de cierres viales y manifestaciones. El jefe de Estado encabez\u00f3 el convoy militar con ayuda humanitaria y en compa\u00f1\u00eda de delegaciones internacionales el pasado domingo, sin embargo,\u00a0fueron atacados por manifestates durante el trayecto. Mientras tanto, la Conaie ratific\u00f3 que seguir\u00e1 el paro nacional hasta que el presidente cumpla\u00a010 exigencias, como la eliminaci\u00f3n del subsidio al di\u00e9sel. Adem\u00e1s,\u00a0Marlon Vargas, presidente de esa organizaci\u00f3n, advirti\u00f3 que\u00a0Ecuador podr\u00eda entrar en un \u201ccaos\u201dy que el responsable ser\u00eda Noboa. Al momento, el paro nacional deja un fallecido. Se trata de\u00a0Efra\u00edn Fueres, oriundo del cant\u00f3n Cotacachi, quien muri\u00f3 en medio de un enfrentamiento con militares. Tambi\u00e9n,\u00a0hay 12 militares heridos y 17 retenidos, de los cuales se desconoce su estado de salud y paradero. El Ministerio del Interior contabiliza\u00a090 detenidos en el marco del paro nacional, alguno de los cuales son investigados por el presunto delito de terrorismo. DETALLES MINUTO A MINUTO 29\/09\/2025 22:00 Manifestantes cierran v\u00eda Dur\u00e1n\u2013Tambo En la provincia de Ca\u00f1ar, habitantes cerraron dos tramos de la v\u00eda Dur\u00e1n\u2013Tambo. En uno de los puntos colocaron una volqueta y mont\u00edculos de tierra para impedir el paso de veh\u00edculos, mientras que en otro encendieron neum\u00e1ticos. Esta carretera es una ruta clave que conecta a las provincias de Azuay, Ca\u00f1ar y Guayas. 29\/09\/2025 20:40 \u00abNo somos terroristas\u00bb, clama esposa de ind\u00edgena muerto en protestas Con una mezcla de dolor y rabia, Mar\u00eda Lucila Guitarra exige justicia. \u00abNo somos terroristas\u00bb, clama la viuda y asegura que su marido fue asesinado en medio de la represi\u00f3n militar de las protestas ind\u00edgenas contra el gobierno de Ecuador. Efra\u00edn Fuerez falleci\u00f3 el domingo por \u00abtres impactos de bala\u00bb de las Fuerzas Armadas, seg\u00fan denuncias de la principal organizaci\u00f3n de pueblos originarios (Conaie) y una ONG de derechos humanos. La Fiscal\u00eda investiga la muerte del hombre de 46 a\u00f1os. \u00abSe\u00f1or (Daniel) Noboa, no somos terroristas y en esta ocasi\u00f3n me quitaron a mi esposo, a mi sustento y me dejaron en esta situaci\u00f3n. Mis hijos est\u00e1n destrozados\u00bb, dijo Guitarra a la AFP, desde su vivienda en Imbabura. 29\/09\/2025 18:40 Tabacundo paralizado El sector de\u00a0Tabacundo,\u00a0en el l\u00edmite provincial entre Imbabura y Pichincha, est\u00e1 paralizado debido a las manifestaciones de las organizaciones sociales. Cientos de personas\u00a0se han visto obligadas a buscar otras formas de transporte\u00a0para poder llegar a sus trabajos, domicilios o instituciones educativas. Algunos ciudadanos deben\u00a0caminar largas horas\u00a0para estar a tiempo en sus labores diarias, mientras que otros han optado por utilizar\u00a0bicicletas. Tambi\u00e9n hay buses comunitarios que ayudan a la gente a trasladarse hasta ciertos puntos. Una de las industrias m\u00e1s afectadas ha sido la\u00a0flor\u00edcola. Justo en esta zona hay varias empresas, cuyos trabajadores deben caminar muchas horas hasta llegar a su trabajo. 29\/09\/2025 17:55 Manifestaci\u00f3n en Quito Decenas de estudiantes y gremios sociales se reunieron en los exteriores de la\u00a0Universidad Central\u00a0para protestar en contra del Gobierno de Daniel Noboa. La tarde de este lunes 29 de septiembre, los manifestantes\u00a0quemaron llantas y cerraron la avenida Am\u00e9rica, sentido norte-sur,\u00a0en el centro de la capital. \u201cRechazamos la actitud de Daniel Noboa de criminalizar a los j\u00f3venes, a los dirigentes sociales, sus manos est\u00e1n llenas de sangre\u201d, dijo una estudiante del\u00a0Colegio Mej\u00eda, quien agreg\u00f3 que la protesta no solo es por la eliminaci\u00f3n del subsidio al di\u00e9sel, sino tambi\u00e9n por la\u00a0\u201ceducaci\u00f3n mediocre\u201d que recibe en su instituci\u00f3n. Mientras tanto, el presidente de la FEUE nacional,\u00a0Nery Padilla, manifest\u00f3 que en el pa\u00eds no hay empleo, medicina, ni seguridad.\u00a0\u201cLo \u00fanico que ha hecho el Gobierno es priorizar una Consulta Popular\u201d, acot\u00f3. Pasadas las 17:30, la avenida Am\u00e9rica, sentido norte-sur, fue habilitada. 29\/09\/2025 16:30 V\u00edas cerradas la tarde de este lunes El\u00a0ECU 911\u00a0inform\u00f3 que alrededor del pa\u00eds hay m\u00faltiples v\u00edas cerradas: &#8211;Bol\u00edvar, Guaranda: v\u00eda Riobamba por Gallo Rumi (sector Herrer\u00eda-Vinchoa central) &#8211;Ca\u00f1ar, Suscal: Pach\u00f3n &#8211;Chimborazo,\u00a0Alaus\u00ed: Tixan, a 2 km de Charicando. Imbabura: -Antonio Ante: sectores Natabuela, ciudadela Gangotena (Chaltura), Panamericana, entrada a Caballo Blanco, Rocafuerte (San Roque). -Ibarra: sector Rumipamba &#8211; La Esperanza, Zuleta -Otavalo: Panamericana E35 entrada a Carabuela, sendero 5 (La Magdalena); redondel de Gonz\u00e1lez Su\u00e1rez, Pinsaqu\u00ed (Pedro Freile) calle D (Peguche); Caluqu\u00ed, Eugenio Espejo, San Rafael, Ilum\u00e1n, Puente del R\u00edo Blanco (v\u00eda Quiroga), partidero a Cotacachi. -San Miguel de Urcuqu\u00ed: v\u00eda rural que conecta Imbaya con Urcuqu\u00ed, sector Conaqu\u00ed &#8211;Napo, Tena: 15 de noviembre y Chontayacu Pichincha: -Cayambe: Panamericana norte, Santa Mar\u00eda de Mil\u00e1n -Pedro Moncayo: E28 sector La Esperanza, ingreso al Rosario -Tabacundo: Av. E28, sector de Loma Gorda &#8211;Sucumb\u00edos, Lago Agrio: V\u00eda al Coca, km 12, Jandiayaku 29\/09\/2025 15:55 Relatora de ONU, preocupada La relatora de la\u00a0ONU\u00a0sobre la situaci\u00f3n de los defensores de derechos humanos,\u00a0Mary Lawlor,\u00a0asegur\u00f3 este lunes haber recibido\u00a0\u00abnoticias preocupantes\u00bb\u00a0sobre la \u00abrepresi\u00f3n violenta de las movilizaciones pac\u00edficas\u00bb que se realizan en Ecuador en contra del Gobierno por la eliminaci\u00f3n del subsidio al di\u00e9sel. \u00abLas personas tienen derecho a defender los derechos humanos,\u00a0el Estado debe abstenerse de cualquier represalia en su contra por ejercerlo\u00ab, se\u00f1al\u00f3 la relatora en su cuenta de la red social X. El mensaje de Lawlor se une al que ya hizo el s\u00e1bado el\u00a0Foro Permanente de las Naciones Unidas para las Cuestiones Ind\u00edgenas,\u00a0que inst\u00f3 al Gobierno a garantizar el debido proceso, la representaci\u00f3n legal y el contacto con los familiares de los detenidos durante las protestas que se han intensificado en la provincia de Imbabura. Y tambi\u00e9n al que realiz\u00f3 ese mismo d\u00eda la relatora de la ONU para la libertad de asociaci\u00f3n y asamblea,\u00a0Gina Romero, quien alertaba que el Gobierno del presidente Daniel Noboa parec\u00eda \u00abhaber emprendido una persecuci\u00f3n contra la sociedad civil, los movimientos sociales y la protesta en el pa\u00eds\u00bb. Fuente: Vistazo<\/p>\n","protected":false},"author":1,"featured_media":26713,"comment_status":"closed","ping_status":"closed","sticky":false,"template":"","format":"standard","meta":{"footnotes":""},"categories":[268],"tags":[],"class_list":["post-26712","post","type-post","status-publish","format-standard","has-post-thumbnail","hentry","category-nacionales"],"_links":{"self":[{"href":"https:\/\/www.elamazonico.com\/portal\/wp-json\/wp\/v2\/posts\/26712","targetHints":{"allow":["GET"]}}],"collection":[{"href":"https:\/\/www.elamazonico.com\/portal\/wp-json\/wp\/v2\/posts"}],"about":[{"href":"https:\/\/www.elamazonico.com\/portal\/wp-json\/wp\/v2\/types\/post"}],"author":[{"embeddable":true,"href":"https:\/\/www.elamazonico.com\/portal\/wp-json\/wp\/v2\/users\/1"}],"replies":[{"embeddable":true,"href":"https:\/\/www.elamazonico.com\/portal\/wp-json\/wp\/v2\/comments?post=26712"}],"version-history":[{"count":1,"href":"https:\/\/www.elamazonico.com\/portal\/wp-json\/wp\/v2\/posts\/26712\/revisions"}],"predecessor-version":[{"id":26714,"href":"https:\/\/www.elamazonico.com\/portal\/wp-json\/wp\/v2\/posts\/26712\/revisions\/26714"}],"wp:featuredmedia":[{"embeddable":true,"href":"https:\/\/www.elamazonico.com\/portal\/wp-json\/wp\/v2\/media\/26713"}],"wp:attachment":[{"href":"https:\/\/www.elamazonico.com\/portal\/wp-json\/wp\/v2\/media?parent=26712"}],"wp:term":[{"taxonomy":"category","embeddable":true,"href":"https:\/\/www.elamazonico.com\/portal\/wp-json\/wp\/v2\/categories?post=26712"},{"taxonomy":"post_tag","embeddable":true,"href":"https:\/\/www.elamazonico.com\/portal\/wp-json\/wp\/v2\/tags?post=26712"}],"curies":[{"name":"wp","href":"https:\/\/api.w.org\/{rel}","templated":true}]}}