{"id":26668,"date":"2025-09-29T07:42:34","date_gmt":"2025-09-29T12:42:34","guid":{"rendered":"https:\/\/www.elamazonico.com\/portal\/?p=26668"},"modified":"2025-09-29T07:42:34","modified_gmt":"2025-09-29T12:42:34","slug":"timbara-impulsa-la-produccion-local-con-la-segunda-feria-agroproductiva-2025-en-el-barrio-numbami","status":"publish","type":"post","link":"https:\/\/www.elamazonico.com\/portal\/timbara-impulsa-la-produccion-local-con-la-segunda-feria-agroproductiva-2025-en-el-barrio-numbami\/","title":{"rendered":"Timbara impulsa la producci\u00f3n local con la Segunda Feria Agroproductiva 2025 en el barrio Numbami"},"content":{"rendered":"<p>Con la participaci\u00f3n de productores, emprendedores y autoridades locales, el s\u00e1bado 27 de septiembre se desarroll\u00f3 la Segunda Feria Agroproductiva 2025 en el barrio Numbami de la parroquia Timbara, cant\u00f3n Zamora. El evento se llev\u00f3 a cabo en honor a San Antonio de Padua, fortaleciendo las tradiciones comunitarias y el impulso a la producci\u00f3n org\u00e1nica de la zona.<\/p>\n<p>La feria inici\u00f3 con la intervenci\u00f3n de Luz Paqui, moradora y emprendedora del barrio Numbami, quien dio la bienvenida a los asistentes y resalt\u00f3 la importancia de dar continuidad a este tipo de encuentros que promueven la uni\u00f3n barrial y la valoraci\u00f3n de los productos locales.<\/p>\n<p>Posteriormente, el presidente del GAD Parroquial de Timbara, Jhonatan Chiriboga, destac\u00f3 el rol fundamental de los productores y emprendedores en el desarrollo econ\u00f3mico de la parroquia. \u201cHoy nos encontramos en Numbami, pero esta feria ya se ha realizado en sectores como Mart\u00edn Ujukam, Sakantza y La Pituca, siempre con el compromiso de ser equitativos con cada barrio. Nuestro objetivo es resaltar los productos netamente org\u00e1nicos y reconocer el esfuerzo de nuestra gente\u201d, se\u00f1al\u00f3.<\/p>\n<p>Chiriboga agradeci\u00f3 adem\u00e1s el acompa\u00f1amiento de los t\u00e9cnicos del Ministerio de Agricultura y Ganader\u00eda (MAG) y del propio GAD Parroquial, mencionando especialmente a la doctora Rosa Orellana e ingeniera Julia, quienes aportan con su asistencia t\u00e9cnica en beneficio de la producci\u00f3n local. Durante la jornada, se desarrollaron concursos y actividades culturales, motivando la participaci\u00f3n comunitaria y la integraci\u00f3n familiar.<\/p>\n<p>En representaci\u00f3n de los moradores, Alberto Jim\u00e9nez, habitante del Valle del Jambo\u00e9, realiz\u00f3 un llamado p\u00fablico a la Prefectura de Zamora Chinchipe para que priorice el mantenimiento vial en la parroquia. \u201cHemos solicitado en varias ocasiones la atenci\u00f3n a nuestras v\u00edas. Esto es vital no solo para el turismo, sino para sacar los productos que abastecen la feria de Zamora, como quesillo, panela, pl\u00e1tano, yuca y verduras\u201d, expres\u00f3.<\/p>\n<p>La Segunda Feria Agroproductiva 2025 reafirma el compromiso de la parroquia Timbara con la dinamizaci\u00f3n de la econom\u00eda local, el rescate de las pr\u00e1cticas agr\u00edcolas tradicionales y el fortalecimiento de los lazos comunitarios, constituy\u00e9ndose en un espacio de encuentro entre productores, autoridades y ciudadan\u00eda.<\/p>\n","protected":false},"excerpt":{"rendered":"<p>Con la participaci\u00f3n de productores, emprendedores y autoridades locales, el s\u00e1bado 27 de septiembre se desarroll\u00f3 la Segunda Feria Agroproductiva 2025 en el barrio Numbami de la parroquia Timbara, cant\u00f3n Zamora. El evento se llev\u00f3 a cabo en honor a San Antonio de Padua, fortaleciendo las tradiciones comunitarias y el impulso a la producci\u00f3n org\u00e1nica de la zona. La feria inici\u00f3 con la intervenci\u00f3n de Luz Paqui, moradora y emprendedora del barrio Numbami, quien dio la bienvenida a los asistentes y resalt\u00f3 la importancia de dar continuidad a este tipo de encuentros que promueven la uni\u00f3n barrial y la valoraci\u00f3n de los productos locales. Posteriormente, el presidente del GAD Parroquial de Timbara, Jhonatan Chiriboga, destac\u00f3 el rol fundamental de los productores y emprendedores en el desarrollo econ\u00f3mico de la parroquia. \u201cHoy nos encontramos en Numbami, pero esta feria ya se ha realizado en sectores como Mart\u00edn Ujukam, Sakantza y La Pituca, siempre con el compromiso de ser equitativos con cada barrio. Nuestro objetivo es resaltar los productos netamente org\u00e1nicos y reconocer el esfuerzo de nuestra gente\u201d, se\u00f1al\u00f3. Chiriboga agradeci\u00f3 adem\u00e1s el acompa\u00f1amiento de los t\u00e9cnicos del Ministerio de Agricultura y Ganader\u00eda (MAG) y del propio GAD Parroquial, mencionando especialmente a la doctora Rosa Orellana e ingeniera Julia, quienes aportan con su asistencia t\u00e9cnica en beneficio de la producci\u00f3n local. Durante la jornada, se desarrollaron concursos y actividades culturales, motivando la participaci\u00f3n comunitaria y la integraci\u00f3n familiar. En representaci\u00f3n de los moradores, Alberto Jim\u00e9nez, habitante del Valle del Jambo\u00e9, realiz\u00f3 un llamado p\u00fablico a la Prefectura de Zamora Chinchipe para que priorice el mantenimiento vial en la parroquia. \u201cHemos solicitado en varias ocasiones la atenci\u00f3n a nuestras v\u00edas. Esto es vital no solo para el turismo, sino para sacar los productos que abastecen la feria de Zamora, como quesillo, panela, pl\u00e1tano, yuca y verduras\u201d, expres\u00f3. La Segunda Feria Agroproductiva 2025 reafirma el compromiso de la parroquia Timbara con la dinamizaci\u00f3n de la econom\u00eda local, el rescate de las pr\u00e1cticas agr\u00edcolas tradicionales y el fortalecimiento de los lazos comunitarios, constituy\u00e9ndose en un espacio de encuentro entre productores, autoridades y ciudadan\u00eda.<\/p>\n","protected":false},"author":1,"featured_media":26669,"comment_status":"closed","ping_status":"closed","sticky":false,"template":"","format":"standard","meta":{"footnotes":""},"categories":[243],"tags":[],"class_list":["post-26668","post","type-post","status-publish","format-standard","has-post-thumbnail","hentry","category-noticias-zamora"],"_links":{"self":[{"href":"https:\/\/www.elamazonico.com\/portal\/wp-json\/wp\/v2\/posts\/26668","targetHints":{"allow":["GET"]}}],"collection":[{"href":"https:\/\/www.elamazonico.com\/portal\/wp-json\/wp\/v2\/posts"}],"about":[{"href":"https:\/\/www.elamazonico.com\/portal\/wp-json\/wp\/v2\/types\/post"}],"author":[{"embeddable":true,"href":"https:\/\/www.elamazonico.com\/portal\/wp-json\/wp\/v2\/users\/1"}],"replies":[{"embeddable":true,"href":"https:\/\/www.elamazonico.com\/portal\/wp-json\/wp\/v2\/comments?post=26668"}],"version-history":[{"count":1,"href":"https:\/\/www.elamazonico.com\/portal\/wp-json\/wp\/v2\/posts\/26668\/revisions"}],"predecessor-version":[{"id":26670,"href":"https:\/\/www.elamazonico.com\/portal\/wp-json\/wp\/v2\/posts\/26668\/revisions\/26670"}],"wp:featuredmedia":[{"embeddable":true,"href":"https:\/\/www.elamazonico.com\/portal\/wp-json\/wp\/v2\/media\/26669"}],"wp:attachment":[{"href":"https:\/\/www.elamazonico.com\/portal\/wp-json\/wp\/v2\/media?parent=26668"}],"wp:term":[{"taxonomy":"category","embeddable":true,"href":"https:\/\/www.elamazonico.com\/portal\/wp-json\/wp\/v2\/categories?post=26668"},{"taxonomy":"post_tag","embeddable":true,"href":"https:\/\/www.elamazonico.com\/portal\/wp-json\/wp\/v2\/tags?post=26668"}],"curies":[{"name":"wp","href":"https:\/\/api.w.org\/{rel}","templated":true}]}}