{"id":26665,"date":"2025-09-29T07:34:49","date_gmt":"2025-09-29T12:34:49","guid":{"rendered":"https:\/\/www.elamazonico.com\/portal\/?p=26665"},"modified":"2025-09-29T07:34:49","modified_gmt":"2025-09-29T12:34:49","slug":"juramento-a-la-bandera-en-la-unidad-educativa-12-de-febrero-seccion-nocturna","status":"publish","type":"post","link":"https:\/\/www.elamazonico.com\/portal\/juramento-a-la-bandera-en-la-unidad-educativa-12-de-febrero-seccion-nocturna\/","title":{"rendered":"Juramento a la Bandera en la Unidad Educativa \u201c12 de Febrero\u201d Secci\u00f3n Nocturna"},"content":{"rendered":"<p>La noche del viernes 26 de septiembre, la Unidad Educativa \u201c12 de Febrero\u201d, secci\u00f3n nocturna, del cant\u00f3n Zamora, llev\u00f3 a cabo la ceremonia de Juramento a la Bandera y proclamaci\u00f3n de abanderados y escoltas de los estudiantes de Tercero de Bachillerato en la modalidad intensiva.<\/p>\n<p>En total, 32 estudiantes participaron en este solemne acto, que constituye un hito trascendental en su formaci\u00f3n acad\u00e9mica y ciudadana.<\/p>\n<p>El evento inici\u00f3 con las palabras de Luz Calder\u00f3n Sosa, vicerrectora de la secci\u00f3n nocturna, quien expres\u00f3 que este momento simboliza la reafirmaci\u00f3n de los valores c\u00edvicos que identifican a los ecuatorianos como ciudadanos responsables y comprometidos con la patria.<\/p>\n<p>\u201cLa Bandera Nacional, s\u00edmbolo de nuestra identidad, nos recuerda la historia de quienes nos antecedieron, su esfuerzo y sacrificio por la patria, y nos convoca a continuar su legado con integridad y respeto. Los estudiantes proclamados como abanderados y escoltas reciben no solo la responsabilidad de portar nuestros emblemas, sino tambi\u00e9n la misi\u00f3n de ser ejemplo de disciplina, liderazgo y compromiso dentro y fuera de la instituci\u00f3n\u201d, se\u00f1al\u00f3 Calder\u00f3n.<\/p>\n<p>Durante el acto, tambi\u00e9n se desarroll\u00f3 una conferencia alusiva al D\u00eda de la Bandera del Ecuador, a cargo de la docente Ligia Maza Jim\u00e9nez, quien destac\u00f3 la importancia de este s\u00edmbolo patrio como expresi\u00f3n viva de la historia, los ideales y el compromiso colectivo del pa\u00eds.<\/p>\n<p>\u201cLa bandera tricolor no es simplemente un lienzo ondeando al viento, es el alma misma de nuestra naci\u00f3n. El amarillo representa la riqueza de nuestra tierra; el azul, el cielo infinito y los r\u00edos que recorren nuestras monta\u00f1as; y el rojo, la sangre derramada por quienes lucharon por la libertad y la justicia. En un pa\u00eds diverso como el Ecuador, la bandera nos recuerda que m\u00e1s all\u00e1 de nuestras diferencias compartimos un destino com\u00fan y una identidad que nos trasciende\u201d, afirm\u00f3 la docente.<\/p>\n<p>La ceremonia, que reuni\u00f3 a estudiantes, docentes, autoridades y familiares, reafirm\u00f3 el compromiso de la comunidad educativa con la formaci\u00f3n integral de j\u00f3venes y adultos, fortaleciendo en ellos el respeto a los s\u00edmbolos patrios y los valores c\u00edvicos que sustentan la identidad nacional.<\/p>\n","protected":false},"excerpt":{"rendered":"<p>La noche del viernes 26 de septiembre, la Unidad Educativa \u201c12 de Febrero\u201d, secci\u00f3n nocturna, del cant\u00f3n Zamora, llev\u00f3 a cabo la ceremonia de Juramento a la Bandera y proclamaci\u00f3n de abanderados y escoltas de los estudiantes de Tercero de Bachillerato en la modalidad intensiva. En total, 32 estudiantes participaron en este solemne acto, que constituye un hito trascendental en su formaci\u00f3n acad\u00e9mica y ciudadana. El evento inici\u00f3 con las palabras de Luz Calder\u00f3n Sosa, vicerrectora de la secci\u00f3n nocturna, quien expres\u00f3 que este momento simboliza la reafirmaci\u00f3n de los valores c\u00edvicos que identifican a los ecuatorianos como ciudadanos responsables y comprometidos con la patria. \u201cLa Bandera Nacional, s\u00edmbolo de nuestra identidad, nos recuerda la historia de quienes nos antecedieron, su esfuerzo y sacrificio por la patria, y nos convoca a continuar su legado con integridad y respeto. Los estudiantes proclamados como abanderados y escoltas reciben no solo la responsabilidad de portar nuestros emblemas, sino tambi\u00e9n la misi\u00f3n de ser ejemplo de disciplina, liderazgo y compromiso dentro y fuera de la instituci\u00f3n\u201d, se\u00f1al\u00f3 Calder\u00f3n. Durante el acto, tambi\u00e9n se desarroll\u00f3 una conferencia alusiva al D\u00eda de la Bandera del Ecuador, a cargo de la docente Ligia Maza Jim\u00e9nez, quien destac\u00f3 la importancia de este s\u00edmbolo patrio como expresi\u00f3n viva de la historia, los ideales y el compromiso colectivo del pa\u00eds. \u201cLa bandera tricolor no es simplemente un lienzo ondeando al viento, es el alma misma de nuestra naci\u00f3n. El amarillo representa la riqueza de nuestra tierra; el azul, el cielo infinito y los r\u00edos que recorren nuestras monta\u00f1as; y el rojo, la sangre derramada por quienes lucharon por la libertad y la justicia. En un pa\u00eds diverso como el Ecuador, la bandera nos recuerda que m\u00e1s all\u00e1 de nuestras diferencias compartimos un destino com\u00fan y una identidad que nos trasciende\u201d, afirm\u00f3 la docente. La ceremonia, que reuni\u00f3 a estudiantes, docentes, autoridades y familiares, reafirm\u00f3 el compromiso de la comunidad educativa con la formaci\u00f3n integral de j\u00f3venes y adultos, fortaleciendo en ellos el respeto a los s\u00edmbolos patrios y los valores c\u00edvicos que sustentan la identidad nacional.<\/p>\n","protected":false},"author":1,"featured_media":26666,"comment_status":"closed","ping_status":"closed","sticky":false,"template":"","format":"standard","meta":{"footnotes":""},"categories":[243],"tags":[],"class_list":["post-26665","post","type-post","status-publish","format-standard","has-post-thumbnail","hentry","category-noticias-zamora"],"_links":{"self":[{"href":"https:\/\/www.elamazonico.com\/portal\/wp-json\/wp\/v2\/posts\/26665","targetHints":{"allow":["GET"]}}],"collection":[{"href":"https:\/\/www.elamazonico.com\/portal\/wp-json\/wp\/v2\/posts"}],"about":[{"href":"https:\/\/www.elamazonico.com\/portal\/wp-json\/wp\/v2\/types\/post"}],"author":[{"embeddable":true,"href":"https:\/\/www.elamazonico.com\/portal\/wp-json\/wp\/v2\/users\/1"}],"replies":[{"embeddable":true,"href":"https:\/\/www.elamazonico.com\/portal\/wp-json\/wp\/v2\/comments?post=26665"}],"version-history":[{"count":1,"href":"https:\/\/www.elamazonico.com\/portal\/wp-json\/wp\/v2\/posts\/26665\/revisions"}],"predecessor-version":[{"id":26667,"href":"https:\/\/www.elamazonico.com\/portal\/wp-json\/wp\/v2\/posts\/26665\/revisions\/26667"}],"wp:featuredmedia":[{"embeddable":true,"href":"https:\/\/www.elamazonico.com\/portal\/wp-json\/wp\/v2\/media\/26666"}],"wp:attachment":[{"href":"https:\/\/www.elamazonico.com\/portal\/wp-json\/wp\/v2\/media?parent=26665"}],"wp:term":[{"taxonomy":"category","embeddable":true,"href":"https:\/\/www.elamazonico.com\/portal\/wp-json\/wp\/v2\/categories?post=26665"},{"taxonomy":"post_tag","embeddable":true,"href":"https:\/\/www.elamazonico.com\/portal\/wp-json\/wp\/v2\/tags?post=26665"}],"curies":[{"name":"wp","href":"https:\/\/api.w.org\/{rel}","templated":true}]}}