{"id":26645,"date":"2025-09-25T12:28:10","date_gmt":"2025-09-25T17:28:10","guid":{"rendered":"https:\/\/www.elamazonico.com\/portal\/?p=26645"},"modified":"2025-09-25T12:28:10","modified_gmt":"2025-09-25T17:28:10","slug":"lanzamiento-oficial-del-festival-de-la-cana-y-la-melcocha-timbara-2025","status":"publish","type":"post","link":"https:\/\/www.elamazonico.com\/portal\/lanzamiento-oficial-del-festival-de-la-cana-y-la-melcocha-timbara-2025\/","title":{"rendered":"Lanzamiento oficial del Festival de la Ca\u00f1a y la Melcocha Timbara 2025"},"content":{"rendered":"<p>En un acto lleno de fraternidad y compromiso con la cultura local, este jueves 25 de septiembre se realiz\u00f3 el lanzamiento oficial del Festival de la Ca\u00f1a y la Melcocha Timbara 2025, evento que se desarrollar\u00e1 el pr\u00f3ximo 5 de octubre, en el marco de la conmemoraci\u00f3n de los 476 a\u00f1os de fundaci\u00f3n de Zamora.<\/p>\n<p>El evento de presentaci\u00f3n se llev\u00f3 a cabo en el barrio Timbara, con la participaci\u00f3n de autoridades provinciales, cantonales, parroquiales, dirigentes barriales y ciudadan\u00eda. El alcalde del cant\u00f3n Zamora, Manuel Gonz\u00e1lez, inici\u00f3 destacando la importancia de retomar este festival como un espacio de identidad cultural, tradici\u00f3n y unidad ciudadana.<\/p>\n<p>En su intervenci\u00f3n, el burgomaestre expres\u00f3 su reconocimiento a los productores, moradores y familias de Timbara, as\u00ed como a las diferentes autoridades presentes, entre ellas la prefecta y el viceprefecto de la provincia, los concejales del cant\u00f3n, representantes del Gobierno Parroquial y la reina del festival. Subray\u00f3, adem\u00e1s, el aporte de la concejala alterna Jimena Mesa, quien contribuy\u00f3 en la discusi\u00f3n t\u00e9cnica para que el proyecto fuera retomado y aprobado en el Concejo Municipal.<\/p>\n<p>El alcalde Gonz\u00e1lez anunci\u00f3 que, para esta edici\u00f3n, se entregar\u00e1n alrededor de quince premios a productores locales, y que la programaci\u00f3n contar\u00e1 con actividades log\u00edsticas y recreativas, incluyendo la participaci\u00f3n de motociclistas, cuyo componente fue integrado al festival en el a\u00f1o 2019. En este marco, agradeci\u00f3 el aporte de moradores como Pepe Silva, quien asumir\u00e1 responsabilidades en la organizaci\u00f3n de esta actividad.<\/p>\n<p>Asimismo, el festival cuenta con el apoyo econ\u00f3mico de USD 5.000 por parte del Gobierno Provincial de Zamora Chinchipe, lo que permitir\u00e1 fortalecer la programaci\u00f3n y garantizar la calidad de las actividades. El alcalde extendi\u00f3 un llamado a sumar voluntades de otras instituciones p\u00fablicas y privadas, con el objetivo de consolidar el festival como una tradici\u00f3n de alcance cantonal, provincial y nacional.<\/p>\n<p>Durante su intervenci\u00f3n, el alcalde record\u00f3 los inicios del festival hace m\u00e1s de nueve a\u00f1os, reconociendo el papel de instituciones y l\u00edderes que impulsaron sus primeras ediciones, como el soci\u00f3logo Salvador Quizhpe, quien dej\u00f3 sentado en la historia provincial el compromiso de respaldar esta iniciativa.<\/p>\n<p>Finalmente, Gonz\u00e1lez reiter\u00f3 la invitaci\u00f3n a la ciudadan\u00eda del cant\u00f3n Zamora, de la provincia y del pa\u00eds entero a participar en esta celebraci\u00f3n cultural el pr\u00f3ximo 5 de octubre, resaltando que el Festival de la Ca\u00f1a y la Melcocha es un s\u00edmbolo de identidad para Timbara y un legado de orgullo para todos los zamoranos y zamoranas.<\/p>\n","protected":false},"excerpt":{"rendered":"<p>En un acto lleno de fraternidad y compromiso con la cultura local, este jueves 25 de septiembre se realiz\u00f3 el lanzamiento oficial del Festival de la Ca\u00f1a y la Melcocha Timbara 2025, evento que se desarrollar\u00e1 el pr\u00f3ximo 5 de octubre, en el marco de la conmemoraci\u00f3n de los 476 a\u00f1os de fundaci\u00f3n de Zamora. El evento de presentaci\u00f3n se llev\u00f3 a cabo en el barrio Timbara, con la participaci\u00f3n de autoridades provinciales, cantonales, parroquiales, dirigentes barriales y ciudadan\u00eda. El alcalde del cant\u00f3n Zamora, Manuel Gonz\u00e1lez, inici\u00f3 destacando la importancia de retomar este festival como un espacio de identidad cultural, tradici\u00f3n y unidad ciudadana. En su intervenci\u00f3n, el burgomaestre expres\u00f3 su reconocimiento a los productores, moradores y familias de Timbara, as\u00ed como a las diferentes autoridades presentes, entre ellas la prefecta y el viceprefecto de la provincia, los concejales del cant\u00f3n, representantes del Gobierno Parroquial y la reina del festival. Subray\u00f3, adem\u00e1s, el aporte de la concejala alterna Jimena Mesa, quien contribuy\u00f3 en la discusi\u00f3n t\u00e9cnica para que el proyecto fuera retomado y aprobado en el Concejo Municipal. El alcalde Gonz\u00e1lez anunci\u00f3 que, para esta edici\u00f3n, se entregar\u00e1n alrededor de quince premios a productores locales, y que la programaci\u00f3n contar\u00e1 con actividades log\u00edsticas y recreativas, incluyendo la participaci\u00f3n de motociclistas, cuyo componente fue integrado al festival en el a\u00f1o 2019. En este marco, agradeci\u00f3 el aporte de moradores como Pepe Silva, quien asumir\u00e1 responsabilidades en la organizaci\u00f3n de esta actividad. Asimismo, el festival cuenta con el apoyo econ\u00f3mico de USD 5.000 por parte del Gobierno Provincial de Zamora Chinchipe, lo que permitir\u00e1 fortalecer la programaci\u00f3n y garantizar la calidad de las actividades. El alcalde extendi\u00f3 un llamado a sumar voluntades de otras instituciones p\u00fablicas y privadas, con el objetivo de consolidar el festival como una tradici\u00f3n de alcance cantonal, provincial y nacional. Durante su intervenci\u00f3n, el alcalde record\u00f3 los inicios del festival hace m\u00e1s de nueve a\u00f1os, reconociendo el papel de instituciones y l\u00edderes que impulsaron sus primeras ediciones, como el soci\u00f3logo Salvador Quizhpe, quien dej\u00f3 sentado en la historia provincial el compromiso de respaldar esta iniciativa. Finalmente, Gonz\u00e1lez reiter\u00f3 la invitaci\u00f3n a la ciudadan\u00eda del cant\u00f3n Zamora, de la provincia y del pa\u00eds entero a participar en esta celebraci\u00f3n cultural el pr\u00f3ximo 5 de octubre, resaltando que el Festival de la Ca\u00f1a y la Melcocha es un s\u00edmbolo de identidad para Timbara y un legado de orgullo para todos los zamoranos y zamoranas.<\/p>\n","protected":false},"author":1,"featured_media":26650,"comment_status":"closed","ping_status":"closed","sticky":false,"template":"","format":"standard","meta":{"footnotes":""},"categories":[243],"tags":[],"class_list":["post-26645","post","type-post","status-publish","format-standard","has-post-thumbnail","hentry","category-noticias-zamora"],"_links":{"self":[{"href":"https:\/\/www.elamazonico.com\/portal\/wp-json\/wp\/v2\/posts\/26645","targetHints":{"allow":["GET"]}}],"collection":[{"href":"https:\/\/www.elamazonico.com\/portal\/wp-json\/wp\/v2\/posts"}],"about":[{"href":"https:\/\/www.elamazonico.com\/portal\/wp-json\/wp\/v2\/types\/post"}],"author":[{"embeddable":true,"href":"https:\/\/www.elamazonico.com\/portal\/wp-json\/wp\/v2\/users\/1"}],"replies":[{"embeddable":true,"href":"https:\/\/www.elamazonico.com\/portal\/wp-json\/wp\/v2\/comments?post=26645"}],"version-history":[{"count":1,"href":"https:\/\/www.elamazonico.com\/portal\/wp-json\/wp\/v2\/posts\/26645\/revisions"}],"predecessor-version":[{"id":26651,"href":"https:\/\/www.elamazonico.com\/portal\/wp-json\/wp\/v2\/posts\/26645\/revisions\/26651"}],"wp:featuredmedia":[{"embeddable":true,"href":"https:\/\/www.elamazonico.com\/portal\/wp-json\/wp\/v2\/media\/26650"}],"wp:attachment":[{"href":"https:\/\/www.elamazonico.com\/portal\/wp-json\/wp\/v2\/media?parent=26645"}],"wp:term":[{"taxonomy":"category","embeddable":true,"href":"https:\/\/www.elamazonico.com\/portal\/wp-json\/wp\/v2\/categories?post=26645"},{"taxonomy":"post_tag","embeddable":true,"href":"https:\/\/www.elamazonico.com\/portal\/wp-json\/wp\/v2\/tags?post=26645"}],"curies":[{"name":"wp","href":"https:\/\/api.w.org\/{rel}","templated":true}]}}