{"id":26630,"date":"2025-09-25T06:08:10","date_gmt":"2025-09-25T11:08:10","guid":{"rendered":"https:\/\/www.elamazonico.com\/portal\/?p=26630"},"modified":"2025-09-25T06:08:10","modified_gmt":"2025-09-25T11:08:10","slug":"juramento-a-la-bandera-en-ecuador-un-compromiso-con-la-patria-y-el-futuro","status":"publish","type":"post","link":"https:\/\/www.elamazonico.com\/portal\/juramento-a-la-bandera-en-ecuador-un-compromiso-con-la-patria-y-el-futuro\/","title":{"rendered":"Juramento a la Bandera en Ecuador: Un Compromiso con la Patria y el Futuro"},"content":{"rendered":"<p><strong>Introducci\u00f3n<\/strong><\/p>\n<p>El juramento a la bandera en Ecuador trasciende al simple acto ceremonial que cada septiembre re\u00fane a los estudiantes. Se trata de un momento solemne en el que la juventud asume p\u00fablicamente un compromiso con su patria, con la historia que la sostiene y con el futuro que est\u00e1 por construir. Este gesto de respeto hacia el s\u00edmbolo nacional no solo honra a quienes lucharon por la independencia y la soberan\u00eda, sino que tambi\u00e9n marca el inicio de una etapa de responsabilidad c\u00edvica y ciudadana. Al prometer lealtad a los colores amarillo, azul y rojo, los j\u00f3venes reafirman su identidad, su pertenencia a una naci\u00f3n diversa y su voluntad de trabajar por un Ecuador justo, solidario e innovador.<\/p>\n<p><strong>\u00bfQu\u00e9 significa jurar la bandera?<\/strong><\/p>\n<p>Jurar la bandera es un acto simb\u00f3lico de lealtad y respeto hacia la naci\u00f3n. No se trata \u00fanicamente de una promesa formal, sino de un pacto \u00e9tico y moral con el Ecuador. Al pronunciar el juramento, los estudiantes expresan su compromiso de defender la libertad, la soberan\u00eda y los principios democr\u00e1ticos del pa\u00eds. Este acto representa tambi\u00e9n la gratitud hacia quienes ofrendaron su vida por la independencia y la unidad nacional, as\u00ed como el deber de continuar construyendo una sociedad m\u00e1s justa y solidaria. Jurar la bandera no es un acto de un solo d\u00eda, es un compromiso que debe vivirse todos los d\u00edas con honor y responsabilidad. Cada estudiante que jura la bandera se convierte en portador de la esperanza de un Ecuador m\u00e1s justo, innovador y solidario.<\/p>\n<p><strong>Or\u00edgenes y Evoluci\u00f3n de la bandera ecuatoriana<\/strong><\/p>\n<p>La primera bandera ecuatoriana flame\u00f3 el <strong>10 de agosto de 1809<\/strong> en Quito, era una bandera totalmente roja con un asta blanca.\u00a0En <strong>1822 s<\/strong>e adopt\u00f3 por primera vez el tricolor amarillo, azul y rojo con un escudo en el centro, despu\u00e9s de la <a href=\"https:\/\/www.google.com\/search?client=firefox-b-d&amp;sca_esv=3d188af4942300d6&amp;sxsrf=AE3TifPbLXiHi-37HiVaS_Hh8qrVCCW_sA%3A1758595675495&amp;q=Batalla+de+Pichincha&amp;sa=X&amp;ved=2ahUKEwiWl6q07-2PAxWGQjABHfHOHxMQxccNegQIURAB&amp;mstk=AUtExfBl4RcKucl24ys54JEUPQ_l6pZR5kxGFEWrP07346ll20yzpmpSX__jTxOnt3ikPnOicR5qJ2Mio71sKIt3nA2C4ID9fl8-9V9-pZLkxQ19HjKC6fBfmpNH9pt3bD3UAB3qpuHRBBSfy4drvtN7aQWHCfhNEd6aHz8CqS1ffczGQNFqoeglOW-lErgHXBHS2FyB0QgheWGu8K6cdu-r7I6dA9REoKgeVr_XmJClx-3nz8xJyPDwOzOccVI3TgGvzu-OKU7YCDpPQ2xlxXR3-GgO&amp;csui=3\">Batalla de Pichincha<\/a> y la anexi\u00f3n del territorio a la <a href=\"https:\/\/www.google.com\/search?client=firefox-b-d&amp;sca_esv=3d188af4942300d6&amp;sxsrf=AE3TifPbLXiHi-37HiVaS_Hh8qrVCCW_sA%3A1758595675495&amp;q=Gran+Colombia&amp;sa=X&amp;ved=2ahUKEwiWl6q07-2PAxWGQjABHfHOHxMQxccNegQIURAC&amp;mstk=AUtExfBl4RcKucl24ys54JEUPQ_l6pZR5kxGFEWrP07346ll20yzpmpSX__jTxOnt3ikPnOicR5qJ2Mio71sKIt3nA2C4ID9fl8-9V9-pZLkxQ19HjKC6fBfmpNH9pt3bD3UAB3qpuHRBBSfy4drvtN7aQWHCfhNEd6aHz8CqS1ffczGQNFqoeglOW-lErgHXBHS2FyB0QgheWGu8K6cdu-r7I6dA9REoKgeVr_XmJClx-3nz8xJyPDwOzOccVI3TgGvzu-OKU7YCDpPQ2xlxXR3-GgO&amp;csui=3\">Gran Colombia<\/a>.\u00a0En <strong>1830, l<\/strong>uego de la disoluci\u00f3n de la Gran Colombia, el Escudo Nacional cambi\u00f3 para reflejar el nuevo estado independiente.\u00a0En <strong>1845-1860, <\/strong>se utiliz\u00f3 un dise\u00f1o diferente durante la <a href=\"https:\/\/www.google.com\/search?client=firefox-b-d&amp;sca_esv=3d188af4942300d6&amp;sxsrf=AE3TifPbLXiHi-37HiVaS_Hh8qrVCCW_sA%3A1758595675495&amp;q=Revoluci%C3%B3n+marcista&amp;sa=X&amp;ved=2ahUKEwiWl6q07-2PAxWGQjABHfHOHxMQxccNegUIngEQAQ&amp;mstk=AUtExfBl4RcKucl24ys54JEUPQ_l6pZR5kxGFEWrP07346ll20yzpmpSX__jTxOnt3ikPnOicR5qJ2Mio71sKIt3nA2C4ID9fl8-9V9-pZLkxQ19HjKC6fBfmpNH9pt3bD3UAB3qpuHRBBSfy4drvtN7aQWHCfhNEd6aHz8CqS1ffczGQNFqoeglOW-lErgHXBHS2FyB0QgheWGu8K6cdu-r7I6dA9REoKgeVr_XmJClx-3nz8xJyPDwOzOccVI3TgGvzu-OKU7YCDpPQ2xlxXR3-GgO&amp;csui=3\">Revoluci\u00f3n Marcista<\/a>, con una franja azul central y estrellas blancas que representaban las provincias.\u00a0En <strong>1900, <\/strong>el Congreso ecuatoriano determin\u00f3 que la Bandera Nacional ser\u00eda el tricolor oficial, igual al que se adopt\u00f3 en su independencia, restaurando el dise\u00f1o original.\u00a0El <strong>7 de noviembre de 1900, <\/strong>el general Eloy Alfaro firm\u00f3 el decreto que reglament\u00f3 el uso de la bandera tricolor.<\/p>\n<p>A partir del 26 de septiembre de 1955, se conmemora el D\u00eda de la Bandera Nacional, cuando los estudiantes realizan el juramento a la bandera.<\/p>\n<p>El <a href=\"https:\/\/www.google.com\/search?client=firefox-b-d&amp;q=Congreso+Nacional&amp;mstk=AUtExfBjG3niDok-xJCLcyKXogaWOjJLJ7LBLk54QEWnNJAWJ312EistiWEb1S6br95pYO8PbK1lM3iFA-R4X7UOLHbGwVH1A6A0-b7kBXZm1186KPTJvvnwo6Z9uEC5zKhB229BTzKvIZZcSwiRY5Uds7OB2P0yjt880T3Xn4YCI-y2kXs&amp;csui=3&amp;ved=2ahUKEwiPq9rQzO-PAxUFSTABHcc8H54QgK4QegQIARAC\">Congreso Nacional<\/a> decret\u00f3 el 26 de septiembre como el <a href=\"https:\/\/www.google.com\/search?client=firefox-b-d&amp;q=D%C3%ADa+de+la+Bandera+Nacional&amp;mstk=AUtExfBjG3niDok-xJCLcyKXogaWOjJLJ7LBLk54QEWnNJAWJ312EistiWEb1S6br95pYO8PbK1lM3iFA-R4X7UOLHbGwVH1A6A0-b7kBXZm1186KPTJvvnwo6Z9uEC5zKhB229BTzKvIZZcSwiRY5Uds7OB2P0yjt880T3Xn4YCI-y2kXs&amp;csui=3&amp;ved=2ahUKEwiPq9rQzO-PAxUFSTABHcc8H54QgK4QegQIARAD\">D\u00eda de la Bandera Nacional<\/a> del Ecuador en 1955. Este decreto hizo que la conmemoraci\u00f3n fuera obligatoria cada a\u00f1o, en la que los estudiantes realizan el juramento a la bandera.<\/p>\n<p>El 26 de septiembre de 1860, el Dr. Gabriel Garc\u00eda Moreno decret\u00f3 que la bandera adoptara los colores: amarillo, azul y rojo, que son los que conocemos hoy en d\u00eda.<\/p>\n<p>En noviembre de 2009, la Secretar\u00eda Nacional de Comunicaci\u00f3n de Ecuador emiti\u00f3 un reglamento en el que se describen las aplicaciones y proporciones de la bandera nacional, el escudo y otros s\u00edmbolos nacionales.<\/p>\n<p>La bandera nacional tiene una longitud de 2,20 metros y una anchura de 1,47 m, una proporci\u00f3n de 0.5 a 20. El campo est\u00e1 dividido en tres bandas horizontales de color, una banda amarilla de la mitad de la anchura de la bandera, una banda azul de un cuarto de la anchura y una banda roja de un cuarto de la anchura. Las tres bandas se extienden a lo largo de la bandera. La bandera lleva el escudo ecuatoriano a escala de la mitad del ancho de la bandera y centrado en el campo.<\/p>\n<p>La bandera del Ecuador no solo ondea en los m\u00e1stiles; late en el coraz\u00f3n de cada ciudadano que decide servir a su patria con lealtad y valent\u00eda.<\/p>\n<p><strong>Los compromisos que asumen los estudiantes<\/strong><\/p>\n<p>Cuando la juventud ecuatoriana jura la bandera, asume responsabilidades tanto con la patria como consigo mismo:<\/p>\n<ul>\n<li><u>Con la patria<\/u>, se compromete a respetar la Constituci\u00f3n y las leyes de la rep\u00fablica, a cuidar los recursos naturales, a valorar la diversidad cultural y a trabajar por la paz y el progreso colectivo.<\/li>\n<li><u>Consigo mismo<\/u>, promete cultivar la honestidad, la disciplina, el esfuerzo y la superaci\u00f3n personal como pilares para alcanzar sus metas.<\/li>\n<li><u>Con la sociedad<\/u>, reafirma su deber de convertirse en un ciudadano responsable, consciente de los retos nacionales y dispuestos a contribuir al bienestar com\u00fan.<\/li>\n<\/ul>\n<p>Este acto, entonces, no es una obligaci\u00f3n impuesta, sino una decisi\u00f3n que marca el inicio de una vida adulta consciente y comprometida.<\/p>\n<p><strong>Significado de los colores de la bandera nacional<\/strong><\/p>\n<p>Su dise\u00f1o se inspira en los colores ideados por el general venezolano Francisco de Miranda, precursor de la independencia americana y se ha mantenido como s\u00edmbolo nacional de identidad y unidad.<\/p>\n<p>Los colores de la bandera tienen un profundo significado:<\/p>\n<ul>\n<li><u>Amarillo<\/u>: representa la riqueza del suelo ecuatoriano, su oro, su agricultura y la generosidad de su gente.<\/li>\n<li><u>Azul<\/u>: simboliza el cielo que cubre la patria y el oc\u00e9ano Pac\u00edfico que ba\u00f1a sus costas.<\/li>\n<li><u>Rojo<\/u>: recuerda la sangre derramada por los h\u00e9roes que lucharon por la libertad y la independencia.<\/li>\n<\/ul>\n<p>Al centro, el escudo de armas resalta la diversidad natural y cultural del Ecuador, reafirmando que la patria es fruto de la lucha y el esfuerzo colectivo. El amarillo, el azul y el rojo no son solo colores, son la memoria de nuestra historia y el reflejo de nuestro destino com\u00fan.<\/p>\n<p><strong>El rol de las familias y las instituciones educativas<\/strong><\/p>\n<p>La formaci\u00f3n de bachilleres justos, innovadores y solidarios no depende solo de los j\u00f3venes; es una tarea compartida entre familias e instituciones educativas:<\/p>\n<ul>\n<li>Los padres de familia tienen el reto de acompa\u00f1ar con el ejemplo, inculcando valores de respeto, honestidad y compromiso social en sus hijos. El hogar debe ser el primer espacio de formaci\u00f3n ciudadana, donde los principios se transmitan con acciones m\u00e1s que con palabras.<\/li>\n<li>Las instituciones educativas deben orientar a los estudiantes hacia el pensamiento cr\u00edtico, la creatividad y la responsabilidad social, preparando a los futuros bachilleres para que contribuyan activamente al desarrollo del pa\u00eds.<\/li>\n<\/ul>\n<p>De esta manera, la ceremonia de juramento se convierte en un puente entre la tradici\u00f3n patri\u00f3tica y la visi\u00f3n de un Ecuador moderno que necesita j\u00f3venes l\u00edderes, capaces de enfrentar los desaf\u00edos globales sin perder sus ra\u00edces.<\/p>\n<p>Formar bachilleres \u00edntegros es tarea compartida:\u00a0 la escuela educa, la familia gu\u00eda y la patria espera.<\/p>\n<p><strong>Perfil del Bachiller Ecuatoriano: Justos, Innovadores y Solidarios<\/strong><\/p>\n<p>El perfil del bachiller ecuatoriano expresa la esencia de lo que el sistema educativo busca formar en cada estudiante que culmina su bachillerato. No se trata \u00fanicamente de conocimientos adquiridos, sino de la construcci\u00f3n integral de ciudadanos comprometidos con su patria y con el mundo. En este marco, el bachiller ecuatoriano se proyecta como justo, innovador y solidario.<\/p>\n<p><u>Justicia<\/u><\/p>\n<p>El bachiller ecuatoriano reconoce las necesidades y potencialidades de su pa\u00eds y se involucra activamente en la construcci\u00f3n de una sociedad democr\u00e1tica, equitativa e inclusiva (J1). Procede con respeto y responsabilidad hacia s\u00ed mismo, hacia los dem\u00e1s, hacia la naturaleza y hacia el mundo de las ideas; asume sus obligaciones y, al mismo tiempo, defiende sus derechos (J2). Adem\u00e1s, reflexiona sobre sus fortalezas y limita\u00adciones para dise\u00f1ar un plan de vida que le permita crecer como ser humano \u00edntegro y consciente de su papel en la sociedad (J3).<\/p>\n<p><u>Innovaci\u00f3n<\/u><u>\u00a0<\/u><\/p>\n<p>El bachiller no solo reproduce conocimientos, sino que crea y transforma. Se caracteriza por su iniciativa, pasi\u00f3n y visi\u00f3n de futuro, asumiendo liderazgos aut\u00e9nticos y responsables (I1). Su curiosidad intelectual lo impulsa a investigar la realidad nacional y mundial, reflexionar cr\u00edticamente y aplicar saberes interdisciplinarios para resolver problemas de manera colaborativa (I2). Domina diversos lenguajes \u2014oral, escrito, num\u00e9rico, digital, art\u00edstico y corporal\u2014, utiliz\u00e1ndolos con responsabilidad en la comunicaci\u00f3n de sus ideas (I3). A ello suma la capacidad de organizarse y actuar con autonom\u00eda, aplicando el razonamiento l\u00f3gico y cr\u00edtico, practicando la humildad intelectual y manteniendo un aprendizaje permanente (I4).<u>\u00a0<\/u><\/p>\n<p><u>Solidaridad<\/u><u>\u00a0<\/u><\/p>\n<p>El bachiller ecuatoriano asume su responsabilidad social y se relaciona con empat\u00eda, comprensi\u00f3n y tolerancia en contextos diversos (S1). Construye su identidad nacional reconociendo y valorando la riqueza multicultural y pluri\u00e9tnica del Ecuador, respetando las identidades de otros pueblos y naciones (S2). Busca la armon\u00eda entre lo f\u00edsico y lo intelectual, aplicando su inteligencia emocional para ser positivo, flexible y autocr\u00edtico (S3). Finalmente, se integra al trabajo en equipo, respetando las ideas y aportes de los dem\u00e1s, y comprendiendo la realidad que lo rodea con una actitud de cooperaci\u00f3n (S4).<\/p>\n<p>En suma, el perfil del bachiller ecuatoriano sintetiza una visi\u00f3n de futuro en la que cada joven no solo representa el fruto de una formaci\u00f3n acad\u00e9mica, sino tambi\u00e9n el compromiso con la justicia, la innovaci\u00f3n y la solidaridad. Ellos son la base de una ciudadan\u00eda activa, cr\u00edtica y constructiva, llamada a honrar la Patria con hechos que respondan a los desaf\u00edos del presente y del porvenir.<\/p>\n<p><strong>Conclusi\u00f3n<\/strong><\/p>\n<p>El juramento a la bandera en Ecuador es mucho m\u00e1s que una ceremonia escolar: es un s\u00edmbolo vivo de unidad, identidad y compromiso. A trav\u00e9s de este acto, los j\u00f3venes reconocen el valor de la historia que los antecede y asumen la responsabilidad de ser protagonistas en la construcci\u00f3n de un pa\u00eds m\u00e1s justo, solidario e innovador. La bandera, con sus colores que evocan riqueza, esperanza y sacrificio, se convierte en un recordatorio constante de que el futuro del Ecuador est\u00e1 en manos de ciudadanos conscientes, cr\u00edticos y comprometidos.<\/p>\n<p>En cada juramento se renueva la promesa de honrar a la patria no solo con palabras, sino con hechos que fortalezcan la democracia, cuiden la diversidad y promuevan el bienestar colectivo. As\u00ed, la juventud ecuatoriana se proyecta como la generaci\u00f3n capaz de transformar los desaf\u00edos en oportunidades, llevando siempre en alto los valores que hacen grande a la naci\u00f3n.<\/p>\n<p>El verdadero juramento no est\u00e1 en las palabras, sino en las acciones con las que cada joven construye el pa\u00eds que sue\u00f1a.<\/p>\n<p><strong>\u00a0<\/strong><\/p>\n","protected":false},"excerpt":{"rendered":"<p>Introducci\u00f3n El juramento a la bandera en Ecuador trasciende al simple acto ceremonial que cada septiembre re\u00fane a los estudiantes. Se trata de un momento solemne en el que la juventud asume p\u00fablicamente un compromiso con su patria, con la historia que la sostiene y con el futuro que est\u00e1 por construir. Este gesto de respeto hacia el s\u00edmbolo nacional no solo honra a quienes lucharon por la independencia y la soberan\u00eda, sino que tambi\u00e9n marca el inicio de una etapa de responsabilidad c\u00edvica y ciudadana. Al prometer lealtad a los colores amarillo, azul y rojo, los j\u00f3venes reafirman su identidad, su pertenencia a una naci\u00f3n diversa y su voluntad de trabajar por un Ecuador justo, solidario e innovador. \u00bfQu\u00e9 significa jurar la bandera? Jurar la bandera es un acto simb\u00f3lico de lealtad y respeto hacia la naci\u00f3n. No se trata \u00fanicamente de una promesa formal, sino de un pacto \u00e9tico y moral con el Ecuador. Al pronunciar el juramento, los estudiantes expresan su compromiso de defender la libertad, la soberan\u00eda y los principios democr\u00e1ticos del pa\u00eds. Este acto representa tambi\u00e9n la gratitud hacia quienes ofrendaron su vida por la independencia y la unidad nacional, as\u00ed como el deber de continuar construyendo una sociedad m\u00e1s justa y solidaria. Jurar la bandera no es un acto de un solo d\u00eda, es un compromiso que debe vivirse todos los d\u00edas con honor y responsabilidad. Cada estudiante que jura la bandera se convierte en portador de la esperanza de un Ecuador m\u00e1s justo, innovador y solidario. Or\u00edgenes y Evoluci\u00f3n de la bandera ecuatoriana La primera bandera ecuatoriana flame\u00f3 el 10 de agosto de 1809 en Quito, era una bandera totalmente roja con un asta blanca.\u00a0En 1822 se adopt\u00f3 por primera vez el tricolor amarillo, azul y rojo con un escudo en el centro, despu\u00e9s de la Batalla de Pichincha y la anexi\u00f3n del territorio a la Gran Colombia.\u00a0En 1830, luego de la disoluci\u00f3n de la Gran Colombia, el Escudo Nacional cambi\u00f3 para reflejar el nuevo estado independiente.\u00a0En 1845-1860, se utiliz\u00f3 un dise\u00f1o diferente durante la Revoluci\u00f3n Marcista, con una franja azul central y estrellas blancas que representaban las provincias.\u00a0En 1900, el Congreso ecuatoriano determin\u00f3 que la Bandera Nacional ser\u00eda el tricolor oficial, igual al que se adopt\u00f3 en su independencia, restaurando el dise\u00f1o original.\u00a0El 7 de noviembre de 1900, el general Eloy Alfaro firm\u00f3 el decreto que reglament\u00f3 el uso de la bandera tricolor. A partir del 26 de septiembre de 1955, se conmemora el D\u00eda de la Bandera Nacional, cuando los estudiantes realizan el juramento a la bandera. El Congreso Nacional decret\u00f3 el 26 de septiembre como el D\u00eda de la Bandera Nacional del Ecuador en 1955. Este decreto hizo que la conmemoraci\u00f3n fuera obligatoria cada a\u00f1o, en la que los estudiantes realizan el juramento a la bandera. El 26 de septiembre de 1860, el Dr. Gabriel Garc\u00eda Moreno decret\u00f3 que la bandera adoptara los colores: amarillo, azul y rojo, que son los que conocemos hoy en d\u00eda. En noviembre de 2009, la Secretar\u00eda Nacional de Comunicaci\u00f3n de Ecuador emiti\u00f3 un reglamento en el que se describen las aplicaciones y proporciones de la bandera nacional, el escudo y otros s\u00edmbolos nacionales. La bandera nacional tiene una longitud de 2,20 metros y una anchura de 1,47 m, una proporci\u00f3n de 0.5 a 20. El campo est\u00e1 dividido en tres bandas horizontales de color, una banda amarilla de la mitad de la anchura de la bandera, una banda azul de un cuarto de la anchura y una banda roja de un cuarto de la anchura. Las tres bandas se extienden a lo largo de la bandera. La bandera lleva el escudo ecuatoriano a escala de la mitad del ancho de la bandera y centrado en el campo. La bandera del Ecuador no solo ondea en los m\u00e1stiles; late en el coraz\u00f3n de cada ciudadano que decide servir a su patria con lealtad y valent\u00eda. Los compromisos que asumen los estudiantes Cuando la juventud ecuatoriana jura la bandera, asume responsabilidades tanto con la patria como consigo mismo: Con la patria, se compromete a respetar la Constituci\u00f3n y las leyes de la rep\u00fablica, a cuidar los recursos naturales, a valorar la diversidad cultural y a trabajar por la paz y el progreso colectivo. Consigo mismo, promete cultivar la honestidad, la disciplina, el esfuerzo y la superaci\u00f3n personal como pilares para alcanzar sus metas. Con la sociedad, reafirma su deber de convertirse en un ciudadano responsable, consciente de los retos nacionales y dispuestos a contribuir al bienestar com\u00fan. Este acto, entonces, no es una obligaci\u00f3n impuesta, sino una decisi\u00f3n que marca el inicio de una vida adulta consciente y comprometida. Significado de los colores de la bandera nacional Su dise\u00f1o se inspira en los colores ideados por el general venezolano Francisco de Miranda, precursor de la independencia americana y se ha mantenido como s\u00edmbolo nacional de identidad y unidad. Los colores de la bandera tienen un profundo significado: Amarillo: representa la riqueza del suelo ecuatoriano, su oro, su agricultura y la generosidad de su gente. Azul: simboliza el cielo que cubre la patria y el oc\u00e9ano Pac\u00edfico que ba\u00f1a sus costas. Rojo: recuerda la sangre derramada por los h\u00e9roes que lucharon por la libertad y la independencia. Al centro, el escudo de armas resalta la diversidad natural y cultural del Ecuador, reafirmando que la patria es fruto de la lucha y el esfuerzo colectivo. El amarillo, el azul y el rojo no son solo colores, son la memoria de nuestra historia y el reflejo de nuestro destino com\u00fan. El rol de las familias y las instituciones educativas La formaci\u00f3n de bachilleres justos, innovadores y solidarios no depende solo de los j\u00f3venes; es una tarea compartida entre familias e instituciones educativas: Los padres de familia tienen el reto de acompa\u00f1ar con el ejemplo, inculcando valores de respeto, honestidad y compromiso social en sus hijos. El hogar debe ser el primer espacio de formaci\u00f3n ciudadana, donde los principios se transmitan con acciones m\u00e1s que con palabras. Las instituciones<\/p>\n","protected":false},"author":1,"featured_media":26631,"comment_status":"closed","ping_status":"closed","sticky":false,"template":"","format":"standard","meta":{"footnotes":""},"categories":[7],"tags":[],"class_list":["post-26630","post","type-post","status-publish","format-standard","has-post-thumbnail","hentry","category-opinion"],"_links":{"self":[{"href":"https:\/\/www.elamazonico.com\/portal\/wp-json\/wp\/v2\/posts\/26630","targetHints":{"allow":["GET"]}}],"collection":[{"href":"https:\/\/www.elamazonico.com\/portal\/wp-json\/wp\/v2\/posts"}],"about":[{"href":"https:\/\/www.elamazonico.com\/portal\/wp-json\/wp\/v2\/types\/post"}],"author":[{"embeddable":true,"href":"https:\/\/www.elamazonico.com\/portal\/wp-json\/wp\/v2\/users\/1"}],"replies":[{"embeddable":true,"href":"https:\/\/www.elamazonico.com\/portal\/wp-json\/wp\/v2\/comments?post=26630"}],"version-history":[{"count":1,"href":"https:\/\/www.elamazonico.com\/portal\/wp-json\/wp\/v2\/posts\/26630\/revisions"}],"predecessor-version":[{"id":26632,"href":"https:\/\/www.elamazonico.com\/portal\/wp-json\/wp\/v2\/posts\/26630\/revisions\/26632"}],"wp:featuredmedia":[{"embeddable":true,"href":"https:\/\/www.elamazonico.com\/portal\/wp-json\/wp\/v2\/media\/26631"}],"wp:attachment":[{"href":"https:\/\/www.elamazonico.com\/portal\/wp-json\/wp\/v2\/media?parent=26630"}],"wp:term":[{"taxonomy":"category","embeddable":true,"href":"https:\/\/www.elamazonico.com\/portal\/wp-json\/wp\/v2\/categories?post=26630"},{"taxonomy":"post_tag","embeddable":true,"href":"https:\/\/www.elamazonico.com\/portal\/wp-json\/wp\/v2\/tags?post=26630"}],"curies":[{"name":"wp","href":"https:\/\/api.w.org\/{rel}","templated":true}]}}