{"id":2646,"date":"2022-02-06T20:44:06","date_gmt":"2022-02-07T01:44:06","guid":{"rendered":"https:\/\/www.elamazonico.com\/portal\/?p=2646"},"modified":"2022-02-06T20:50:54","modified_gmt":"2022-02-07T01:50:54","slug":"lluvias-en-quito-vuelven-a-afectar-a-la-gasca-y-la-comuna","status":"publish","type":"post","link":"https:\/\/www.elamazonico.com\/portal\/lluvias-en-quito-vuelven-a-afectar-a-la-gasca-y-la-comuna\/","title":{"rendered":"Lluvias en Quito vuelven a afectar a La Gasca y La Comuna"},"content":{"rendered":"\n<p>Este domingo 6 de febrero de 2022, el sistema de vigilancia ECU 911 registr\u00f3 mediante sus c\u00e1maras de video vigilancia una acumulaci\u00f3n de agua en el sector de La Gasca, en el norte de Quito. En un video compartido por la instituci\u00f3n en su cuenta de Twitter se observa como baja la corriente de agua por la Av. La Gasca. En este sector se produjo un aluvi\u00f3n el pasado 31 de enero que cobr\u00f3 la vida de 28 personas.\u00a0 <\/p>\n\n\n\n<figure class=\"wp-block-embed is-type-rich is-provider-twitter wp-block-embed-twitter\"><div class=\"wp-block-embed__wrapper\">\nhttps:\/\/twitter.com\/ECU911Quito\/status\/1490385346365992967\n<\/div><\/figure>\n\n\n\n<p>El flujo de agua bajaba a gran velocidad y cubr\u00eda toda la avenida. En el video se observa como un veh\u00edculo trata de girar para no ingresar en la inundaci\u00f3n. Mientras que tambi\u00e9n se encuentran otras zonas con acumulaci\u00f3n de agua. &nbsp;<\/p>\n\n\n\n<p>El Instituto Nacional de Meteorolog\u00eda e Hidrolog\u00eda (INAMHI) pronostic\u00f3 la presencia de lluvias en la provincia de Pichincha, por lo que la Secretar\u00eda de Seguridad y Gobernabilidad de Quito monitorea las condiciones clim\u00e1ticas para que, en caso de alg\u00fan cambio significativo, se proceda a informar a la ciudadan\u00eda para tomar recaudo.<\/p>\n\n\n\n<figure class=\"wp-block-embed is-type-rich is-provider-twitter wp-block-embed-twitter\"><div class=\"wp-block-embed__wrapper\">\nhttps:\/\/twitter.com\/SeguridadeQuito\/status\/1490377637268803585\n<\/div><\/figure>\n\n\n\n<p>El pasado lunes 31 de enero de 2022, se registr\u00f3 un aluvi\u00f3n en la zona, producido por un exceso de agua acumulada en uno de los embalses construidos para captar el agua de lluvia en la monta\u00f1a, cuya capacidad era de 4.500 metros c\u00fabicos de agua. Esto se desbordo por la acumulaci\u00f3n de 20.000 metros c\u00fabicos de agua y arras\u00f3 con todo a su paso, viviendas, veh\u00edculos, postes de luz, entre otro.<\/p>\n\n\n\n<p>Desde entonces se ha procedido a la b\u00fasqueda y rescate de las v\u00edctimas. El desastre hasta el momento suma 28 fallecidos, 52 heridos y 160 familias afectadas. Las autoridades contin\u00faan con los trabajos de limpieza que podr\u00edan complicarse por las constantes precipitaciones en la capital. (I) Fuente: El Tel\u00e9grafo. <\/p>\n","protected":false},"excerpt":{"rendered":"<p>Este domingo 6 de febrero de 2022, el sistema de vigilancia ECU 911 registr\u00f3 mediante sus c\u00e1maras de video vigilancia una acumulaci\u00f3n de agua en el sector de La Gasca, en el norte de Quito. En un video compartido por la instituci\u00f3n en su cuenta de Twitter se observa como baja la corriente de agua por la Av. La Gasca. En este sector se produjo un aluvi\u00f3n el pasado 31 de enero que cobr\u00f3 la vida de 28 personas.\u00a0 El flujo de agua bajaba a gran velocidad y cubr\u00eda toda la avenida. En el video se observa como un veh\u00edculo trata de girar para no ingresar en la inundaci\u00f3n. Mientras que tambi\u00e9n se encuentran otras zonas con acumulaci\u00f3n de agua. &nbsp; El Instituto Nacional de Meteorolog\u00eda e Hidrolog\u00eda (INAMHI) pronostic\u00f3 la presencia de lluvias en la provincia de Pichincha, por lo que la Secretar\u00eda de Seguridad y Gobernabilidad de Quito monitorea las condiciones clim\u00e1ticas para que, en caso de alg\u00fan cambio significativo, se proceda a informar a la ciudadan\u00eda para tomar recaudo. El pasado lunes 31 de enero de 2022, se registr\u00f3 un aluvi\u00f3n en la zona, producido por un exceso de agua acumulada en uno de los embalses construidos para captar el agua de lluvia en la monta\u00f1a, cuya capacidad era de 4.500 metros c\u00fabicos de agua. Esto se desbordo por la acumulaci\u00f3n de 20.000 metros c\u00fabicos de agua y arras\u00f3 con todo a su paso, viviendas, veh\u00edculos, postes de luz, entre otro. Desde entonces se ha procedido a la b\u00fasqueda y rescate de las v\u00edctimas. El desastre hasta el momento suma 28 fallecidos, 52 heridos y 160 familias afectadas. Las autoridades contin\u00faan con los trabajos de limpieza que podr\u00edan complicarse por las constantes precipitaciones en la capital. (I) Fuente: El Tel\u00e9grafo.<\/p>\n","protected":false},"author":1,"featured_media":2647,"comment_status":"open","ping_status":"open","sticky":false,"template":"","format":"standard","meta":{"footnotes":""},"categories":[268],"tags":[],"class_list":["post-2646","post","type-post","status-publish","format-standard","has-post-thumbnail","hentry","category-nacionales"],"_links":{"self":[{"href":"https:\/\/www.elamazonico.com\/portal\/wp-json\/wp\/v2\/posts\/2646","targetHints":{"allow":["GET"]}}],"collection":[{"href":"https:\/\/www.elamazonico.com\/portal\/wp-json\/wp\/v2\/posts"}],"about":[{"href":"https:\/\/www.elamazonico.com\/portal\/wp-json\/wp\/v2\/types\/post"}],"author":[{"embeddable":true,"href":"https:\/\/www.elamazonico.com\/portal\/wp-json\/wp\/v2\/users\/1"}],"replies":[{"embeddable":true,"href":"https:\/\/www.elamazonico.com\/portal\/wp-json\/wp\/v2\/comments?post=2646"}],"version-history":[{"count":2,"href":"https:\/\/www.elamazonico.com\/portal\/wp-json\/wp\/v2\/posts\/2646\/revisions"}],"predecessor-version":[{"id":2651,"href":"https:\/\/www.elamazonico.com\/portal\/wp-json\/wp\/v2\/posts\/2646\/revisions\/2651"}],"wp:featuredmedia":[{"embeddable":true,"href":"https:\/\/www.elamazonico.com\/portal\/wp-json\/wp\/v2\/media\/2647"}],"wp:attachment":[{"href":"https:\/\/www.elamazonico.com\/portal\/wp-json\/wp\/v2\/media?parent=2646"}],"wp:term":[{"taxonomy":"category","embeddable":true,"href":"https:\/\/www.elamazonico.com\/portal\/wp-json\/wp\/v2\/categories?post=2646"},{"taxonomy":"post_tag","embeddable":true,"href":"https:\/\/www.elamazonico.com\/portal\/wp-json\/wp\/v2\/tags?post=2646"}],"curies":[{"name":"wp","href":"https:\/\/api.w.org\/{rel}","templated":true}]}}