{"id":26369,"date":"2025-09-15T10:16:43","date_gmt":"2025-09-15T15:16:43","guid":{"rendered":"https:\/\/www.elamazonico.com\/portal\/?p=26369"},"modified":"2025-09-15T10:16:43","modified_gmt":"2025-09-15T15:16:43","slug":"gobernacion-de-cotopaxi-amanecio-rodeada-de-policias-y-militares","status":"publish","type":"post","link":"https:\/\/www.elamazonico.com\/portal\/gobernacion-de-cotopaxi-amanecio-rodeada-de-policias-y-militares\/","title":{"rendered":"Gobernaci\u00f3n de Cotopaxi amaneci\u00f3 rodeada de polic\u00edas y militares"},"content":{"rendered":"<p class=\"prose-text\">Este lunes, 15 de septiembre del 2025, la Gobernaci\u00f3n de Cotopaxi amaneci\u00f3 rodeada de vallas, tanquetas y efectivos militares y policiales.<\/p>\n<p class=\"prose-text\">Esto porque el presidente Daniel Noboa traslad\u00f3 a Latacunga, capital de la provincia, la sede del Poder Ejecutivo.<\/p>\n<p class=\"prose-text\">Mientras que movi\u00f3 a Otavalo, Imbabura, el despacho de la vicepresidenta Mar\u00eda Jos\u00e9 Pinto.<\/p>\n<div class=\"inline-element px-2 table m-auto pb-2 bg-white text-center border border-grey-100 text-xs\">\n<div id=\"ad-ampliada-a3c74e77-dfe4-935c-3545-a9593d60ca54-content\">\n<p class=\"prose-text\">En los alrededores de la Gobernaci\u00f3n los locales comerciales laboran con normalidad y el transporte p\u00fablico fluye sin complicaciones.<\/p>\n<p class=\"prose-text\">Noboa resolvi\u00f3 este traslado a las pocas horas del anuncio de la eliminaci\u00f3n del subsidio al di\u00e9sel y la implementaci\u00f3n de varias medidas de compensaci\u00f3n.<\/p>\n<div class=\"inline-element\">\n<div>\n<div id=\"active-campaing-form-marcador\">A esta hora, en el edificio de la Gobernaci\u00f3n, se desarrolla la rueda de prensa de la vocera gubernamental, Carolina Jaramillo.<\/div>\n<div>\n<p class=\"prose-text\">Ella indic\u00f3 que el objetivo del traslado es que Noboa supervise en territorio la aplicaci\u00f3n de las medidas de compensaci\u00f3n, y que s\u00ed har\u00e1 oficina en ese lugar.<\/p>\n<p class=\"prose-text\">Y por la tarde se prev\u00e9 que se realicen las primeras reuniones entre las autoridades gubernamentales y los transportistas, que han rechazado las medidas del Gobierno. (I)<\/p>\n<p>Fuente: El Universo<\/p>\n<\/div>\n<\/div>\n<\/div>\n<\/div>\n<\/div>\n","protected":false},"excerpt":{"rendered":"<p>Este lunes, 15 de septiembre del 2025, la Gobernaci\u00f3n de Cotopaxi amaneci\u00f3 rodeada de vallas, tanquetas y efectivos militares y policiales. Esto porque el presidente Daniel Noboa traslad\u00f3 a Latacunga, capital de la provincia, la sede del Poder Ejecutivo. Mientras que movi\u00f3 a Otavalo, Imbabura, el despacho de la vicepresidenta Mar\u00eda Jos\u00e9 Pinto. En los alrededores de la Gobernaci\u00f3n los locales comerciales laboran con normalidad y el transporte p\u00fablico fluye sin complicaciones. Noboa resolvi\u00f3 este traslado a las pocas horas del anuncio de la eliminaci\u00f3n del subsidio al di\u00e9sel y la implementaci\u00f3n de varias medidas de compensaci\u00f3n. A esta hora, en el edificio de la Gobernaci\u00f3n, se desarrolla la rueda de prensa de la vocera gubernamental, Carolina Jaramillo. Ella indic\u00f3 que el objetivo del traslado es que Noboa supervise en territorio la aplicaci\u00f3n de las medidas de compensaci\u00f3n, y que s\u00ed har\u00e1 oficina en ese lugar. Y por la tarde se prev\u00e9 que se realicen las primeras reuniones entre las autoridades gubernamentales y los transportistas, que han rechazado las medidas del Gobierno. (I) Fuente: El Universo<\/p>\n","protected":false},"author":1,"featured_media":26370,"comment_status":"closed","ping_status":"closed","sticky":false,"template":"","format":"standard","meta":{"footnotes":""},"categories":[268],"tags":[],"class_list":["post-26369","post","type-post","status-publish","format-standard","has-post-thumbnail","hentry","category-nacionales"],"_links":{"self":[{"href":"https:\/\/www.elamazonico.com\/portal\/wp-json\/wp\/v2\/posts\/26369","targetHints":{"allow":["GET"]}}],"collection":[{"href":"https:\/\/www.elamazonico.com\/portal\/wp-json\/wp\/v2\/posts"}],"about":[{"href":"https:\/\/www.elamazonico.com\/portal\/wp-json\/wp\/v2\/types\/post"}],"author":[{"embeddable":true,"href":"https:\/\/www.elamazonico.com\/portal\/wp-json\/wp\/v2\/users\/1"}],"replies":[{"embeddable":true,"href":"https:\/\/www.elamazonico.com\/portal\/wp-json\/wp\/v2\/comments?post=26369"}],"version-history":[{"count":1,"href":"https:\/\/www.elamazonico.com\/portal\/wp-json\/wp\/v2\/posts\/26369\/revisions"}],"predecessor-version":[{"id":26371,"href":"https:\/\/www.elamazonico.com\/portal\/wp-json\/wp\/v2\/posts\/26369\/revisions\/26371"}],"wp:featuredmedia":[{"embeddable":true,"href":"https:\/\/www.elamazonico.com\/portal\/wp-json\/wp\/v2\/media\/26370"}],"wp:attachment":[{"href":"https:\/\/www.elamazonico.com\/portal\/wp-json\/wp\/v2\/media?parent=26369"}],"wp:term":[{"taxonomy":"category","embeddable":true,"href":"https:\/\/www.elamazonico.com\/portal\/wp-json\/wp\/v2\/categories?post=26369"},{"taxonomy":"post_tag","embeddable":true,"href":"https:\/\/www.elamazonico.com\/portal\/wp-json\/wp\/v2\/tags?post=26369"}],"curies":[{"name":"wp","href":"https:\/\/api.w.org\/{rel}","templated":true}]}}