{"id":26366,"date":"2025-09-15T09:54:02","date_gmt":"2025-09-15T14:54:02","guid":{"rendered":"https:\/\/www.elamazonico.com\/portal\/?p=26366"},"modified":"2025-09-15T09:54:02","modified_gmt":"2025-09-15T14:54:02","slug":"usd-1-100-millones-del-subsidio-al-diesel-iran-a-programas-sociales-y-compensaciones","status":"publish","type":"post","link":"https:\/\/www.elamazonico.com\/portal\/usd-1-100-millones-del-subsidio-al-diesel-iran-a-programas-sociales-y-compensaciones\/","title":{"rendered":"USD 1.100 millones del subsidio al di\u00e9sel ir\u00e1n a programas sociales y compensaciones"},"content":{"rendered":"<p>Carolina Jaramillo, vocera de Carondelet, inform\u00f3 que los USD 1.100 millones que obtendr\u00e1 el Estado ecuatoriano a trav\u00e9s de la eliminaci\u00f3n del subsidio al di\u00e9sel se destinar\u00e1n a programas sociales y compensaciones para transporte p\u00fablico, agricultura, adultos mayores y beneficiarios de bonos.<\/p>\n<p>La vocera se\u00f1al\u00f3 que es el \u00abprograma m\u00e1s ambicioso de entrega de recursos y beneficios sociales que jam\u00e1s se ha implementado en Ecuador\u00bb, con un enfoque de redistribuir los recursos a aquellos que m\u00e1s lo necesitan.<\/p>\n<p>Entre estos estar\u00e1 el \u00abBono Ra\u00edces\u00bb, que destinar\u00e1 USD 1.000 a los productores agr\u00edcolas. Adem\u00e1s los transportistas recibir\u00e1n un incentivo entre USD 400 y USD 1.000, para evitar que se incrementen los pasajes locales e interprovinciales. Tambi\u00e9n habr\u00e1 obras viales, ampliaci\u00f3n del bono de desarrollo humano a 55.000 familias y\u00a0entrega de nuevos tractores y motores fuera de borda.<\/p>\n<p>La vocera recalc\u00f3 que el retiro del subsidio al di\u00e9sel ha sido una \u00abdecisi\u00f3n de un Gobierno firme y justo\u00bb y no habr\u00e1 negociaci\u00f3n con otros sectores para su posible reactivaci\u00f3n.<\/p>\n<p>\u00abNo se puede permitir que los recursos sean desperdiciados o incluso mal utilizados por aquellos que cometen delitos\u00bb, dijo.<\/p>\n","protected":false},"excerpt":{"rendered":"<p>Carolina Jaramillo, vocera de Carondelet, inform\u00f3 que los USD 1.100 millones que obtendr\u00e1 el Estado ecuatoriano a trav\u00e9s de la eliminaci\u00f3n del subsidio al di\u00e9sel se destinar\u00e1n a programas sociales y compensaciones para transporte p\u00fablico, agricultura, adultos mayores y beneficiarios de bonos. La vocera se\u00f1al\u00f3 que es el \u00abprograma m\u00e1s ambicioso de entrega de recursos y beneficios sociales que jam\u00e1s se ha implementado en Ecuador\u00bb, con un enfoque de redistribuir los recursos a aquellos que m\u00e1s lo necesitan. Entre estos estar\u00e1 el \u00abBono Ra\u00edces\u00bb, que destinar\u00e1 USD 1.000 a los productores agr\u00edcolas. Adem\u00e1s los transportistas recibir\u00e1n un incentivo entre USD 400 y USD 1.000, para evitar que se incrementen los pasajes locales e interprovinciales. Tambi\u00e9n habr\u00e1 obras viales, ampliaci\u00f3n del bono de desarrollo humano a 55.000 familias y\u00a0entrega de nuevos tractores y motores fuera de borda. La vocera recalc\u00f3 que el retiro del subsidio al di\u00e9sel ha sido una \u00abdecisi\u00f3n de un Gobierno firme y justo\u00bb y no habr\u00e1 negociaci\u00f3n con otros sectores para su posible reactivaci\u00f3n. \u00abNo se puede permitir que los recursos sean desperdiciados o incluso mal utilizados por aquellos que cometen delitos\u00bb, dijo.<\/p>\n","protected":false},"author":1,"featured_media":26367,"comment_status":"closed","ping_status":"closed","sticky":false,"template":"","format":"standard","meta":{"footnotes":""},"categories":[268],"tags":[],"class_list":["post-26366","post","type-post","status-publish","format-standard","has-post-thumbnail","hentry","category-nacionales"],"_links":{"self":[{"href":"https:\/\/www.elamazonico.com\/portal\/wp-json\/wp\/v2\/posts\/26366","targetHints":{"allow":["GET"]}}],"collection":[{"href":"https:\/\/www.elamazonico.com\/portal\/wp-json\/wp\/v2\/posts"}],"about":[{"href":"https:\/\/www.elamazonico.com\/portal\/wp-json\/wp\/v2\/types\/post"}],"author":[{"embeddable":true,"href":"https:\/\/www.elamazonico.com\/portal\/wp-json\/wp\/v2\/users\/1"}],"replies":[{"embeddable":true,"href":"https:\/\/www.elamazonico.com\/portal\/wp-json\/wp\/v2\/comments?post=26366"}],"version-history":[{"count":1,"href":"https:\/\/www.elamazonico.com\/portal\/wp-json\/wp\/v2\/posts\/26366\/revisions"}],"predecessor-version":[{"id":26368,"href":"https:\/\/www.elamazonico.com\/portal\/wp-json\/wp\/v2\/posts\/26366\/revisions\/26368"}],"wp:featuredmedia":[{"embeddable":true,"href":"https:\/\/www.elamazonico.com\/portal\/wp-json\/wp\/v2\/media\/26367"}],"wp:attachment":[{"href":"https:\/\/www.elamazonico.com\/portal\/wp-json\/wp\/v2\/media?parent=26366"}],"wp:term":[{"taxonomy":"category","embeddable":true,"href":"https:\/\/www.elamazonico.com\/portal\/wp-json\/wp\/v2\/categories?post=26366"},{"taxonomy":"post_tag","embeddable":true,"href":"https:\/\/www.elamazonico.com\/portal\/wp-json\/wp\/v2\/tags?post=26366"}],"curies":[{"name":"wp","href":"https:\/\/api.w.org\/{rel}","templated":true}]}}