{"id":26363,"date":"2025-09-15T09:19:50","date_gmt":"2025-09-15T14:19:50","guid":{"rendered":"https:\/\/www.elamazonico.com\/portal\/?p=26363"},"modified":"2025-09-15T09:19:50","modified_gmt":"2025-09-15T14:19:50","slug":"clases-virtuales-en-esmeraldas-atacames-y-rioverde-por-falta-de-agua-potable","status":"publish","type":"post","link":"https:\/\/www.elamazonico.com\/portal\/clases-virtuales-en-esmeraldas-atacames-y-rioverde-por-falta-de-agua-potable\/","title":{"rendered":"Clases virtuales en Esmeraldas, Atacames y Rioverde por falta de agua potable"},"content":{"rendered":"<p>Tres cantones de la provincia de Esmeraldas se acoger\u00e1n a clases virtuales\u00a0 desde hoy, lunes 15 de septiembre de 2025. Se trata de Esmeraldas, Atacames y Rioverde. El Ministerio de Educaci\u00f3n, Deportes y Cultura emiti\u00f3 un comunicado informando que la medida se mantiene hasta nuevo aviso.<\/p>\n<p>La decisi\u00f3n se adopt\u00f3 como precauci\u00f3n ante el desabastecimiento de agua potable en la zona, provocado por el da\u00f1o en el transformador que suministra energ\u00eda a la planta de tratamiento. Esta situaci\u00f3n ha afectado directamente al servicio b\u00e1sico en los tres cantones.<\/p>\n<p>La cartera de Estado se\u00f1al\u00f3 que se notificar\u00e1 oportunamente sobre el restablecimiento del servicio de agua y la fecha de retorno a las clases presenciales.<\/p>\n","protected":false},"excerpt":{"rendered":"<p>Tres cantones de la provincia de Esmeraldas se acoger\u00e1n a clases virtuales\u00a0 desde hoy, lunes 15 de septiembre de 2025. Se trata de Esmeraldas, Atacames y Rioverde. El Ministerio de Educaci\u00f3n, Deportes y Cultura emiti\u00f3 un comunicado informando que la medida se mantiene hasta nuevo aviso. La decisi\u00f3n se adopt\u00f3 como precauci\u00f3n ante el desabastecimiento de agua potable en la zona, provocado por el da\u00f1o en el transformador que suministra energ\u00eda a la planta de tratamiento. Esta situaci\u00f3n ha afectado directamente al servicio b\u00e1sico en los tres cantones. La cartera de Estado se\u00f1al\u00f3 que se notificar\u00e1 oportunamente sobre el restablecimiento del servicio de agua y la fecha de retorno a las clases presenciales.<\/p>\n","protected":false},"author":1,"featured_media":26364,"comment_status":"closed","ping_status":"closed","sticky":false,"template":"","format":"standard","meta":{"footnotes":""},"categories":[268],"tags":[],"class_list":["post-26363","post","type-post","status-publish","format-standard","has-post-thumbnail","hentry","category-nacionales"],"_links":{"self":[{"href":"https:\/\/www.elamazonico.com\/portal\/wp-json\/wp\/v2\/posts\/26363","targetHints":{"allow":["GET"]}}],"collection":[{"href":"https:\/\/www.elamazonico.com\/portal\/wp-json\/wp\/v2\/posts"}],"about":[{"href":"https:\/\/www.elamazonico.com\/portal\/wp-json\/wp\/v2\/types\/post"}],"author":[{"embeddable":true,"href":"https:\/\/www.elamazonico.com\/portal\/wp-json\/wp\/v2\/users\/1"}],"replies":[{"embeddable":true,"href":"https:\/\/www.elamazonico.com\/portal\/wp-json\/wp\/v2\/comments?post=26363"}],"version-history":[{"count":1,"href":"https:\/\/www.elamazonico.com\/portal\/wp-json\/wp\/v2\/posts\/26363\/revisions"}],"predecessor-version":[{"id":26365,"href":"https:\/\/www.elamazonico.com\/portal\/wp-json\/wp\/v2\/posts\/26363\/revisions\/26365"}],"wp:featuredmedia":[{"embeddable":true,"href":"https:\/\/www.elamazonico.com\/portal\/wp-json\/wp\/v2\/media\/26364"}],"wp:attachment":[{"href":"https:\/\/www.elamazonico.com\/portal\/wp-json\/wp\/v2\/media?parent=26363"}],"wp:term":[{"taxonomy":"category","embeddable":true,"href":"https:\/\/www.elamazonico.com\/portal\/wp-json\/wp\/v2\/categories?post=26363"},{"taxonomy":"post_tag","embeddable":true,"href":"https:\/\/www.elamazonico.com\/portal\/wp-json\/wp\/v2\/tags?post=26363"}],"curies":[{"name":"wp","href":"https:\/\/api.w.org\/{rel}","templated":true}]}}