{"id":26360,"date":"2025-09-15T09:18:57","date_gmt":"2025-09-15T14:18:57","guid":{"rendered":"https:\/\/www.elamazonico.com\/portal\/?p=26360"},"modified":"2025-09-15T09:18:57","modified_gmt":"2025-09-15T14:18:57","slug":"gobierno-entregara-compensaciones-a-transportistas-al-menos-durante-ocho-meses","status":"publish","type":"post","link":"https:\/\/www.elamazonico.com\/portal\/gobierno-entregara-compensaciones-a-transportistas-al-menos-durante-ocho-meses\/","title":{"rendered":"Gobierno entregar\u00e1 compensaciones a transportistas al menos durante ocho meses"},"content":{"rendered":"<div class=\"paragraph\">\n<p>El ministro de Infraestructura y Transporte (MIT),\u00a0<b>Roberto Luque<\/b>, asegur\u00f3 que 1 500 transportistas recibir\u00e1n este lunes 15 de septiembre las primeras compensaciones econ\u00f3micas por la eliminaci\u00f3n del\u00a0<b><a href=\"https:\/\/www.ecuavisa.com\/noticias\/economia\/gobierno-noboa-elimina-subsidio-diesel-DA10107307\" target=\"_blank\" rel=\"noopener noreferrer\">subsidio del di\u00e9sel<\/a><\/b>, una medida adoptada por el Gobierno de\u00a0<b>Daniel Noboa<\/b>\u00a0desde el s\u00e1bado.<\/p>\n<p>En entrevista en\u00a0<b>Contacto Directo<\/b>, el funcionario subray\u00f3 que las compensaciones de hasta USD 1 000 mensuales solo est\u00e1n contempladas para el\u00a0<b>transporte p\u00fablico de pasajeros<\/b>: buses urbanos, intercantonales e interprovinciales. Con ello se busca evitar el incremento de los precios de los pasajes.<\/p>\n<p>Por otra parte, expresos, veh\u00edculos pesados o camionetas no est\u00e1n contemplados en el plan de pagos del Gobierno. Para ellos, dijo Luque, hay otros planes que a\u00fan no est\u00e1n instrumentados.<\/p>\n<\/div>\n<div class=\"paragraph\">\n<p>La Administraci\u00f3n de\u00a0<b>Daniel Noboa<\/b>\u00a0entregar\u00e1 esta compensaci\u00f3n econ\u00f3mica por ocho meses y en mayo de 2026 evaluar\u00e1 si extiende la bonificaci\u00f3n cuatro meses m\u00e1s. Los pagos ser\u00e1n de entre 400 y 700 d\u00f3lares al mes para cada unidad de transporte intercantonal, 600 d\u00f3lares para las intraprovinciales y 1 000 d\u00f3lares para las interprovinciales. El Ejecutivo destinar\u00e1 68,7 millones de d\u00f3lares este a\u00f1o para cubrir estas transferencias.<\/p>\n<p>Los interesados deben registrarse en el sitio web\u00a0<b><a href=\"https:\/\/registro.mtop.gob.ec\/#\/login\" target=\"_blank\" rel=\"nofollow noopener noreferrer\">registro.mtop.gob.ec\/#\/login<\/a><\/b>. Ah\u00ed deber\u00e1n crear un usuario y contrase\u00f1a. Adicionalmente, se han habilitado oficinas en todo el pa\u00eds para inscribirse de manera presencial<\/p>\n<p>Finalmente, Luque reiter\u00f3 este lunes que no hay paralizaci\u00f3n del transporte p\u00fablico en\u00a0<b>Quito<\/b>\u00a0ni en\u00a0<b>Guayaquil<\/b>, no obstante, hubo bloqueos en la parroquia Julio Andrade, en\u00a0<b>Tulc\u00e1n<\/b>. Seg\u00fan el ministro, los manifestantes fueron disuadidos.<\/p>\n<p>La eliminaci\u00f3n del subsidio al di\u00e9sel, que comenz\u00f3 a aplicarse el s\u00e1bado 13 de septiembre, elev\u00f3 el precio del gal\u00f3n de 1,80 a 2,80 d\u00f3lares y forma parte de una pol\u00edtica que, seg\u00fan el Gobierno, permitir\u00e1 un ahorro anual de 1 100 millones de d\u00f3lares.<\/p>\n<p>La supresi\u00f3n de los subsidios de los combustibles es una de las decisiones pol\u00edticas m\u00e1s sensibles en\u00a0<b>Ecuador<\/b>\u00a0que ya intentaron tomar sin \u00e9xito los expresidentes\u00a0<b>Lenin Moreno<\/b>\u00a0(2017-2021) y\u00a0<b>Guillermo Lasso<\/b>\u00a0(2021-2023), quienes tuvieron que recular ante las dos olas de protestas m\u00e1s grandes acontecidas en los \u00faltimos a\u00f1os en el pa\u00eds, lideradas en ambas ocasiones por el movimiento ind\u00edgena.<\/p>\n<p>Noboa dio el paso de eliminar el subsidio al di\u00e9sel tras haberlo hecho ya el a\u00f1o pasado con las gasolinas\u00a0<b>Extra<\/b>\u00a0y\u00a0<b>Ecopa\u00eds<\/b>, las de mayor consumo en la naci\u00f3n.<\/p>\n<p>Fuente: Ecuavisa<\/p>\n<\/div>\n<div class=\"html __select e_0\"><\/div>\n","protected":false},"excerpt":{"rendered":"<p>El ministro de Infraestructura y Transporte (MIT),\u00a0Roberto Luque, asegur\u00f3 que 1 500 transportistas recibir\u00e1n este lunes 15 de septiembre las primeras compensaciones econ\u00f3micas por la eliminaci\u00f3n del\u00a0subsidio del di\u00e9sel, una medida adoptada por el Gobierno de\u00a0Daniel Noboa\u00a0desde el s\u00e1bado. En entrevista en\u00a0Contacto Directo, el funcionario subray\u00f3 que las compensaciones de hasta USD 1 000 mensuales solo est\u00e1n contempladas para el\u00a0transporte p\u00fablico de pasajeros: buses urbanos, intercantonales e interprovinciales. Con ello se busca evitar el incremento de los precios de los pasajes. Por otra parte, expresos, veh\u00edculos pesados o camionetas no est\u00e1n contemplados en el plan de pagos del Gobierno. Para ellos, dijo Luque, hay otros planes que a\u00fan no est\u00e1n instrumentados. La Administraci\u00f3n de\u00a0Daniel Noboa\u00a0entregar\u00e1 esta compensaci\u00f3n econ\u00f3mica por ocho meses y en mayo de 2026 evaluar\u00e1 si extiende la bonificaci\u00f3n cuatro meses m\u00e1s. Los pagos ser\u00e1n de entre 400 y 700 d\u00f3lares al mes para cada unidad de transporte intercantonal, 600 d\u00f3lares para las intraprovinciales y 1 000 d\u00f3lares para las interprovinciales. El Ejecutivo destinar\u00e1 68,7 millones de d\u00f3lares este a\u00f1o para cubrir estas transferencias. Los interesados deben registrarse en el sitio web\u00a0registro.mtop.gob.ec\/#\/login. Ah\u00ed deber\u00e1n crear un usuario y contrase\u00f1a. Adicionalmente, se han habilitado oficinas en todo el pa\u00eds para inscribirse de manera presencial Finalmente, Luque reiter\u00f3 este lunes que no hay paralizaci\u00f3n del transporte p\u00fablico en\u00a0Quito\u00a0ni en\u00a0Guayaquil, no obstante, hubo bloqueos en la parroquia Julio Andrade, en\u00a0Tulc\u00e1n. Seg\u00fan el ministro, los manifestantes fueron disuadidos. La eliminaci\u00f3n del subsidio al di\u00e9sel, que comenz\u00f3 a aplicarse el s\u00e1bado 13 de septiembre, elev\u00f3 el precio del gal\u00f3n de 1,80 a 2,80 d\u00f3lares y forma parte de una pol\u00edtica que, seg\u00fan el Gobierno, permitir\u00e1 un ahorro anual de 1 100 millones de d\u00f3lares. La supresi\u00f3n de los subsidios de los combustibles es una de las decisiones pol\u00edticas m\u00e1s sensibles en\u00a0Ecuador\u00a0que ya intentaron tomar sin \u00e9xito los expresidentes\u00a0Lenin Moreno\u00a0(2017-2021) y\u00a0Guillermo Lasso\u00a0(2021-2023), quienes tuvieron que recular ante las dos olas de protestas m\u00e1s grandes acontecidas en los \u00faltimos a\u00f1os en el pa\u00eds, lideradas en ambas ocasiones por el movimiento ind\u00edgena. Noboa dio el paso de eliminar el subsidio al di\u00e9sel tras haberlo hecho ya el a\u00f1o pasado con las gasolinas\u00a0Extra\u00a0y\u00a0Ecopa\u00eds, las de mayor consumo en la naci\u00f3n. Fuente: Ecuavisa<\/p>\n","protected":false},"author":1,"featured_media":26361,"comment_status":"closed","ping_status":"closed","sticky":false,"template":"","format":"standard","meta":{"footnotes":""},"categories":[268],"tags":[],"class_list":["post-26360","post","type-post","status-publish","format-standard","has-post-thumbnail","hentry","category-nacionales"],"_links":{"self":[{"href":"https:\/\/www.elamazonico.com\/portal\/wp-json\/wp\/v2\/posts\/26360","targetHints":{"allow":["GET"]}}],"collection":[{"href":"https:\/\/www.elamazonico.com\/portal\/wp-json\/wp\/v2\/posts"}],"about":[{"href":"https:\/\/www.elamazonico.com\/portal\/wp-json\/wp\/v2\/types\/post"}],"author":[{"embeddable":true,"href":"https:\/\/www.elamazonico.com\/portal\/wp-json\/wp\/v2\/users\/1"}],"replies":[{"embeddable":true,"href":"https:\/\/www.elamazonico.com\/portal\/wp-json\/wp\/v2\/comments?post=26360"}],"version-history":[{"count":1,"href":"https:\/\/www.elamazonico.com\/portal\/wp-json\/wp\/v2\/posts\/26360\/revisions"}],"predecessor-version":[{"id":26362,"href":"https:\/\/www.elamazonico.com\/portal\/wp-json\/wp\/v2\/posts\/26360\/revisions\/26362"}],"wp:featuredmedia":[{"embeddable":true,"href":"https:\/\/www.elamazonico.com\/portal\/wp-json\/wp\/v2\/media\/26361"}],"wp:attachment":[{"href":"https:\/\/www.elamazonico.com\/portal\/wp-json\/wp\/v2\/media?parent=26360"}],"wp:term":[{"taxonomy":"category","embeddable":true,"href":"https:\/\/www.elamazonico.com\/portal\/wp-json\/wp\/v2\/categories?post=26360"},{"taxonomy":"post_tag","embeddable":true,"href":"https:\/\/www.elamazonico.com\/portal\/wp-json\/wp\/v2\/tags?post=26360"}],"curies":[{"name":"wp","href":"https:\/\/api.w.org\/{rel}","templated":true}]}}