{"id":26357,"date":"2025-09-15T05:55:24","date_gmt":"2025-09-15T10:55:24","guid":{"rendered":"https:\/\/www.elamazonico.com\/portal\/?p=26357"},"modified":"2025-09-15T05:55:24","modified_gmt":"2025-09-15T10:55:24","slug":"paro-de-transportistas-en-pichincha-se-suspende-este-15-de-septiembre","status":"publish","type":"post","link":"https:\/\/www.elamazonico.com\/portal\/paro-de-transportistas-en-pichincha-se-suspende-este-15-de-septiembre\/","title":{"rendered":"Paro de transportistas en Pichincha se suspende este 15 de septiembre"},"content":{"rendered":"<div class=\"paragraph texto\">\n<p class=\"p_0\">El\u00a0<b>paro de transporte p\u00fablico en Pichincha<\/b>, previsto para el lunes 15 de septiembre de 2025,\u00a0<b>qued\u00f3 suspendido<\/b>. La decisi\u00f3n se dio luego de varias horas de reuni\u00f3n entre representantes del sector y el Gobierno, en el marco de la inconformidad por la<a href=\"https:\/\/www.vistazo.com\/cronologia\/-\/meta\/aumento-precio-diesel\" target=\"_blank\" rel=\"noopener noreferrer\">\u00a0<b>eliminaci\u00f3n del subsidio al di\u00e9sel<\/b>.<\/a><\/p>\n<\/div>\n<div class=\"paragraph texto\">\n<p class=\"p_2\">Luis Haro, dirigente del transporte terrestre del Distrito Metropolitano de Quito, explic\u00f3: \u201c<b>Vamos a suspender la paralizaci\u00f3n mientras se desarrollen las mesas de trabajo<\/b>\u201d. Con ello, se busca evitar complicaciones en la movilidad ciudadana, mientras se tenga bajo observaci\u00f3n los di\u00e1logos para los pr\u00f3ximos 30 d\u00edas.<\/p>\n<\/div>\n<div class=\"html_text\"><iframe id=\"instagram-embed-0\" class=\"instagram-media instagram-media-rendered\" src=\"https:\/\/www.instagram.com\/p\/DOjENH3DZ6y\/embed\/captioned\/?cr=1&amp;v=14&amp;wp=675&amp;rd=https%3A%2F%2Fwww.vistazo.com&amp;rp=%2Factualidad%2Fnacional%2F2025-09-14-paro-transportistas-pichincha-se-suspende-15-septiembre-DB10112562#%7B%22ci%22%3A0%2C%22os%22%3A740.8999999761581%2C%22ls%22%3A242.19999998807907%2C%22le%22%3A732%7D\" height=\"1149\" frameborder=\"0\" scrolling=\"no\" allowfullscreen=\"allowfullscreen\" data-instgrm-payload-id=\"instagram-media-payload-0\" data-mce-fragment=\"1\"><\/iframe><\/div>\n<h2 class=\"h2vistazo\">Subsidio del di\u00e9sel a transportistas: \u00bfcu\u00e1les son los pr\u00f3ximos pasos?<\/h2>\n<div class=\"paragraph texto\">\n<p class=\"p_3\">El acuerdo establece la instalaci\u00f3n de\u00a0<b>mesas t\u00e9cnicas de negociaci\u00f3n<\/b>\u00a0desde el lunes 15 de septiembre, con la participaci\u00f3n de la\u00a0<b><a href=\"https:\/\/www.vistazo.com\/cronologia\/-\/meta\/agencia-nacional-de-transito\" target=\"_blank\" rel=\"noopener noreferrer\">Agencia Nacional de Tr\u00e1nsito (ANT)<\/a><\/b>. Pedro Abril, titular de la ANT, hizo un llamado al gremio: \u201cNo es el momento de paralizar actividades\u201d.<\/p>\n<\/div>\n<div class=\"multimediaMacroWrapper img lateral\">\n<figure class=\"contentMedia art-img\">\n<div><img fetchpriority=\"high\" decoding=\"async\" class=\" lazyloaded\" title=\"El gremio de transportista se reuni\u00f3 para definir la ruta tras eliminaci\u00f3n al subsidio del di\u00e9sel.\" src=\"https:\/\/www.vistazo.com\/placeholder\/svg\/viewbox\/768x512\" sizes=\"100vw\" srcset=\"\/\/www.vistazo.com\/binrepository\/768x512\/0c0\/0d0\/none\/12727\/EKTD\/20250914188966-uio-reunion-transportis_2418092_20250914153748.jpg 768w,\/\/www.vistazo.com\/binrepository\/640x427\/0c0\/0d0\/none\/12727\/EKTP\/20250914188966-uio-reunion-transportis_2418092_20250914153748.jpg 640w,\/\/www.vistazo.com\/binrepository\/512x341\/0c0\/0d0\/none\/12727\/EKTM\/20250914188966-uio-reunion-transportis_2418092_20250914153748.jpg 512w,\/\/www.vistazo.com\/binrepository\/384x256\/0c0\/0d0\/none\/12727\/EKTC\/20250914188966-uio-reunion-transportis_2418092_20250914153748.jpg 384w,\/\/www.vistazo.com\/binrepository\/300x200\/0c0\/0d0\/none\/12727\/EKTN\/20250914188966-uio-reunion-transportis_2418092_20250914153748.jpg 300w\" alt=\"$!El gremio de transportista se reuni\u00f3 para definir la ruta tras eliminaci\u00f3n al subsidio del di\u00e9sel.\" width=\"768\" height=\"512\" data-srcset=\"\/\/www.vistazo.com\/binrepository\/768x512\/0c0\/0d0\/none\/12727\/EKTD\/20250914188966-uio-reunion-transportis_2418092_20250914153748.jpg 768w,\/\/www.vistazo.com\/binrepository\/640x427\/0c0\/0d0\/none\/12727\/EKTP\/20250914188966-uio-reunion-transportis_2418092_20250914153748.jpg 640w,\/\/www.vistazo.com\/binrepository\/512x341\/0c0\/0d0\/none\/12727\/EKTM\/20250914188966-uio-reunion-transportis_2418092_20250914153748.jpg 512w,\/\/www.vistazo.com\/binrepository\/384x256\/0c0\/0d0\/none\/12727\/EKTC\/20250914188966-uio-reunion-transportis_2418092_20250914153748.jpg 384w,\/\/www.vistazo.com\/binrepository\/300x200\/0c0\/0d0\/none\/12727\/EKTN\/20250914188966-uio-reunion-transportis_2418092_20250914153748.jpg 300w\" \/><\/div>\n<div class=\"cutline-byline\"><span class=\"cutline-text\">El gremio de transportista se reuni\u00f3 para definir la ruta tras eliminaci\u00f3n al subsidio del di\u00e9sel.<\/span>\u00a0<span class=\"byline-image\">(Foto: API \/ Juan Ruiz.)<\/span><\/div>\n<\/figure>\n<\/div>\n<div class=\"paragraph texto\">\n<p class=\"p_5\">Durante los encuentros tambi\u00e9n se tratar\u00e1n temas como el\u00a0<b>pago de compensaciones<\/b>, los programas de\u00a0<b>chatarrizaci\u00f3n de unidades<\/b>\u00a0y la\u00a0<b>revisi\u00f3n de deudas pendientes<\/b>\u00a0del sector.<\/p>\n<\/div>\n<div class=\"paragraph texto\">\n<p class=\"p_6\">En d\u00edas anteriores, las cooperativas de transporte de Pichincha se mantuvieron en asamblea permanente para definir acciones frente al decreto del Ejecutivo que\u00a0<b>elimin\u00f3 el subsidio al di\u00e9sel<\/b>\u00a0y elev\u00f3 el precio del gal\u00f3n de\u00a0<b>$1,80 a $2,80<\/b> desde el s\u00e1bado 13 de septiembre. <strong>Fuente: Vistazo<\/strong><\/p>\n<\/div>\n","protected":false},"excerpt":{"rendered":"<p>El\u00a0paro de transporte p\u00fablico en Pichincha, previsto para el lunes 15 de septiembre de 2025,\u00a0qued\u00f3 suspendido. La decisi\u00f3n se dio luego de varias horas de reuni\u00f3n entre representantes del sector y el Gobierno, en el marco de la inconformidad por la\u00a0eliminaci\u00f3n del subsidio al di\u00e9sel. Luis Haro, dirigente del transporte terrestre del Distrito Metropolitano de Quito, explic\u00f3: \u201cVamos a suspender la paralizaci\u00f3n mientras se desarrollen las mesas de trabajo\u201d. Con ello, se busca evitar complicaciones en la movilidad ciudadana, mientras se tenga bajo observaci\u00f3n los di\u00e1logos para los pr\u00f3ximos 30 d\u00edas. Subsidio del di\u00e9sel a transportistas: \u00bfcu\u00e1les son los pr\u00f3ximos pasos? El acuerdo establece la instalaci\u00f3n de\u00a0mesas t\u00e9cnicas de negociaci\u00f3n\u00a0desde el lunes 15 de septiembre, con la participaci\u00f3n de la\u00a0Agencia Nacional de Tr\u00e1nsito (ANT). Pedro Abril, titular de la ANT, hizo un llamado al gremio: \u201cNo es el momento de paralizar actividades\u201d. El gremio de transportista se reuni\u00f3 para definir la ruta tras eliminaci\u00f3n al subsidio del di\u00e9sel.\u00a0(Foto: API \/ Juan Ruiz.) Durante los encuentros tambi\u00e9n se tratar\u00e1n temas como el\u00a0pago de compensaciones, los programas de\u00a0chatarrizaci\u00f3n de unidades\u00a0y la\u00a0revisi\u00f3n de deudas pendientes\u00a0del sector. En d\u00edas anteriores, las cooperativas de transporte de Pichincha se mantuvieron en asamblea permanente para definir acciones frente al decreto del Ejecutivo que\u00a0elimin\u00f3 el subsidio al di\u00e9sel\u00a0y elev\u00f3 el precio del gal\u00f3n de\u00a0$1,80 a $2,80 desde el s\u00e1bado 13 de septiembre. Fuente: Vistazo<\/p>\n","protected":false},"author":1,"featured_media":26358,"comment_status":"closed","ping_status":"closed","sticky":false,"template":"","format":"standard","meta":{"footnotes":""},"categories":[268],"tags":[],"class_list":["post-26357","post","type-post","status-publish","format-standard","has-post-thumbnail","hentry","category-nacionales"],"_links":{"self":[{"href":"https:\/\/www.elamazonico.com\/portal\/wp-json\/wp\/v2\/posts\/26357","targetHints":{"allow":["GET"]}}],"collection":[{"href":"https:\/\/www.elamazonico.com\/portal\/wp-json\/wp\/v2\/posts"}],"about":[{"href":"https:\/\/www.elamazonico.com\/portal\/wp-json\/wp\/v2\/types\/post"}],"author":[{"embeddable":true,"href":"https:\/\/www.elamazonico.com\/portal\/wp-json\/wp\/v2\/users\/1"}],"replies":[{"embeddable":true,"href":"https:\/\/www.elamazonico.com\/portal\/wp-json\/wp\/v2\/comments?post=26357"}],"version-history":[{"count":1,"href":"https:\/\/www.elamazonico.com\/portal\/wp-json\/wp\/v2\/posts\/26357\/revisions"}],"predecessor-version":[{"id":26359,"href":"https:\/\/www.elamazonico.com\/portal\/wp-json\/wp\/v2\/posts\/26357\/revisions\/26359"}],"wp:featuredmedia":[{"embeddable":true,"href":"https:\/\/www.elamazonico.com\/portal\/wp-json\/wp\/v2\/media\/26358"}],"wp:attachment":[{"href":"https:\/\/www.elamazonico.com\/portal\/wp-json\/wp\/v2\/media?parent=26357"}],"wp:term":[{"taxonomy":"category","embeddable":true,"href":"https:\/\/www.elamazonico.com\/portal\/wp-json\/wp\/v2\/categories?post=26357"},{"taxonomy":"post_tag","embeddable":true,"href":"https:\/\/www.elamazonico.com\/portal\/wp-json\/wp\/v2\/tags?post=26357"}],"curies":[{"name":"wp","href":"https:\/\/api.w.org\/{rel}","templated":true}]}}