{"id":26353,"date":"2025-09-14T07:31:26","date_gmt":"2025-09-14T12:31:26","guid":{"rendered":"https:\/\/www.elamazonico.com\/portal\/?p=26353"},"modified":"2025-09-14T07:31:26","modified_gmt":"2025-09-14T12:31:26","slug":"capturan-a-alias-topo-objetivo-de-alto-valor-y-senalado-como-lugarteniente-de-fito","status":"publish","type":"post","link":"https:\/\/www.elamazonico.com\/portal\/capturan-a-alias-topo-objetivo-de-alto-valor-y-senalado-como-lugarteniente-de-fito\/","title":{"rendered":"Capturan a alias \u2018Topo\u2019, objetivo de alto valor y se\u00f1alado como lugarteniente de \u2018Fito\u2019"},"content":{"rendered":"<div class=\"paragraph texto\">\n<p class=\"p_0\">La Polic\u00eda Nacional confirm\u00f3 la\u00a0<b>aprehensi\u00f3n de Dar\u00edo Javier Pe\u00f1afiel Nieto<\/b>, conocido como\u00a0<b><a href=\"https:\/\/www.vistazo.com\/actualidad\/nacional\/2025-03-15-capturan-alias-topo-aliado-narcotraficante-fito-orellana-MI8965428\" target=\"_blank\" rel=\"noopener noreferrer\">alias \u201cTopo\u201d<\/a><\/b>, la tarde de este s\u00e1bado 13 de septiembre de 2025, tras un allanamiento ejecutado en la ciudad de Tena, provincia de Napo.<\/p>\n<p class=\"p_1\">El ministro del Interior, <b><a href=\"https:\/\/www.vistazo.com\/cronologia\/-\/meta\/john-reimberg\" target=\"_blank\" rel=\"noopener noreferrer\">John Reimberg,<\/a><\/b>\u00a0inform\u00f3 de la captura a trav\u00e9s de la red social X y anticip\u00f3 que el detenido podr\u00eda ser extraditado:<\/p>\n<\/div>\n<div class=\"Citavistazo\">\u201cFito: ah\u00ed te mandamos compa\u00f1\u00eda para que no te sientas solo. En breve m\u00e1s detalles\u201d, escribi\u00f3.<\/div>\n<div class=\"multimediaMacroWrapper img lateral\">\n<figure class=\"contentMedia art-img\">\n<div><img fetchpriority=\"high\" decoding=\"async\" class=\" lazyloaded\" title=\"El ministro del Interior, John Reimberg anunci\u00f3 la captura de alias 'Topo'.\" src=\"https:\/\/www.vistazo.com\/placeholder\/svg\/viewbox\/487x208\" sizes=\"100vw\" srcset=\"\/\/www.vistazo.com\/binrepository\/487x208\/0c0\/0d0\/none\/12727\/PFSN\/x-john-reimberg_2417238_20250913190836.png 487w,\/\/www.vistazo.com\/binrepository\/406x173\/0c0\/0d0\/none\/12727\/PFHS\/x-john-reimberg_2417238_20250913190836.png 406w,\/\/www.vistazo.com\/binrepository\/325x139\/0c0\/0d0\/none\/12727\/PFRQ\/x-john-reimberg_2417238_20250913190836.png 325w\" alt=\"$!El ministro del Interior, John Reimberg anunci\u00f3 la captura de alias 'Topo'.\" width=\"487\" height=\"208\" data-srcset=\"\/\/www.vistazo.com\/binrepository\/487x208\/0c0\/0d0\/none\/12727\/PFSN\/x-john-reimberg_2417238_20250913190836.png 487w,\/\/www.vistazo.com\/binrepository\/406x173\/0c0\/0d0\/none\/12727\/PFHS\/x-john-reimberg_2417238_20250913190836.png 406w,\/\/www.vistazo.com\/binrepository\/325x139\/0c0\/0d0\/none\/12727\/PFRQ\/x-john-reimberg_2417238_20250913190836.png 325w\" \/><\/div>\n<div class=\"cutline-byline\"><span class=\"cutline-text\">El ministro del Interior, John Reimberg anunci\u00f3 la captura de alias &#8216;Topo&#8217;.<\/span>\u00a0<span class=\"byline-image\">(Foto: X @JohnReimberg )<\/span><\/div>\n<\/figure>\n<\/div>\n<div class=\"paragraph texto\">\n<p class=\"p_3\">Alias \u201cTopo\u201d es considerado un\u00a0<b>objetivo de alto valor<\/b>\u00a0por el Bloque de Seguridad y se\u00f1alado como\u00a0<b>lugarteniente de Jos\u00e9 Adolfo Mac\u00edas Villamar, alias \u201cFito\u201d<\/b>, excabecilla de\u00a0<b><a href=\"https:\/\/www.vistazo.com\/cronologia\/-\/meta\/los-choneros\" target=\"_blank\" rel=\"noopener noreferrer\">Los Choneros<\/a><\/b>, actualmente extraditado y en un proceso de juicio en Estados Unidos.<\/p>\n<div class=\"Center2Display\">\n<div id=\"Center2\"><\/div>\n<\/div>\n<\/div>\n<div class=\"paragraph texto\">\n<p class=\"p_4\">Las autoridades lo vinculan con m\u00faltiples delitos, entre ellos\u00a0<b>sicariato, intimidaci\u00f3n, tr\u00e1fico il\u00edcito de armas, miner\u00eda ilegal y tenencia de armamento<\/b>. Tambi\u00e9n fue identificado como part\u00edcipe en el asesinato del agente policial Byron Morej\u00f3n, ocurrido en junio de 2024.<\/p>\n<\/div>\n","protected":false},"excerpt":{"rendered":"<p>La Polic\u00eda Nacional confirm\u00f3 la\u00a0aprehensi\u00f3n de Dar\u00edo Javier Pe\u00f1afiel Nieto, conocido como\u00a0alias \u201cTopo\u201d, la tarde de este s\u00e1bado 13 de septiembre de 2025, tras un allanamiento ejecutado en la ciudad de Tena, provincia de Napo. El ministro del Interior, John Reimberg,\u00a0inform\u00f3 de la captura a trav\u00e9s de la red social X y anticip\u00f3 que el detenido podr\u00eda ser extraditado: \u201cFito: ah\u00ed te mandamos compa\u00f1\u00eda para que no te sientas solo. En breve m\u00e1s detalles\u201d, escribi\u00f3. El ministro del Interior, John Reimberg anunci\u00f3 la captura de alias &#8216;Topo&#8217;.\u00a0(Foto: X @JohnReimberg ) Alias \u201cTopo\u201d es considerado un\u00a0objetivo de alto valor\u00a0por el Bloque de Seguridad y se\u00f1alado como\u00a0lugarteniente de Jos\u00e9 Adolfo Mac\u00edas Villamar, alias \u201cFito\u201d, excabecilla de\u00a0Los Choneros, actualmente extraditado y en un proceso de juicio en Estados Unidos. Las autoridades lo vinculan con m\u00faltiples delitos, entre ellos\u00a0sicariato, intimidaci\u00f3n, tr\u00e1fico il\u00edcito de armas, miner\u00eda ilegal y tenencia de armamento. Tambi\u00e9n fue identificado como part\u00edcipe en el asesinato del agente policial Byron Morej\u00f3n, ocurrido en junio de 2024.<\/p>\n","protected":false},"author":1,"featured_media":26354,"comment_status":"closed","ping_status":"closed","sticky":false,"template":"","format":"standard","meta":{"footnotes":""},"categories":[268],"tags":[],"class_list":["post-26353","post","type-post","status-publish","format-standard","has-post-thumbnail","hentry","category-nacionales"],"_links":{"self":[{"href":"https:\/\/www.elamazonico.com\/portal\/wp-json\/wp\/v2\/posts\/26353","targetHints":{"allow":["GET"]}}],"collection":[{"href":"https:\/\/www.elamazonico.com\/portal\/wp-json\/wp\/v2\/posts"}],"about":[{"href":"https:\/\/www.elamazonico.com\/portal\/wp-json\/wp\/v2\/types\/post"}],"author":[{"embeddable":true,"href":"https:\/\/www.elamazonico.com\/portal\/wp-json\/wp\/v2\/users\/1"}],"replies":[{"embeddable":true,"href":"https:\/\/www.elamazonico.com\/portal\/wp-json\/wp\/v2\/comments?post=26353"}],"version-history":[{"count":1,"href":"https:\/\/www.elamazonico.com\/portal\/wp-json\/wp\/v2\/posts\/26353\/revisions"}],"predecessor-version":[{"id":26355,"href":"https:\/\/www.elamazonico.com\/portal\/wp-json\/wp\/v2\/posts\/26353\/revisions\/26355"}],"wp:featuredmedia":[{"embeddable":true,"href":"https:\/\/www.elamazonico.com\/portal\/wp-json\/wp\/v2\/media\/26354"}],"wp:attachment":[{"href":"https:\/\/www.elamazonico.com\/portal\/wp-json\/wp\/v2\/media?parent=26353"}],"wp:term":[{"taxonomy":"category","embeddable":true,"href":"https:\/\/www.elamazonico.com\/portal\/wp-json\/wp\/v2\/categories?post=26353"},{"taxonomy":"post_tag","embeddable":true,"href":"https:\/\/www.elamazonico.com\/portal\/wp-json\/wp\/v2\/tags?post=26353"}],"curies":[{"name":"wp","href":"https:\/\/api.w.org\/{rel}","templated":true}]}}