{"id":26343,"date":"2025-09-13T14:54:58","date_gmt":"2025-09-13T19:54:58","guid":{"rendered":"https:\/\/www.elamazonico.com\/portal\/?p=26343"},"modified":"2025-09-13T14:54:58","modified_gmt":"2025-09-13T19:54:58","slug":"paro-de-transportistas-en-pichincha-por-el-alza-del-diesel-este-15-de-septiembre","status":"publish","type":"post","link":"https:\/\/www.elamazonico.com\/portal\/paro-de-transportistas-en-pichincha-por-el-alza-del-diesel-este-15-de-septiembre\/","title":{"rendered":"Paro de transportistas en Pichincha por el alza del di\u00e9sel este 15 de septiembre"},"content":{"rendered":"<div class=\"paragraph texto\">\n<p class=\"p_0\">La\u00a0<b>Federaci\u00f3n de Transporte Terrestre de Pichincha<\/b>\u00a0inform\u00f3 este s\u00e1bado 13 de septiembre que el servicio de transporte p\u00fablico en<b><a href=\"https:\/\/www.vistazo.com\/cronologia\/-\/meta\/quito\" target=\"_blank\" rel=\"noopener noreferrer\">\u00a0Quito<\/a>\u00a0y la provincia<\/b>\u00a0quedar\u00e1\u00a0<b>suspendido<\/b>\u00a0desde las\u00a0<b>00h00 del lunes 15 de septiembre<\/b>.<\/p>\n<\/div>\n<div class=\"paragraph texto\">\n<p class=\"p_1\">La medida responde a la decisi\u00f3n del Gobierno Nacional de\u00a0<b>eliminar el subsidio al di\u00e9sel<\/b>, lo que elev\u00f3 su precio de\u00a0<b>USD 1,80 a USD 2,80 por gal\u00f3n<\/b>.<\/p>\n<\/div>\n<div class=\"multimediaMacroWrapper img lateral\">\n<figure class=\"contentMedia art-img\">\n<div><img fetchpriority=\"high\" decoding=\"async\" class=\" lazyloaded\" title=\"Reuni\u00f3n de la Federaci\u00f3n de Transporte Terrestre de Pichincha sobre el aumento del di\u00e9sel.\" src=\"https:\/\/www.vistazo.com\/placeholder\/svg\/viewbox\/768x512\" sizes=\"100vw\" srcset=\"\/\/www.vistazo.com\/binrepository\/768x512\/0c0\/0d0\/none\/12727\/QEHO\/20250913188433-reunion-transportistas_2416870_20250913141549.jpg 768w,\/\/www.vistazo.com\/binrepository\/640x427\/0c0\/0d0\/none\/12727\/QEHC\/20250913188433-reunion-transportistas_2416870_20250913141549.jpg 640w,\/\/www.vistazo.com\/binrepository\/512x341\/0c0\/0d0\/none\/12727\/QEHB\/20250913188433-reunion-transportistas_2416870_20250913141549.jpg 512w,\/\/www.vistazo.com\/binrepository\/384x256\/0c0\/0d0\/none\/12727\/QEHP\/20250913188433-reunion-transportistas_2416870_20250913141549.jpg 384w,\/\/www.vistazo.com\/binrepository\/300x200\/0c0\/0d0\/none\/12727\/QEHA\/20250913188433-reunion-transportistas_2416870_20250913141549.jpg 300w\" alt=\"$!Reuni\u00f3n de la Federaci\u00f3n de Transporte Terrestre de Pichincha sobre el aumento del di\u00e9sel.\" width=\"768\" height=\"512\" data-srcset=\"\/\/www.vistazo.com\/binrepository\/768x512\/0c0\/0d0\/none\/12727\/QEHO\/20250913188433-reunion-transportistas_2416870_20250913141549.jpg 768w,\/\/www.vistazo.com\/binrepository\/640x427\/0c0\/0d0\/none\/12727\/QEHC\/20250913188433-reunion-transportistas_2416870_20250913141549.jpg 640w,\/\/www.vistazo.com\/binrepository\/512x341\/0c0\/0d0\/none\/12727\/QEHB\/20250913188433-reunion-transportistas_2416870_20250913141549.jpg 512w,\/\/www.vistazo.com\/binrepository\/384x256\/0c0\/0d0\/none\/12727\/QEHP\/20250913188433-reunion-transportistas_2416870_20250913141549.jpg 384w,\/\/www.vistazo.com\/binrepository\/300x200\/0c0\/0d0\/none\/12727\/QEHA\/20250913188433-reunion-transportistas_2416870_20250913141549.jpg 300w\" \/><\/div>\n<div class=\"cutline-byline\"><span class=\"cutline-text\">Reuni\u00f3n de la Federaci\u00f3n de Transporte Terrestre de Pichincha sobre el aumento del di\u00e9sel.\u00a0<\/span><span class=\"byline-image\">(Foto: API\/ROLANDO ENRIQUEZ)<\/span><\/div>\n<\/figure>\n<\/div>\n<div class=\"paragraph texto\">\n<p class=\"p_3\">El presidente de la Federaci\u00f3n,\u00a0<b>Carlos Brunis<\/b>, se\u00f1al\u00f3 que la paralizaci\u00f3n ser\u00e1 indefinida hasta que el Ejecutivo convoque a un di\u00e1logo formal. Asegur\u00f3 que la medida afecta no solo a los transportistas como operadores, sino tambi\u00e9n a sus familias y a la ciudadan\u00eda que depende de una movilidad asequible. <strong>Fuente: Vistazo<\/strong><\/p>\n<\/div>\n","protected":false},"excerpt":{"rendered":"<p>La\u00a0Federaci\u00f3n de Transporte Terrestre de Pichincha\u00a0inform\u00f3 este s\u00e1bado 13 de septiembre que el servicio de transporte p\u00fablico en\u00a0Quito\u00a0y la provincia\u00a0quedar\u00e1\u00a0suspendido\u00a0desde las\u00a000h00 del lunes 15 de septiembre. La medida responde a la decisi\u00f3n del Gobierno Nacional de\u00a0eliminar el subsidio al di\u00e9sel, lo que elev\u00f3 su precio de\u00a0USD 1,80 a USD 2,80 por gal\u00f3n. Reuni\u00f3n de la Federaci\u00f3n de Transporte Terrestre de Pichincha sobre el aumento del di\u00e9sel.\u00a0(Foto: API\/ROLANDO ENRIQUEZ) El presidente de la Federaci\u00f3n,\u00a0Carlos Brunis, se\u00f1al\u00f3 que la paralizaci\u00f3n ser\u00e1 indefinida hasta que el Ejecutivo convoque a un di\u00e1logo formal. Asegur\u00f3 que la medida afecta no solo a los transportistas como operadores, sino tambi\u00e9n a sus familias y a la ciudadan\u00eda que depende de una movilidad asequible. Fuente: Vistazo<\/p>\n","protected":false},"author":1,"featured_media":26344,"comment_status":"closed","ping_status":"closed","sticky":false,"template":"","format":"standard","meta":{"footnotes":""},"categories":[268],"tags":[],"class_list":["post-26343","post","type-post","status-publish","format-standard","has-post-thumbnail","hentry","category-nacionales"],"_links":{"self":[{"href":"https:\/\/www.elamazonico.com\/portal\/wp-json\/wp\/v2\/posts\/26343","targetHints":{"allow":["GET"]}}],"collection":[{"href":"https:\/\/www.elamazonico.com\/portal\/wp-json\/wp\/v2\/posts"}],"about":[{"href":"https:\/\/www.elamazonico.com\/portal\/wp-json\/wp\/v2\/types\/post"}],"author":[{"embeddable":true,"href":"https:\/\/www.elamazonico.com\/portal\/wp-json\/wp\/v2\/users\/1"}],"replies":[{"embeddable":true,"href":"https:\/\/www.elamazonico.com\/portal\/wp-json\/wp\/v2\/comments?post=26343"}],"version-history":[{"count":1,"href":"https:\/\/www.elamazonico.com\/portal\/wp-json\/wp\/v2\/posts\/26343\/revisions"}],"predecessor-version":[{"id":26345,"href":"https:\/\/www.elamazonico.com\/portal\/wp-json\/wp\/v2\/posts\/26343\/revisions\/26345"}],"wp:featuredmedia":[{"embeddable":true,"href":"https:\/\/www.elamazonico.com\/portal\/wp-json\/wp\/v2\/media\/26344"}],"wp:attachment":[{"href":"https:\/\/www.elamazonico.com\/portal\/wp-json\/wp\/v2\/media?parent=26343"}],"wp:term":[{"taxonomy":"category","embeddable":true,"href":"https:\/\/www.elamazonico.com\/portal\/wp-json\/wp\/v2\/categories?post=26343"},{"taxonomy":"post_tag","embeddable":true,"href":"https:\/\/www.elamazonico.com\/portal\/wp-json\/wp\/v2\/tags?post=26343"}],"curies":[{"name":"wp","href":"https:\/\/api.w.org\/{rel}","templated":true}]}}