{"id":26340,"date":"2025-09-13T09:02:12","date_gmt":"2025-09-13T14:02:12","guid":{"rendered":"https:\/\/www.elamazonico.com\/portal\/?p=26340"},"modified":"2025-09-13T09:02:12","modified_gmt":"2025-09-13T14:02:12","slug":"los-gremios-de-transporte-pesado-piden-que-se-derogue-el-retiro-del-subsidio-al-diesel","status":"publish","type":"post","link":"https:\/\/www.elamazonico.com\/portal\/los-gremios-de-transporte-pesado-piden-que-se-derogue-el-retiro-del-subsidio-al-diesel\/","title":{"rendered":"Los gremios de transporte pesado piden que se derogue el retiro del subsidio al di\u00e9sel"},"content":{"rendered":"<p>Los transportistas de carga pesada rechazaron el 13 de septiembre el incremento del valor del di\u00e9sel, tras el retiro del subsidio al combistible en la v\u00edspera por parte del Gobierno Nacional.<\/p>\n<p>Los transportistas de la C\u00e1mara Ecuatoriana de Transporte Pesado\u00a0solicitaron la derogaci\u00f3n del decreto presidencial que elimina el subsidio al di\u00e9sel, al no haber sido socializado con el sector. Adem\u00e1s, alertaron que esta medida deja en indefensi\u00f3n al transporte de carga, con graves consecuencias econ\u00f3micas y sociales.<\/p>\n<p>Asimismo, piden una mesa t\u00e9cnica para encontrar soluciones que mitiguen el impacto de esta medida.<\/p>\n<p>Eliminaci\u00f3n del subsidio al di\u00e9sel en Ecuador; \u00bfcu\u00e1nto se ahorra el Estado?<br \/>\nEn su comunicado del 13 de septiembre, los gremios afirman que han respaldado al gobierno del presidente Daniel Noboa en busca de soluciones a la inseguridad, considerada su mayor preocupaci\u00f3n.<\/p>\n<p>Tambi\u00e9n mencionan su descontento con el incremento del Impuesto al Valor Agregado (IVA) del 12% al 15%, al se\u00f1alar que aspiraban a que esta medida se relacionase con una mejora en la seguridad, algo que no ha ocurrido.<\/p>\n<p>Los transportistas de carga pesada responsabilizan a la Confederaci\u00f3n de Transporte Terrestre, presidida por Napole\u00f3n Cabrera y Luis Felipe Vizca\u00edno, por \u00abtomar el nombre de los transportistas ecuatorianos\u00bb a quienes, seg\u00fan el comunicado, no representan.<\/p>\n<p>El comunicado finaliza con una declaraci\u00f3n contundente: \u00ab\u00a1\u00a1MIENTRAS la inseguridad sea nuestra cruz, es imposible pensar en el incremento del valor de los combustibles!!\u00bb <strong>Fuente: Primicias<\/strong><\/p>\n","protected":false},"excerpt":{"rendered":"<p>Los transportistas de carga pesada rechazaron el 13 de septiembre el incremento del valor del di\u00e9sel, tras el retiro del subsidio al combistible en la v\u00edspera por parte del Gobierno Nacional. Los transportistas de la C\u00e1mara Ecuatoriana de Transporte Pesado\u00a0solicitaron la derogaci\u00f3n del decreto presidencial que elimina el subsidio al di\u00e9sel, al no haber sido socializado con el sector. Adem\u00e1s, alertaron que esta medida deja en indefensi\u00f3n al transporte de carga, con graves consecuencias econ\u00f3micas y sociales. Asimismo, piden una mesa t\u00e9cnica para encontrar soluciones que mitiguen el impacto de esta medida. Eliminaci\u00f3n del subsidio al di\u00e9sel en Ecuador; \u00bfcu\u00e1nto se ahorra el Estado? En su comunicado del 13 de septiembre, los gremios afirman que han respaldado al gobierno del presidente Daniel Noboa en busca de soluciones a la inseguridad, considerada su mayor preocupaci\u00f3n. Tambi\u00e9n mencionan su descontento con el incremento del Impuesto al Valor Agregado (IVA) del 12% al 15%, al se\u00f1alar que aspiraban a que esta medida se relacionase con una mejora en la seguridad, algo que no ha ocurrido. Los transportistas de carga pesada responsabilizan a la Confederaci\u00f3n de Transporte Terrestre, presidida por Napole\u00f3n Cabrera y Luis Felipe Vizca\u00edno, por \u00abtomar el nombre de los transportistas ecuatorianos\u00bb a quienes, seg\u00fan el comunicado, no representan. El comunicado finaliza con una declaraci\u00f3n contundente: \u00ab\u00a1\u00a1MIENTRAS la inseguridad sea nuestra cruz, es imposible pensar en el incremento del valor de los combustibles!!\u00bb Fuente: Primicias<\/p>\n","protected":false},"author":1,"featured_media":26341,"comment_status":"closed","ping_status":"closed","sticky":false,"template":"","format":"standard","meta":{"footnotes":""},"categories":[268],"tags":[],"class_list":["post-26340","post","type-post","status-publish","format-standard","has-post-thumbnail","hentry","category-nacionales"],"_links":{"self":[{"href":"https:\/\/www.elamazonico.com\/portal\/wp-json\/wp\/v2\/posts\/26340","targetHints":{"allow":["GET"]}}],"collection":[{"href":"https:\/\/www.elamazonico.com\/portal\/wp-json\/wp\/v2\/posts"}],"about":[{"href":"https:\/\/www.elamazonico.com\/portal\/wp-json\/wp\/v2\/types\/post"}],"author":[{"embeddable":true,"href":"https:\/\/www.elamazonico.com\/portal\/wp-json\/wp\/v2\/users\/1"}],"replies":[{"embeddable":true,"href":"https:\/\/www.elamazonico.com\/portal\/wp-json\/wp\/v2\/comments?post=26340"}],"version-history":[{"count":1,"href":"https:\/\/www.elamazonico.com\/portal\/wp-json\/wp\/v2\/posts\/26340\/revisions"}],"predecessor-version":[{"id":26342,"href":"https:\/\/www.elamazonico.com\/portal\/wp-json\/wp\/v2\/posts\/26340\/revisions\/26342"}],"wp:featuredmedia":[{"embeddable":true,"href":"https:\/\/www.elamazonico.com\/portal\/wp-json\/wp\/v2\/media\/26341"}],"wp:attachment":[{"href":"https:\/\/www.elamazonico.com\/portal\/wp-json\/wp\/v2\/media?parent=26340"}],"wp:term":[{"taxonomy":"category","embeddable":true,"href":"https:\/\/www.elamazonico.com\/portal\/wp-json\/wp\/v2\/categories?post=26340"},{"taxonomy":"post_tag","embeddable":true,"href":"https:\/\/www.elamazonico.com\/portal\/wp-json\/wp\/v2\/tags?post=26340"}],"curies":[{"name":"wp","href":"https:\/\/api.w.org\/{rel}","templated":true}]}}