{"id":26330,"date":"2025-09-12T17:22:26","date_gmt":"2025-09-12T22:22:26","guid":{"rendered":"https:\/\/www.elamazonico.com\/portal\/?p=26330"},"modified":"2025-09-12T17:22:26","modified_gmt":"2025-09-12T22:22:26","slug":"jose-serrano-habria-rogado-a-un-expolicia-para-que-vigile-a-fernando-villavicencio-es-de-caracter-urgente","status":"publish","type":"post","link":"https:\/\/www.elamazonico.com\/portal\/jose-serrano-habria-rogado-a-un-expolicia-para-que-vigile-a-fernando-villavicencio-es-de-caracter-urgente\/","title":{"rendered":"Jos\u00e9 Serrano habr\u00eda rogado a un expolic\u00eda para que vigile a Fernando Villavicencio: &#8216;Es de car\u00e1cter urgente&#8217;"},"content":{"rendered":"<div class=\"paragraph texto\">\n<p class=\"p_0\">Alias<b><a href=\"https:\/\/www.vistazo.com\/actualidad\/nacional\/2025-09-12-expolicia-delato-jose-serrano-vigilancia-opositores-correismo-acuerdos-farc-los-choneros-NA10105019\">\u00a0\u2018Jonathan\u2019<\/a><\/b>, un exagente de inteligencia, detall\u00f3 c\u00f3mo se ejecutaron los seguimientos para el asesinato de\u00a0<u><b>Fernando Villavicencio<\/b><\/u>. El expolic\u00eda asegur\u00f3 que cumpli\u00f3 \u00f3rdenes de\u00a0<u><b>Daniel Salcedo y Jos\u00e9 Serrano<\/b><\/u>, quien al parecer ten\u00eda una red de uniformados que le ayudaban para sus actividades irregulares. De hecho, un\u00a0<u><b>coronel puso un GPS en uno de los veh\u00edculos que conformaban la caravana del excandidato presidencial<\/b><\/u>.<\/p>\n<p class=\"p_1\">La Fiscal\u00eda difundi\u00f3 este viernes 12 de septiembre la versi\u00f3n de\u00a0<u><b>R. P. H. R.<\/b><\/u>, un exteniente que habr\u00eda colaborado en m\u00faltiples requerimientos il\u00edcitos del exministro corre\u00edsta.<\/p>\n<p class=\"p_3\">En las unidades policiales era conocido como alias \u2018Jonathan\u2019, quien fue<u><b>\u00a0cesado de sus funciones en el 2021<\/b><\/u> a ra\u00edz de una sentencia por un delito de robo con muerte.<\/p>\n<p class=\"p_4\">Seg\u00fan el agente, fue vinculado \u201carbitrariamente\u201d a ese caso y tanto la instituci\u00f3n como Serrano le dieron la espalda. Es as\u00ed que fue ingresado a la c\u00e1rcel 4 de Quito, donde conoci\u00f3 a\u00a0<u><b>Daniel Salcedo<\/b><\/u>, sentenciado por m\u00faltiples casos de corrupci\u00f3n.<\/p>\n<\/div>\n<div class=\"Citavistazo\">\u201cFue una persona que me ayud\u00f3, me dio protecci\u00f3n dentro de la c\u00e1rcel y que aprovech\u00f3 mis habilidades como agente de inteligencia de la Polic\u00eda Nacional\u201d, coment\u00f3.<\/div>\n<div class=\"paragraph texto\">\n<p class=\"p_5\">\u2018Jontahan\u2019 rememor\u00f3 que los seguimientos y vigilancias a Fernando Villavicencio se hicieron\u00a0<u><b>desde junio o julio del 2022<\/b><\/u>\u00a0por pedido de Salcedo.\u00a0<u><b>\u201cLo gestion\u00e9 desde el interior de la c\u00e1rcel con personas externas\u201d<\/b><\/u>. Fueron alrededor de cuatro d\u00edas en los que se tomaron fotograf\u00edas de las rutinas del pol\u00edtico y luego esas im\u00e1genes las pas\u00f3 a Salcedo.<\/p>\n<p class=\"p_6\">En septiembre del 2022, recuper\u00f3 su libertad, pese a que estaba condenado a 34 a\u00f1os de c\u00e1rcel. Un mes despu\u00e9s, tuvo una reuni\u00f3n con el General en servicio pasivo\u00a0<u><b>V\u00edctor Arauz<\/b><\/u>, quien lo hab\u00eda contactado para ejecutar seguimientos a un periodista, seg\u00fan la versi\u00f3n publicada por la Fiscal\u00eda. En ese momento,\u00a0<u><b>el agente habl\u00f3 con Serrano tras varios a\u00f1os sin saber nada de \u00e9l.<\/b><\/u><\/p>\n<p class=\"p_7\">Entonces, Arauz le proporcion\u00f3 un c\u00f3digo de comunicaci\u00f3n instant\u00e1nea denominado<b>\u00a0Threema<\/b>\u00a0con autorizaci\u00f3n del exministro. Desde entonces, Serrano continu\u00f3 pidi\u00e9ndole m\u00e1s seguimientos.<\/p>\n<\/div>\n<div class=\"multimediaMacroWrapper img lateral\">\n<figure class=\"contentMedia art-img\">\n<div><img fetchpriority=\"high\" decoding=\"async\" class=\" lazyloaded\" title=\"Jos\u00e9 Serrano presunto autor intelectual del asesinato de Fernando Villavicencio.\" src=\"https:\/\/www.vistazo.com\/placeholder\/svg\/viewbox\/768x512\" sizes=\"100vw\" srcset=\"\/\/www.vistazo.com\/binrepository\/768x512\/0c0\/0d0\/none\/12727\/GYUO\/465367231-8883417155041895-8193659824_2415759_20250912165135.jpg 768w,\/\/www.vistazo.com\/binrepository\/640x427\/0c0\/0d0\/none\/12727\/GYUC\/465367231-8883417155041895-8193659824_2415759_20250912165135.jpg 640w,\/\/www.vistazo.com\/binrepository\/512x341\/0c0\/0d0\/none\/12727\/GYUB\/465367231-8883417155041895-8193659824_2415759_20250912165135.jpg 512w,\/\/www.vistazo.com\/binrepository\/384x256\/0c0\/0d0\/none\/12727\/GYUP\/465367231-8883417155041895-8193659824_2415759_20250912165135.jpg 384w,\/\/www.vistazo.com\/binrepository\/300x200\/0c0\/0d0\/none\/12727\/GYUA\/465367231-8883417155041895-8193659824_2415759_20250912165135.jpg 300w\" alt=\"$!Jos\u00e9 Serrano presunto autor intelectual del asesinato de Fernando Villavicencio.\" width=\"768\" height=\"512\" data-srcset=\"\/\/www.vistazo.com\/binrepository\/768x512\/0c0\/0d0\/none\/12727\/GYUO\/465367231-8883417155041895-8193659824_2415759_20250912165135.jpg 768w,\/\/www.vistazo.com\/binrepository\/640x427\/0c0\/0d0\/none\/12727\/GYUC\/465367231-8883417155041895-8193659824_2415759_20250912165135.jpg 640w,\/\/www.vistazo.com\/binrepository\/512x341\/0c0\/0d0\/none\/12727\/GYUB\/465367231-8883417155041895-8193659824_2415759_20250912165135.jpg 512w,\/\/www.vistazo.com\/binrepository\/384x256\/0c0\/0d0\/none\/12727\/GYUP\/465367231-8883417155041895-8193659824_2415759_20250912165135.jpg 384w,\/\/www.vistazo.com\/binrepository\/300x200\/0c0\/0d0\/none\/12727\/GYUA\/465367231-8883417155041895-8193659824_2415759_20250912165135.jpg 300w\" \/><\/div>\n<div class=\"cutline-byline\"><span class=\"cutline-text\">Jos\u00e9 Serrano presunto autor intelectual del asesinato de Fernando Villavicencio.\u00a0<\/span><span class=\"byline-image\">(Foto: Facebook )<\/span><\/div>\n<\/figure>\n<\/div>\n<h2 class=\"h2vistazo\">LOS MESES PREVIOS AL MAGNICIDIO<\/h2>\n<div class=\"paragraph texto\">\n<p class=\"p_9\">En julio del 2023, el exministro lo contact\u00f3 para realizar seguimientos y vigilancias contra Villavicencio.\u00a0<u><b>\u201c\u2018Jonathan\u2019, si esto no fuera importante, cr\u00e9eme que no cont\u00e1ramos contigo y es de car\u00e1cter urgente\u201d<\/b><\/u>, le rog\u00f3.<\/p>\n<p class=\"p_10\">El trabajo consist\u00eda en observar la rutina de Villavicencio, el veh\u00edculo en el que se movilizaba, el n\u00famero de polic\u00edas que lo custodiaban, los lugares a los que iba, etc.<\/p>\n<p class=\"p_11\">El polic\u00eda en servicio pasivo confes\u00f3 que acept\u00f3 esta idea porque Serrano le manifest\u00f3 que\u00a0<u><b>\u201cellos retomar\u00edan el poder del pa\u00eds y que \u00e9l personalmente se encargar\u00eda de reincorporarme a la instituci\u00f3n policial\u201d.<\/b><\/u><\/p>\n<p class=\"p_12\">\u2018Jontahan\u2019 narr\u00f3 que en ese mismo mes de julio se reuni\u00f3 en Guayaquil con el cabo\u00a0<u><b>J. M. A. Y<\/b><\/u>. con quien viaj\u00f3 a Quito en un veh\u00edculo gran vitara. As\u00ed se dieron inicio a las vigilancias previas al asesinato del excandidato presidencial.<\/p>\n<p class=\"p_14\">Posteriormente, Serrano le dispuso que tome contacto con el<u><b>\u00a0coronel S. N.<\/b><\/u>, quien le proporcion\u00f3 una hoja en f\u00edsico donde constaba el itinerario de Villavicencio.<\/p>\n<\/div>\n<div class=\"Citavistazo\">\u201cA su vez, yo le hice la entrega de un dispositivo de rastreo GPS de color negro, ya que se hab\u00eda coordinado que dicho coronel se encargar\u00eda de poner ese dispositivo en uno de los veh\u00edculos que conformaban la caravana del se\u00f1or Fernando Villavicencio\u201d, coment\u00f3 el agente a la Fiscal\u00eda.<\/div>\n<div class=\"paragraph texto\">\n<p class=\"p_15\">Los primeros d\u00edas de agosto, \u2018Jonathan\u2019 y J. M. A. Y. enviaron a Serrano y Salcedo un\u00a0<u>informe de seis hojas<\/u>, a trav\u00e9s de la aplicaci\u00f3n Threema, con detalles de los veh\u00edculos en los que se movilizaba, la custodia policial y las personas con las que se reun\u00eda el tambi\u00e9n periodista.<\/p>\n<p class=\"p_16\">El nueve de agosto del 2023,\u00a0<b>Villavicencio fue asesinado al salir de un mitin pol\u00edtico al norte de Quito<\/b>. La camioneta que lo iba a transportar recibi\u00f3 m\u00faltiples disparos y uno de ellos lo alcanz\u00f3 provoc\u00e1ndole la muerte. Los gatilleros quedaron detenidos de inmediato, pero meses despu\u00e9s los asesinaron en la Penitenciar\u00eda del Litoral.<\/p>\n<\/div>\n<div class=\"multimediaMacroWrapper img lateral\">\n<figure class=\"contentMedia art-img\">\n<div><img decoding=\"async\" class=\" lazyloaded\" title=\"El d\u00eda del asesinato de Villavicencio.\" src=\"https:\/\/www.vistazo.com\/placeholder\/svg\/viewbox\/768x402\" sizes=\"100vw\" srcset=\"\/\/www.vistazo.com\/binrepository\/768x402\/0c0\/0d0\/none\/12727\/FBON\/portadas-web_2415776_20250912165801.jpg 768w,\/\/www.vistazo.com\/binrepository\/640x335\/0c0\/0d0\/none\/12727\/FBJC\/portadas-web_2415776_20250912165801.jpg 640w,\/\/www.vistazo.com\/binrepository\/512x268\/0c0\/0d0\/none\/12727\/FBEC\/portadas-web_2415776_20250912165801.jpg 512w,\/\/www.vistazo.com\/binrepository\/384x201\/0c0\/0d0\/none\/12727\/FBNN\/portadas-web_2415776_20250912165801.jpg 384w,\/\/www.vistazo.com\/binrepository\/300x157\/0c0\/0d0\/none\/12727\/FBLH\/portadas-web_2415776_20250912165801.jpg 300w\" alt=\"$!El d\u00eda del asesinato de Villavicencio.\" width=\"768\" height=\"402\" data-srcset=\"\/\/www.vistazo.com\/binrepository\/768x402\/0c0\/0d0\/none\/12727\/FBON\/portadas-web_2415776_20250912165801.jpg 768w,\/\/www.vistazo.com\/binrepository\/640x335\/0c0\/0d0\/none\/12727\/FBJC\/portadas-web_2415776_20250912165801.jpg 640w,\/\/www.vistazo.com\/binrepository\/512x268\/0c0\/0d0\/none\/12727\/FBEC\/portadas-web_2415776_20250912165801.jpg 512w,\/\/www.vistazo.com\/binrepository\/384x201\/0c0\/0d0\/none\/12727\/FBNN\/portadas-web_2415776_20250912165801.jpg 384w,\/\/www.vistazo.com\/binrepository\/300x157\/0c0\/0d0\/none\/12727\/FBLH\/portadas-web_2415776_20250912165801.jpg 300w\" \/><\/div>\n<div class=\"cutline-byline\"><span class=\"cutline-text\">El d\u00eda del asesinato de Villavicencio.\u00a0<\/span><span class=\"byline-image\">(Foto: captura )<\/span><\/div>\n<\/figure>\n<\/div>\n<h2 class=\"h2vistazo\">LOS MESES POSTERIORES AL MAGNICIDIO<\/h2>\n<div class=\"paragraph texto\">\n<p class=\"p_18\">Por su parte, \u2018Jonathan\u2019, el esp\u00eda de Serrano, revel\u00f3 que el d\u00eda del crimen viaj\u00f3 a Guayaquil por seguridad y bot\u00f3 su celular para no dejar rastro, pero despu\u00e9s logr\u00f3 contactarse con Daniel Salcedo, quien le\u00a0<u><b>gestion\u00f3 el cargo de Director de Aduana de Loja, Catamayo y Huaquillas.<\/b><\/u>\u00a0En ese puesto estuvo hasta diciembre del 2023.<\/p>\n<p class=\"p_19\">Mientras tanto, su compa\u00f1ero de vigilancia,\u00a0<u><b>J. M. A. Y. fue asesinado con 16 disparos en enero del 2024<\/b><\/u>, seg\u00fan supo al ver las noticias de redes sociales.<\/p>\n<p class=\"p_20\">En julio de ese a\u00f1o, \u2018Jonathan\u2019 fue detenido en Ibarra por agentes de la Unidad de Investigaci\u00f3n Antidelincuencial (UIAD) por el\u00a0<u><b>presunto delito de delincuencia organizada.<\/b><\/u><\/p>\n<p class=\"p_21\">En el carro que circulaba por esa ciudad, se encontr\u00f3 tres dispositivos de rastreo GPS color negro, tres celulares iPhone y USD 4.000.<\/p>\n<p class=\"p_22\">El agente revel\u00f3 a la Fiscal\u00eda que en uno de los celulares est\u00e1 instalada la\u00a0<u><b>aplicaci\u00f3n TrackSolid<\/b><\/u>, que sirve para ejecutar seguimientos en tiempo real. De hecho,\u00a0<u><b>confes\u00f3 que as\u00ed se hicieron los seguimientos a la caravana de Villavicencio<\/b><\/u>.<\/p>\n<p class=\"p_23\">Finalmente, \u2018Jonathan\u2019 qued\u00f3 detenido en la c\u00e1rcel 4 de Quito, pero luego lo trasladaron a la c\u00e1rcel de Turi y despu\u00e9s a la prisi\u00f3n de Latacunga, donde\u00a0<u><b>sufri\u00f3 atentados contra su vida<\/b><\/u>.<\/p>\n<p class=\"p_24\">Actualmente, est\u00e1 otra vez en la c\u00e1rcel 4 de Quito, pero asegur\u00f3 que\u00a0<u><b>teme por su vida y la de su familia\u00a0<\/b><\/u>porque incluso la banda criminal \u2018Los Lobos\u2019 enviaron un panfleto amenazante a sus padres. <strong>Fuente: Vistazo<\/strong><\/p>\n<\/div>\n","protected":false},"excerpt":{"rendered":"<p>Alias\u00a0\u2018Jonathan\u2019, un exagente de inteligencia, detall\u00f3 c\u00f3mo se ejecutaron los seguimientos para el asesinato de\u00a0Fernando Villavicencio. El expolic\u00eda asegur\u00f3 que cumpli\u00f3 \u00f3rdenes de\u00a0Daniel Salcedo y Jos\u00e9 Serrano, quien al parecer ten\u00eda una red de uniformados que le ayudaban para sus actividades irregulares. De hecho, un\u00a0coronel puso un GPS en uno de los veh\u00edculos que conformaban la caravana del excandidato presidencial. La Fiscal\u00eda difundi\u00f3 este viernes 12 de septiembre la versi\u00f3n de\u00a0R. P. H. R., un exteniente que habr\u00eda colaborado en m\u00faltiples requerimientos il\u00edcitos del exministro corre\u00edsta. En las unidades policiales era conocido como alias \u2018Jonathan\u2019, quien fue\u00a0cesado de sus funciones en el 2021 a ra\u00edz de una sentencia por un delito de robo con muerte. Seg\u00fan el agente, fue vinculado \u201carbitrariamente\u201d a ese caso y tanto la instituci\u00f3n como Serrano le dieron la espalda. Es as\u00ed que fue ingresado a la c\u00e1rcel 4 de Quito, donde conoci\u00f3 a\u00a0Daniel Salcedo, sentenciado por m\u00faltiples casos de corrupci\u00f3n. \u201cFue una persona que me ayud\u00f3, me dio protecci\u00f3n dentro de la c\u00e1rcel y que aprovech\u00f3 mis habilidades como agente de inteligencia de la Polic\u00eda Nacional\u201d, coment\u00f3. \u2018Jontahan\u2019 rememor\u00f3 que los seguimientos y vigilancias a Fernando Villavicencio se hicieron\u00a0desde junio o julio del 2022\u00a0por pedido de Salcedo.\u00a0\u201cLo gestion\u00e9 desde el interior de la c\u00e1rcel con personas externas\u201d. Fueron alrededor de cuatro d\u00edas en los que se tomaron fotograf\u00edas de las rutinas del pol\u00edtico y luego esas im\u00e1genes las pas\u00f3 a Salcedo. En septiembre del 2022, recuper\u00f3 su libertad, pese a que estaba condenado a 34 a\u00f1os de c\u00e1rcel. Un mes despu\u00e9s, tuvo una reuni\u00f3n con el General en servicio pasivo\u00a0V\u00edctor Arauz, quien lo hab\u00eda contactado para ejecutar seguimientos a un periodista, seg\u00fan la versi\u00f3n publicada por la Fiscal\u00eda. En ese momento,\u00a0el agente habl\u00f3 con Serrano tras varios a\u00f1os sin saber nada de \u00e9l. Entonces, Arauz le proporcion\u00f3 un c\u00f3digo de comunicaci\u00f3n instant\u00e1nea denominado\u00a0Threema\u00a0con autorizaci\u00f3n del exministro. Desde entonces, Serrano continu\u00f3 pidi\u00e9ndole m\u00e1s seguimientos. Jos\u00e9 Serrano presunto autor intelectual del asesinato de Fernando Villavicencio.\u00a0(Foto: Facebook ) LOS MESES PREVIOS AL MAGNICIDIO En julio del 2023, el exministro lo contact\u00f3 para realizar seguimientos y vigilancias contra Villavicencio.\u00a0\u201c\u2018Jonathan\u2019, si esto no fuera importante, cr\u00e9eme que no cont\u00e1ramos contigo y es de car\u00e1cter urgente\u201d, le rog\u00f3. El trabajo consist\u00eda en observar la rutina de Villavicencio, el veh\u00edculo en el que se movilizaba, el n\u00famero de polic\u00edas que lo custodiaban, los lugares a los que iba, etc. El polic\u00eda en servicio pasivo confes\u00f3 que acept\u00f3 esta idea porque Serrano le manifest\u00f3 que\u00a0\u201cellos retomar\u00edan el poder del pa\u00eds y que \u00e9l personalmente se encargar\u00eda de reincorporarme a la instituci\u00f3n policial\u201d. \u2018Jontahan\u2019 narr\u00f3 que en ese mismo mes de julio se reuni\u00f3 en Guayaquil con el cabo\u00a0J. M. A. Y. con quien viaj\u00f3 a Quito en un veh\u00edculo gran vitara. As\u00ed se dieron inicio a las vigilancias previas al asesinato del excandidato presidencial. Posteriormente, Serrano le dispuso que tome contacto con el\u00a0coronel S. N., quien le proporcion\u00f3 una hoja en f\u00edsico donde constaba el itinerario de Villavicencio. \u201cA su vez, yo le hice la entrega de un dispositivo de rastreo GPS de color negro, ya que se hab\u00eda coordinado que dicho coronel se encargar\u00eda de poner ese dispositivo en uno de los veh\u00edculos que conformaban la caravana del se\u00f1or Fernando Villavicencio\u201d, coment\u00f3 el agente a la Fiscal\u00eda. Los primeros d\u00edas de agosto, \u2018Jonathan\u2019 y J. M. A. Y. enviaron a Serrano y Salcedo un\u00a0informe de seis hojas, a trav\u00e9s de la aplicaci\u00f3n Threema, con detalles de los veh\u00edculos en los que se movilizaba, la custodia policial y las personas con las que se reun\u00eda el tambi\u00e9n periodista. El nueve de agosto del 2023,\u00a0Villavicencio fue asesinado al salir de un mitin pol\u00edtico al norte de Quito. La camioneta que lo iba a transportar recibi\u00f3 m\u00faltiples disparos y uno de ellos lo alcanz\u00f3 provoc\u00e1ndole la muerte. Los gatilleros quedaron detenidos de inmediato, pero meses despu\u00e9s los asesinaron en la Penitenciar\u00eda del Litoral. El d\u00eda del asesinato de Villavicencio.\u00a0(Foto: captura ) LOS MESES POSTERIORES AL MAGNICIDIO Por su parte, \u2018Jonathan\u2019, el esp\u00eda de Serrano, revel\u00f3 que el d\u00eda del crimen viaj\u00f3 a Guayaquil por seguridad y bot\u00f3 su celular para no dejar rastro, pero despu\u00e9s logr\u00f3 contactarse con Daniel Salcedo, quien le\u00a0gestion\u00f3 el cargo de Director de Aduana de Loja, Catamayo y Huaquillas.\u00a0En ese puesto estuvo hasta diciembre del 2023. Mientras tanto, su compa\u00f1ero de vigilancia,\u00a0J. M. A. Y. fue asesinado con 16 disparos en enero del 2024, seg\u00fan supo al ver las noticias de redes sociales. En julio de ese a\u00f1o, \u2018Jonathan\u2019 fue detenido en Ibarra por agentes de la Unidad de Investigaci\u00f3n Antidelincuencial (UIAD) por el\u00a0presunto delito de delincuencia organizada. En el carro que circulaba por esa ciudad, se encontr\u00f3 tres dispositivos de rastreo GPS color negro, tres celulares iPhone y USD 4.000. El agente revel\u00f3 a la Fiscal\u00eda que en uno de los celulares est\u00e1 instalada la\u00a0aplicaci\u00f3n TrackSolid, que sirve para ejecutar seguimientos en tiempo real. De hecho,\u00a0confes\u00f3 que as\u00ed se hicieron los seguimientos a la caravana de Villavicencio. Finalmente, \u2018Jonathan\u2019 qued\u00f3 detenido en la c\u00e1rcel 4 de Quito, pero luego lo trasladaron a la c\u00e1rcel de Turi y despu\u00e9s a la prisi\u00f3n de Latacunga, donde\u00a0sufri\u00f3 atentados contra su vida. Actualmente, est\u00e1 otra vez en la c\u00e1rcel 4 de Quito, pero asegur\u00f3 que\u00a0teme por su vida y la de su familia\u00a0porque incluso la banda criminal \u2018Los Lobos\u2019 enviaron un panfleto amenazante a sus padres. Fuente: Vistazo<\/p>\n","protected":false},"author":1,"featured_media":26331,"comment_status":"closed","ping_status":"closed","sticky":false,"template":"","format":"standard","meta":{"footnotes":""},"categories":[268],"tags":[],"class_list":["post-26330","post","type-post","status-publish","format-standard","has-post-thumbnail","hentry","category-nacionales"],"_links":{"self":[{"href":"https:\/\/www.elamazonico.com\/portal\/wp-json\/wp\/v2\/posts\/26330","targetHints":{"allow":["GET"]}}],"collection":[{"href":"https:\/\/www.elamazonico.com\/portal\/wp-json\/wp\/v2\/posts"}],"about":[{"href":"https:\/\/www.elamazonico.com\/portal\/wp-json\/wp\/v2\/types\/post"}],"author":[{"embeddable":true,"href":"https:\/\/www.elamazonico.com\/portal\/wp-json\/wp\/v2\/users\/1"}],"replies":[{"embeddable":true,"href":"https:\/\/www.elamazonico.com\/portal\/wp-json\/wp\/v2\/comments?post=26330"}],"version-history":[{"count":1,"href":"https:\/\/www.elamazonico.com\/portal\/wp-json\/wp\/v2\/posts\/26330\/revisions"}],"predecessor-version":[{"id":26332,"href":"https:\/\/www.elamazonico.com\/portal\/wp-json\/wp\/v2\/posts\/26330\/revisions\/26332"}],"wp:featuredmedia":[{"embeddable":true,"href":"https:\/\/www.elamazonico.com\/portal\/wp-json\/wp\/v2\/media\/26331"}],"wp:attachment":[{"href":"https:\/\/www.elamazonico.com\/portal\/wp-json\/wp\/v2\/media?parent=26330"}],"wp:term":[{"taxonomy":"category","embeddable":true,"href":"https:\/\/www.elamazonico.com\/portal\/wp-json\/wp\/v2\/categories?post=26330"},{"taxonomy":"post_tag","embeddable":true,"href":"https:\/\/www.elamazonico.com\/portal\/wp-json\/wp\/v2\/tags?post=26330"}],"curies":[{"name":"wp","href":"https:\/\/api.w.org\/{rel}","templated":true}]}}