{"id":26319,"date":"2025-09-12T15:34:42","date_gmt":"2025-09-12T20:34:42","guid":{"rendered":"https:\/\/www.elamazonico.com\/portal\/?p=26319"},"modified":"2025-09-12T15:34:42","modified_gmt":"2025-09-12T20:34:42","slug":"expolicia-delato-a-jose-serrano-hablo-de-vigilancia-a-opositores-del-correismo-acuerdos-con-las-farc-y-los-choneros","status":"publish","type":"post","link":"https:\/\/www.elamazonico.com\/portal\/expolicia-delato-a-jose-serrano-hablo-de-vigilancia-a-opositores-del-correismo-acuerdos-con-las-farc-y-los-choneros\/","title":{"rendered":"Expolic\u00eda delat\u00f3 a Jos\u00e9 Serrano: habl\u00f3 de vigilancia a opositores del corre\u00edsmo, acuerdos con las FARC y Los Choneros"},"content":{"rendered":"<div class=\"paragraph texto\">\n<p class=\"p_0\">Un exteniente de la Polic\u00eda ecuatoriana delat\u00f3 a\u00a0<b><a href=\"https:\/\/www.vistazo.com\/politica\/nacional\/2025-09-11-jose-serrano-seguira-detenido-estados-unidos-jueza-aplaza-audiencia-clave-MI10096138\">Jos\u00e9 Serrano<\/a><\/b>, acusado como uno de los autores intelectuales del asesinato de\u00a0<b>Fernando Villavicencio<\/b>. El agente revel\u00f3 que el exministro le ped\u00eda hacer<u><b>\u00a0seguimientos a opositores pol\u00edticos del corre\u00edsmo<\/b><\/u>, implantar evidencias en allanamientos e incluso<u><b>\u00a0comprar armas para la organizaci\u00f3n criminal \u2018Los Choneros\u2019.<\/b><\/u><\/p>\n<p class=\"p_1\">La Fiscal\u00eda General del Estado difundi\u00f3 este viernes 12 de septiembre la versi\u00f3n de un expolic\u00eda de inteligencia, quien colabor\u00f3 con el exministro para ejecutar diversos actos irregulares.<\/p>\n<p class=\"p_3\">Se trata de R. P. H. R., de 36 a\u00f1os de edad, quien actualmente permanece en la c\u00e1rcel 4 de Quito. Fue cesado de sus funciones en el 2021 a ra\u00edz de una\u00a0<u><b>sentencia por un delito de robo con muerte<\/b><\/u>.<\/p>\n<div class=\"Center2Display\">\n<div id=\"Center2\"><u><b>\u201cSoy una persona inocente y todo se debi\u00f3 a presiones pol\u00edticas de ese entonces\u201d,<\/b><\/u>\u00a0asegur\u00f3 el exteniente a la fiscal Ana Hidalgo, a cargo del caso Magnicidio FV, que investiga el asesinato de Fernando Villavicencio.<\/div>\n<\/div>\n<\/div>\n<div class=\"multimediaMacroWrapper img lateral\">\n<figure class=\"contentMedia art-img\">\n<div><img fetchpriority=\"high\" decoding=\"async\" class=\" lazyloaded\" title=\"Sale a la luz la versi\u00f3n de un expolic\u00eda.\" src=\"https:\/\/www.vistazo.com\/placeholder\/svg\/viewbox\/768x662\" sizes=\"100vw\" srcset=\"\/\/www.vistazo.com\/binrepository\/768x662\/0c0\/0d0\/none\/12727\/UFRU\/captura-de-pantalla-2025-09-12-a-las_2415288_20250912133424.png 768w,\/\/www.vistazo.com\/binrepository\/640x552\/0c0\/0d0\/none\/12727\/UFRP\/captura-de-pantalla-2025-09-12-a-las_2415288_20250912133424.png 640w,\/\/www.vistazo.com\/binrepository\/512x441\/0c0\/0d0\/none\/12727\/UFRQ\/captura-de-pantalla-2025-09-12-a-las_2415288_20250912133424.png 512w,\/\/www.vistazo.com\/binrepository\/384x331\/0c0\/0d0\/none\/12727\/UFRA\/captura-de-pantalla-2025-09-12-a-las_2415288_20250912133424.png 384w,\/\/www.vistazo.com\/binrepository\/300x259\/0c0\/0d0\/none\/12727\/UFRB\/captura-de-pantalla-2025-09-12-a-las_2415288_20250912133424.png 300w\" alt=\"$!Sale a la luz la versi\u00f3n de un expolic\u00eda.\" width=\"768\" height=\"662\" data-srcset=\"\/\/www.vistazo.com\/binrepository\/768x662\/0c0\/0d0\/none\/12727\/UFRU\/captura-de-pantalla-2025-09-12-a-las_2415288_20250912133424.png 768w,\/\/www.vistazo.com\/binrepository\/640x552\/0c0\/0d0\/none\/12727\/UFRP\/captura-de-pantalla-2025-09-12-a-las_2415288_20250912133424.png 640w,\/\/www.vistazo.com\/binrepository\/512x441\/0c0\/0d0\/none\/12727\/UFRQ\/captura-de-pantalla-2025-09-12-a-las_2415288_20250912133424.png 512w,\/\/www.vistazo.com\/binrepository\/384x331\/0c0\/0d0\/none\/12727\/UFRA\/captura-de-pantalla-2025-09-12-a-las_2415288_20250912133424.png 384w,\/\/www.vistazo.com\/binrepository\/300x259\/0c0\/0d0\/none\/12727\/UFRB\/captura-de-pantalla-2025-09-12-a-las_2415288_20250912133424.png 300w\" \/><\/div>\n<div class=\"cutline-byline\"><span class=\"cutline-text\">Sale a la luz la versi\u00f3n de un expolic\u00eda.\u00a0<\/span><span class=\"byline-image\">(Foto: captura )<\/span><\/div>\n<\/figure>\n<\/div>\n<h2 class=\"h2vistazo\">LAS \u00d3RDENES DE SERRANO<\/h2>\n<div class=\"paragraph texto\">\n<p class=\"p_5\">El agente cont\u00f3 que todo empez\u00f3 en el\u00a0<b>2016<\/b>, cuando fue llamado a pertenecer a la Unidad de Inteligencia Antidelincuencial (UIAD). B\u00e1sicamente, era un investigador de campo, capacitado para ejecutar vigilancias, seguimientos, manejo de equipos electr\u00f3nicos, ubicaci\u00f3n de personas, rastreo de dispositivos, etc.<\/p>\n<p class=\"p_6\">En esa \u00e9poca, Jos\u00e9 Serrano, quien era ministro de Rafael Correa, lo reclut\u00f3\u00a0<u><b>\u201cpara ejecutar misiones clandestinas de inteligencia\u201d.<\/b><\/u><\/p>\n<p class=\"p_7\">Uno de los pedidos de Serrano habr\u00eda sido que el agente vigilara a opositores pol\u00edticos. \u201cRecuerdo el seguimiento a la se\u00f1ora Ab.\u00a0<b>Lourdes Tib\u00e1n<\/b>, al se\u00f1or Ab.\u00a0<b>Fernando Balda<\/b>, al se\u00f1or Econ. Ramiro Gonz\u00e1lez, etc.\u201d.<\/p>\n<p class=\"p_8\"><u>\u201cPara saber reuniones, movimientos, prevenir acciones o pagos a estos opositores pol\u00edticos\u201d<\/u>, asegur\u00f3 el agente.<\/p>\n<p class=\"p_10\">Adem\u00e1s, narr\u00f3 que el exministro le solicit\u00f3 implantar evidencias en allanamientos. B\u00e1sicamente, se pon\u00edan armas de fuego, documentos f\u00edsicos, dispositivos electr\u00f3nicos como flash memory y celulares\u00a0<u><b>\u201ccon el fin de incriminar\u201d.<\/b><\/u><\/p>\n<p class=\"p_11\">Otra orden de Serrano habr\u00eda sido que entregue\u00a0<u><b>116 c\u00e9dulas ecuatorianas a disidentes de las Fuerzas Armadas Revolucionarias de Colombia (FARC)\u00a0<\/b><\/u>en el 2016.<\/p>\n<\/div>\n<div class=\"Citavistazo\">\u201cEstos documentos de identidad fueron entregados en un peque\u00f1o malec\u00f3n de la parroquia Puerto El Carmen de la provincia de Sucumb\u00edos\u201d, relat\u00f3 R. P. H. R.<\/div>\n<div class=\"paragraph texto\">\n<p class=\"p_12\">Agreg\u00f3 que entreg\u00f3 los documentos a una persona identificada como \u2018viejo\u2019, que lleg\u00f3 vestido de campesino.<\/p>\n<\/div>\n<div class=\"multimediaMacroWrapper img lateral\">\n<figure class=\"contentMedia art-img\">\n<div><img decoding=\"async\" class=\" lazyloaded\" title=\"Serrano en el ojo del hurac\u00e1n.\" src=\"https:\/\/www.vistazo.com\/placeholder\/svg\/viewbox\/768x432\" sizes=\"100vw\" srcset=\"\/\/www.vistazo.com\/binrepository\/768x432\/0c0\/0d0\/none\/12727\/ABWC\/jose-serrano-2411778-20250911092112_2415297_20250912133511.jpg 768w,\/\/www.vistazo.com\/binrepository\/640x360\/0c0\/0d0\/none\/12727\/ABWQ\/jose-serrano-2411778-20250911092112_2415297_20250912133511.jpg 640w,\/\/www.vistazo.com\/binrepository\/512x288\/0c0\/0d0\/none\/12727\/ABWT\/jose-serrano-2411778-20250911092112_2415297_20250912133511.jpg 512w,\/\/www.vistazo.com\/binrepository\/384x216\/0c0\/0d0\/none\/12727\/ABWV\/jose-serrano-2411778-20250911092112_2415297_20250912133511.jpg 384w,\/\/www.vistazo.com\/binrepository\/300x169\/0c0\/0d0\/none\/12727\/ABWB\/jose-serrano-2411778-20250911092112_2415297_20250912133511.jpg 300w\" alt=\"$!Serrano en el ojo del hurac\u00e1n.\" width=\"768\" height=\"432\" data-srcset=\"\/\/www.vistazo.com\/binrepository\/768x432\/0c0\/0d0\/none\/12727\/ABWC\/jose-serrano-2411778-20250911092112_2415297_20250912133511.jpg 768w,\/\/www.vistazo.com\/binrepository\/640x360\/0c0\/0d0\/none\/12727\/ABWQ\/jose-serrano-2411778-20250911092112_2415297_20250912133511.jpg 640w,\/\/www.vistazo.com\/binrepository\/512x288\/0c0\/0d0\/none\/12727\/ABWT\/jose-serrano-2411778-20250911092112_2415297_20250912133511.jpg 512w,\/\/www.vistazo.com\/binrepository\/384x216\/0c0\/0d0\/none\/12727\/ABWV\/jose-serrano-2411778-20250911092112_2415297_20250912133511.jpg 384w,\/\/www.vistazo.com\/binrepository\/300x169\/0c0\/0d0\/none\/12727\/ABWB\/jose-serrano-2411778-20250911092112_2415297_20250912133511.jpg 300w\" \/><\/div>\n<div class=\"cutline-byline\"><span class=\"cutline-text\">Serrano en el ojo del hurac\u00e1n.\u00a0<\/span><span class=\"byline-image\">(Foto: archivo )<\/span><\/div>\n<\/figure>\n<\/div>\n<h2 class=\"h2vistazo\">ARMAMENTO PARA \u2018LOS CHONEROS\u2019<\/h2>\n<div class=\"paragraph texto\">\n<p class=\"p_13\">R. P. H. R. tambi\u00e9n mencion\u00f3 a la fiscal que realiz\u00f3 la\u00a0<b>compra de armamento a las FARC<\/b>\u00a0para entregar a la organizaci\u00f3n delictiva<u><b>\u00a0\u2018Los Choneros\u2019<\/b><\/u>. Eran armas largas y cortas.<\/p>\n<p class=\"p_14\">\u201cFue as\u00ed que pr\u00e1cticamente me gan\u00e9 la confianza del se\u00f1or ministro Jos\u00e9 Serrano\u201d, detall\u00f3 el agente.<\/p>\n<p class=\"p_15\">Asimismo, cont\u00f3 que Serrano ten\u00eda injerencia en la entrega de c\u00e1rceles del Ecuador a \u2018Los Choneros\u2019,\u00a0<u><b>\u201cgesti\u00f3n que se realiz\u00f3 en ese tiempo con la ministra de Justicia, la Dra. Lady Z\u00fa\u00f1iga\u201d<\/b><\/u>. Esta exfuncionaria actualmente es asamble\u00edsta de la Revoluci\u00f3n Ciudadana.<\/p>\n<p class=\"p_17\">Manifest\u00f3 que, como recompensa de sus acciones irregulares, el exministro le ayud\u00f3 con cursos y capacitaciones.<\/p>\n<\/div>\n<div class=\"Citavistazo\">\u201cEn una ocasi\u00f3n recuerdo que en el auditorio del cuartel policial La Delicia de la ciudad de Quito, personalmente me condecor\u00f3 con la condecoraci\u00f3n al m\u00e9rito profesional\u201d.<\/div>\n<div class=\"paragraph texto\">\n<p class=\"p_18\">En el 2017, Serrano ejerc\u00eda como presidente de la Asamblea Nacional, pero\u00a0<u><b>segu\u00eda manteniendo injerencia en la Polic\u00eda<\/b><\/u>, seg\u00fan el delator.<\/p>\n<p class=\"p_19\">Actualmente, el exfuncionario del corre\u00edsmo\u00a0<u><b>permanece recluido en una c\u00e1rcel de la Florida en Estados Unidos<\/b><\/u>, a la espera de que se resuelva su situaci\u00f3n migratoria. Mientras tanto, en Ecuador enfrenta cargos por el asesinato de Fernando Villavicencio, por ello debe cumplir con presentaciones peri\u00f3dicas en el Consulado del pa\u00eds en Miami. <strong>Fuente: Vistazo<\/strong><\/p>\n<\/div>\n","protected":false},"excerpt":{"rendered":"<p>Un exteniente de la Polic\u00eda ecuatoriana delat\u00f3 a\u00a0Jos\u00e9 Serrano, acusado como uno de los autores intelectuales del asesinato de\u00a0Fernando Villavicencio. El agente revel\u00f3 que el exministro le ped\u00eda hacer\u00a0seguimientos a opositores pol\u00edticos del corre\u00edsmo, implantar evidencias en allanamientos e incluso\u00a0comprar armas para la organizaci\u00f3n criminal \u2018Los Choneros\u2019. La Fiscal\u00eda General del Estado difundi\u00f3 este viernes 12 de septiembre la versi\u00f3n de un expolic\u00eda de inteligencia, quien colabor\u00f3 con el exministro para ejecutar diversos actos irregulares. Se trata de R. P. H. R., de 36 a\u00f1os de edad, quien actualmente permanece en la c\u00e1rcel 4 de Quito. Fue cesado de sus funciones en el 2021 a ra\u00edz de una\u00a0sentencia por un delito de robo con muerte. \u201cSoy una persona inocente y todo se debi\u00f3 a presiones pol\u00edticas de ese entonces\u201d,\u00a0asegur\u00f3 el exteniente a la fiscal Ana Hidalgo, a cargo del caso Magnicidio FV, que investiga el asesinato de Fernando Villavicencio. Sale a la luz la versi\u00f3n de un expolic\u00eda.\u00a0(Foto: captura ) LAS \u00d3RDENES DE SERRANO El agente cont\u00f3 que todo empez\u00f3 en el\u00a02016, cuando fue llamado a pertenecer a la Unidad de Inteligencia Antidelincuencial (UIAD). B\u00e1sicamente, era un investigador de campo, capacitado para ejecutar vigilancias, seguimientos, manejo de equipos electr\u00f3nicos, ubicaci\u00f3n de personas, rastreo de dispositivos, etc. En esa \u00e9poca, Jos\u00e9 Serrano, quien era ministro de Rafael Correa, lo reclut\u00f3\u00a0\u201cpara ejecutar misiones clandestinas de inteligencia\u201d. Uno de los pedidos de Serrano habr\u00eda sido que el agente vigilara a opositores pol\u00edticos. \u201cRecuerdo el seguimiento a la se\u00f1ora Ab.\u00a0Lourdes Tib\u00e1n, al se\u00f1or Ab.\u00a0Fernando Balda, al se\u00f1or Econ. Ramiro Gonz\u00e1lez, etc.\u201d. \u201cPara saber reuniones, movimientos, prevenir acciones o pagos a estos opositores pol\u00edticos\u201d, asegur\u00f3 el agente. Adem\u00e1s, narr\u00f3 que el exministro le solicit\u00f3 implantar evidencias en allanamientos. B\u00e1sicamente, se pon\u00edan armas de fuego, documentos f\u00edsicos, dispositivos electr\u00f3nicos como flash memory y celulares\u00a0\u201ccon el fin de incriminar\u201d. Otra orden de Serrano habr\u00eda sido que entregue\u00a0116 c\u00e9dulas ecuatorianas a disidentes de las Fuerzas Armadas Revolucionarias de Colombia (FARC)\u00a0en el 2016. \u201cEstos documentos de identidad fueron entregados en un peque\u00f1o malec\u00f3n de la parroquia Puerto El Carmen de la provincia de Sucumb\u00edos\u201d, relat\u00f3 R. P. H. R. Agreg\u00f3 que entreg\u00f3 los documentos a una persona identificada como \u2018viejo\u2019, que lleg\u00f3 vestido de campesino. Serrano en el ojo del hurac\u00e1n.\u00a0(Foto: archivo ) ARMAMENTO PARA \u2018LOS CHONEROS\u2019 R. P. H. R. tambi\u00e9n mencion\u00f3 a la fiscal que realiz\u00f3 la\u00a0compra de armamento a las FARC\u00a0para entregar a la organizaci\u00f3n delictiva\u00a0\u2018Los Choneros\u2019. Eran armas largas y cortas. \u201cFue as\u00ed que pr\u00e1cticamente me gan\u00e9 la confianza del se\u00f1or ministro Jos\u00e9 Serrano\u201d, detall\u00f3 el agente. Asimismo, cont\u00f3 que Serrano ten\u00eda injerencia en la entrega de c\u00e1rceles del Ecuador a \u2018Los Choneros\u2019,\u00a0\u201cgesti\u00f3n que se realiz\u00f3 en ese tiempo con la ministra de Justicia, la Dra. Lady Z\u00fa\u00f1iga\u201d. Esta exfuncionaria actualmente es asamble\u00edsta de la Revoluci\u00f3n Ciudadana. Manifest\u00f3 que, como recompensa de sus acciones irregulares, el exministro le ayud\u00f3 con cursos y capacitaciones. \u201cEn una ocasi\u00f3n recuerdo que en el auditorio del cuartel policial La Delicia de la ciudad de Quito, personalmente me condecor\u00f3 con la condecoraci\u00f3n al m\u00e9rito profesional\u201d. En el 2017, Serrano ejerc\u00eda como presidente de la Asamblea Nacional, pero\u00a0segu\u00eda manteniendo injerencia en la Polic\u00eda, seg\u00fan el delator. Actualmente, el exfuncionario del corre\u00edsmo\u00a0permanece recluido en una c\u00e1rcel de la Florida en Estados Unidos, a la espera de que se resuelva su situaci\u00f3n migratoria. Mientras tanto, en Ecuador enfrenta cargos por el asesinato de Fernando Villavicencio, por ello debe cumplir con presentaciones peri\u00f3dicas en el Consulado del pa\u00eds en Miami. Fuente: Vistazo<\/p>\n","protected":false},"author":1,"featured_media":26320,"comment_status":"closed","ping_status":"closed","sticky":false,"template":"","format":"standard","meta":{"footnotes":""},"categories":[268],"tags":[],"class_list":["post-26319","post","type-post","status-publish","format-standard","has-post-thumbnail","hentry","category-nacionales"],"_links":{"self":[{"href":"https:\/\/www.elamazonico.com\/portal\/wp-json\/wp\/v2\/posts\/26319","targetHints":{"allow":["GET"]}}],"collection":[{"href":"https:\/\/www.elamazonico.com\/portal\/wp-json\/wp\/v2\/posts"}],"about":[{"href":"https:\/\/www.elamazonico.com\/portal\/wp-json\/wp\/v2\/types\/post"}],"author":[{"embeddable":true,"href":"https:\/\/www.elamazonico.com\/portal\/wp-json\/wp\/v2\/users\/1"}],"replies":[{"embeddable":true,"href":"https:\/\/www.elamazonico.com\/portal\/wp-json\/wp\/v2\/comments?post=26319"}],"version-history":[{"count":1,"href":"https:\/\/www.elamazonico.com\/portal\/wp-json\/wp\/v2\/posts\/26319\/revisions"}],"predecessor-version":[{"id":26321,"href":"https:\/\/www.elamazonico.com\/portal\/wp-json\/wp\/v2\/posts\/26319\/revisions\/26321"}],"wp:featuredmedia":[{"embeddable":true,"href":"https:\/\/www.elamazonico.com\/portal\/wp-json\/wp\/v2\/media\/26320"}],"wp:attachment":[{"href":"https:\/\/www.elamazonico.com\/portal\/wp-json\/wp\/v2\/media?parent=26319"}],"wp:term":[{"taxonomy":"category","embeddable":true,"href":"https:\/\/www.elamazonico.com\/portal\/wp-json\/wp\/v2\/categories?post=26319"},{"taxonomy":"post_tag","embeddable":true,"href":"https:\/\/www.elamazonico.com\/portal\/wp-json\/wp\/v2\/tags?post=26319"}],"curies":[{"name":"wp","href":"https:\/\/api.w.org\/{rel}","templated":true}]}}