{"id":26303,"date":"2025-09-12T10:56:07","date_gmt":"2025-09-12T15:56:07","guid":{"rendered":"https:\/\/www.elamazonico.com\/portal\/?p=26303"},"modified":"2025-09-12T10:56:07","modified_gmt":"2025-09-12T15:56:07","slug":"noboa-dice-que-las-autoridades-de-cuenca-tendran-que-hacerse-cargo-si-hay-juicios-por-proyecto-minero-loma-larga","status":"publish","type":"post","link":"https:\/\/www.elamazonico.com\/portal\/noboa-dice-que-las-autoridades-de-cuenca-tendran-que-hacerse-cargo-si-hay-juicios-por-proyecto-minero-loma-larga\/","title":{"rendered":"Noboa dice que las autoridades de Cuenca tendr\u00e1n que hacerse cargo si hay juicios por proyecto minero Loma Larga"},"content":{"rendered":"<div class=\"paragraph texto\">\n<p class=\"p_0\">La ma\u00f1ana de este viernes, 12 de septiembre, el presidente Daniel Noboa dijo que acatar\u00e1 lo que expresen los cuencanos frente al\u00a0<a href=\"https:\/\/www.vistazo.com\/cronologia\/-\/meta\/proyecto-loma-larga\">proyecto minero Loma Larga,<\/a>\u00a0a cargo de la\u00a0<b>empresa Dundee<\/b>. Pero alerta que podr\u00eda generar<b>\u00a0arbitrajes intencionale<\/b>s como lo ocurrido con la empresa\u00a0<b>Chevron<\/b>.<\/p>\n<p class=\"p_2\">Autoridades, acad\u00e9micos y otros sectores del Azuay est\u00e1n preocupados porque el proyecto tiene como base el\u00a0<b>p\u00e1ramo de Quimsacocha<\/b>, donde nacen los\u00a0<b>r\u00edos que abastecen de agua a Cuenca<\/b>.<\/p>\n<p class=\"p_3\">El gobierno quiere que el proyecto minero llegue a buen puerto, pero a\u00fan no da paso a las actividades de explotaci\u00f3n. El\u00a0<b>Ministerio del Ambiente<\/b>\u00a0orden\u00f3 el pasado 6 de agosto la\u00a0<b>suspensi\u00f3n de actividades<\/b>\u00a0hasta que se socialice el Plan de Manejo Ambiental, frente a las dudas que gener\u00eda el impacto en el ecosistema.<\/p>\n<div class=\"Center2Display\">\n<div id=\"Center2\"><\/div>\n<\/div>\n<\/div>\n<div class=\"Citavistazo\">\u00abYo ya no decido en eso. Yo, en este momento estoy de acuerdo con los cuencanos. Si es que est\u00e1n convencidos con sus informes que esto va a contaminar&#8230; Solo estoy contando que en el caso de que haya un problema a futuro (juicios internacionales) tienen que sustentar sus informes, nada m\u00e1s\u00bb, dijo Noboa en una entrevista radial..<\/div>\n<div class=\"paragraph texto\">\n<p class=\"p_4\">A\u00f1adi\u00f3 que hay una\u00a0<b>probabilidad \u00abalt\u00edsima\u00bb de que no se d\u00e9 el proyecto<\/b>, pero tambi\u00e9n hay probabilidad de que haya problemas a futuro. \u00abYo no voy a seguir con este proyecto, es m\u00e1s, por eso est\u00e1 el comunicado oficial: se\u00f1ores del Municipio y Prefectura, h\u00e1ganse cargo, ustedes, ense\u00f1en sus informes, pero si el d\u00eda de ma\u00f1ana tienen que<b>\u00a0ir a la Corte de Londres de arbitraje a pelearse con Dundee<\/b>, tiene que sustentar sus informes.<\/p>\n<p class=\"p_6\">Justamente, la noche del jueves 8 de aghosot, el Gobierno anunci\u00f3 por medio de un comunicado difundido en redes sociales que\u00a0<b>se le exigi\u00f3 al Municipio de Cuenca y a la Prefectura del Azuay<\/b>\u00a0que se pronuncien sobre los\u00a0<b>riesgos<\/b>\u00a0que podr\u00eda representar esta\u00a0<b>actividad extractiva.<\/b><\/p>\n<p class=\"p_7\">El Ejecutivo pidi\u00f3 a dichas entidades emitir<b>\u00a0informes t\u00e9cnicos<\/b>\u00a0que deber\u00e1n incorporarse al expediente del proyecto.<\/p>\n<\/div>\n<h2 class=\"h2vistazo\">Noboa compara el proyecto Loma Larga con lo que ocurri\u00f3 con Chevron-Texaco<\/h2>\n<div class=\"paragraph texto\">\n<p class=\"p_8\">Durante la entrevista radial que concedi\u00f3 Noboa en Radio La Suprema de Cuenca, record\u00f3 que el proyecto Loma Larga no se firm\u00f3 en su gobierno sino que viene<b>\u00a0desde la \u00e9poca de Rafael Correa<\/b>, y que ha pasado por varias fases antes de que se le permita la explotaci\u00f3n de minerales.<\/p>\n<p class=\"p_9\">Por eso advirti\u00f3 que en caso de se nienge a la empresa canadiense Dundee avanzar con el proyecto,\u00a0<b>podr\u00eda pasar lo mismo que con Chevron-Texaco<\/b>. Noboa dijo que Ecuador tendr\u00e1 que pagar unos 800 millones de d\u00f3lares a petrolera Chevron por revertir los compromisos que ten\u00eda con el Estado. Aunque el arbitraje internacional por ese caso ya tiene un fallo en contra de Ecuador, el tribunal a\u00fan no ha hecho conocer cu\u00e1l es<b>\u00a0la cifra que el pa\u00eds tendr\u00e1 que pagar a la petrolera<\/b>. <strong>Fuente: Vistazo<\/strong><\/p>\n<\/div>\n","protected":false},"excerpt":{"rendered":"<p>La ma\u00f1ana de este viernes, 12 de septiembre, el presidente Daniel Noboa dijo que acatar\u00e1 lo que expresen los cuencanos frente al\u00a0proyecto minero Loma Larga,\u00a0a cargo de la\u00a0empresa Dundee. Pero alerta que podr\u00eda generar\u00a0arbitrajes intencionales como lo ocurrido con la empresa\u00a0Chevron. Autoridades, acad\u00e9micos y otros sectores del Azuay est\u00e1n preocupados porque el proyecto tiene como base el\u00a0p\u00e1ramo de Quimsacocha, donde nacen los\u00a0r\u00edos que abastecen de agua a Cuenca. El gobierno quiere que el proyecto minero llegue a buen puerto, pero a\u00fan no da paso a las actividades de explotaci\u00f3n. El\u00a0Ministerio del Ambiente\u00a0orden\u00f3 el pasado 6 de agosto la\u00a0suspensi\u00f3n de actividades\u00a0hasta que se socialice el Plan de Manejo Ambiental, frente a las dudas que gener\u00eda el impacto en el ecosistema. \u00abYo ya no decido en eso. Yo, en este momento estoy de acuerdo con los cuencanos. Si es que est\u00e1n convencidos con sus informes que esto va a contaminar&#8230; Solo estoy contando que en el caso de que haya un problema a futuro (juicios internacionales) tienen que sustentar sus informes, nada m\u00e1s\u00bb, dijo Noboa en una entrevista radial.. A\u00f1adi\u00f3 que hay una\u00a0probabilidad \u00abalt\u00edsima\u00bb de que no se d\u00e9 el proyecto, pero tambi\u00e9n hay probabilidad de que haya problemas a futuro. \u00abYo no voy a seguir con este proyecto, es m\u00e1s, por eso est\u00e1 el comunicado oficial: se\u00f1ores del Municipio y Prefectura, h\u00e1ganse cargo, ustedes, ense\u00f1en sus informes, pero si el d\u00eda de ma\u00f1ana tienen que\u00a0ir a la Corte de Londres de arbitraje a pelearse con Dundee, tiene que sustentar sus informes. Justamente, la noche del jueves 8 de aghosot, el Gobierno anunci\u00f3 por medio de un comunicado difundido en redes sociales que\u00a0se le exigi\u00f3 al Municipio de Cuenca y a la Prefectura del Azuay\u00a0que se pronuncien sobre los\u00a0riesgos\u00a0que podr\u00eda representar esta\u00a0actividad extractiva. El Ejecutivo pidi\u00f3 a dichas entidades emitir\u00a0informes t\u00e9cnicos\u00a0que deber\u00e1n incorporarse al expediente del proyecto. Noboa compara el proyecto Loma Larga con lo que ocurri\u00f3 con Chevron-Texaco Durante la entrevista radial que concedi\u00f3 Noboa en Radio La Suprema de Cuenca, record\u00f3 que el proyecto Loma Larga no se firm\u00f3 en su gobierno sino que viene\u00a0desde la \u00e9poca de Rafael Correa, y que ha pasado por varias fases antes de que se le permita la explotaci\u00f3n de minerales. Por eso advirti\u00f3 que en caso de se nienge a la empresa canadiense Dundee avanzar con el proyecto,\u00a0podr\u00eda pasar lo mismo que con Chevron-Texaco. Noboa dijo que Ecuador tendr\u00e1 que pagar unos 800 millones de d\u00f3lares a petrolera Chevron por revertir los compromisos que ten\u00eda con el Estado. Aunque el arbitraje internacional por ese caso ya tiene un fallo en contra de Ecuador, el tribunal a\u00fan no ha hecho conocer cu\u00e1l es\u00a0la cifra que el pa\u00eds tendr\u00e1 que pagar a la petrolera. Fuente: Vistazo<\/p>\n","protected":false},"author":1,"featured_media":26304,"comment_status":"closed","ping_status":"closed","sticky":false,"template":"","format":"standard","meta":{"footnotes":""},"categories":[268],"tags":[],"class_list":["post-26303","post","type-post","status-publish","format-standard","has-post-thumbnail","hentry","category-nacionales"],"_links":{"self":[{"href":"https:\/\/www.elamazonico.com\/portal\/wp-json\/wp\/v2\/posts\/26303","targetHints":{"allow":["GET"]}}],"collection":[{"href":"https:\/\/www.elamazonico.com\/portal\/wp-json\/wp\/v2\/posts"}],"about":[{"href":"https:\/\/www.elamazonico.com\/portal\/wp-json\/wp\/v2\/types\/post"}],"author":[{"embeddable":true,"href":"https:\/\/www.elamazonico.com\/portal\/wp-json\/wp\/v2\/users\/1"}],"replies":[{"embeddable":true,"href":"https:\/\/www.elamazonico.com\/portal\/wp-json\/wp\/v2\/comments?post=26303"}],"version-history":[{"count":1,"href":"https:\/\/www.elamazonico.com\/portal\/wp-json\/wp\/v2\/posts\/26303\/revisions"}],"predecessor-version":[{"id":26305,"href":"https:\/\/www.elamazonico.com\/portal\/wp-json\/wp\/v2\/posts\/26303\/revisions\/26305"}],"wp:featuredmedia":[{"embeddable":true,"href":"https:\/\/www.elamazonico.com\/portal\/wp-json\/wp\/v2\/media\/26304"}],"wp:attachment":[{"href":"https:\/\/www.elamazonico.com\/portal\/wp-json\/wp\/v2\/media?parent=26303"}],"wp:term":[{"taxonomy":"category","embeddable":true,"href":"https:\/\/www.elamazonico.com\/portal\/wp-json\/wp\/v2\/categories?post=26303"},{"taxonomy":"post_tag","embeddable":true,"href":"https:\/\/www.elamazonico.com\/portal\/wp-json\/wp\/v2\/tags?post=26303"}],"curies":[{"name":"wp","href":"https:\/\/api.w.org\/{rel}","templated":true}]}}