{"id":26295,"date":"2025-09-11T22:22:03","date_gmt":"2025-09-12T03:22:03","guid":{"rendered":"https:\/\/www.elamazonico.com\/portal\/?p=26295"},"modified":"2025-09-11T22:22:03","modified_gmt":"2025-09-12T03:22:03","slug":"gobierno-pide-al-municipio-de-cuenca-y-prefectura-de-azuay-pronunciarse-sobre-riesgos-hidricos-del-proyecto-loma-larga","status":"publish","type":"post","link":"https:\/\/www.elamazonico.com\/portal\/gobierno-pide-al-municipio-de-cuenca-y-prefectura-de-azuay-pronunciarse-sobre-riesgos-hidricos-del-proyecto-loma-larga\/","title":{"rendered":"Gobierno pide al Municipio de Cuenca y Prefectura de Azuay pronunciarse sobre riesgos h\u00eddricos del proyecto Loma Larga"},"content":{"rendered":"<div class=\"top md:col-span-2\">\n<div class=\"flex flex-wrap\">\n<div class=\"basis-full md:basis-2\/5 z-100 content-center p-1\">\n<div class=\"story-introtext afacad-flux font-light text-base md:text-lg md:ml-6\">El Gobierno exhort\u00f3 al Municipio de Cuenca y a la Prefectura del Azuay a pronunciarse, con informes t\u00e9cnicos y resoluciones, sobre los riesgos h\u00eddricos del proyecto Loma Larga.<\/div>\n<div><\/div>\n<div class=\"story-publishup afacad-flux font-light uppercase text-sm md:text-base text-[#929497] md:ml-6\">La <strong>Presidencia de la Rep\u00fablica<\/strong>\u00a0exhort\u00f3 al\u00a0<strong>Municipio de Cuenca<\/strong>\u00a0y a la\u00a0<strong>Prefectura del Azuay<\/strong>\u00a0a emitir\u00a0<strong>informes t\u00e9cnicos y resoluciones administrativas<\/strong>\u00a0sobre los posibles impactos al agua del proyecto minero\u00a0<strong>Loma Larga<\/strong>\u00a0(Quimsacocha), operado por\u00a0<strong>Dundee Precious Metals<\/strong>. El Ejecutivo anticip\u00f3 que actuar\u00e1 \u201cdentro del marco normativo\u201d y que los gobiernos locales deber\u00e1n\u00a0<strong>sustentar y asumir<\/strong>\u00a0la responsabilidad de sus decisiones.<\/div>\n<\/div>\n<\/div>\n<\/div>\n<div class=\"body md:order-3 afacad-flux font-normal text-lg px-2\">\n<p>El llamado se produce en medio de una disputa t\u00e9cnica, social y legal que rodea a Loma Larga: el proyecto recibi\u00f3\u00a0<strong>licencia ambiental de explotaci\u00f3n el 23 de junio de 2025<\/strong>\u00a0y, semanas despu\u00e9s, el\u00a0<strong>6 de agosto<\/strong>, el Gobierno\u00a0<strong>suspendi\u00f3 temporalmente el arranque<\/strong>\u00a0para\u00a0<strong>difundir el plan de manejo ambiental<\/strong>\u00a0y socializarlo con la poblaci\u00f3n.<\/p>\n<p>Desde la cartera energ\u00e9tica, la ministra\u00a0<strong>In\u00e9s Manzano<\/strong>\u00a0ha defendido que el proyecto\u00a0<strong>acredit\u00f3 requisitos t\u00e9cnicos y legales<\/strong>\u00a0y que la suspensi\u00f3n busca\u00a0<strong>abrir la informaci\u00f3n ambiental<\/strong>\u00a0antes de cualquier inicio de actividades. Tambi\u00e9n ha sostenido que la estrategia oficial apunta a\u00a0<strong>combatir la miner\u00eda ilegal<\/strong>\u00a0con\u00a0<strong>miner\u00eda formal bajo estricta vigilancia<\/strong>.<\/p>\n<p>Con el pedido de la Presidencia,\u00a0<strong>Municipio y Prefectura<\/strong>\u00a0deber\u00e1n\u00a0<strong>emitir informes y resoluciones motivadas<\/strong>\u00a0sobre los\u00a0<strong>riesgos h\u00eddricos<\/strong>\u00a0de Loma Larga. Con esa base, el Gobierno anunci\u00f3 que\u00a0<strong>actuar\u00e1 en consecuencia<\/strong>\u00a0dentro del marco legal. En paralelo, el proceso seguir\u00e1 condicionado por el\u00a0<strong>cumplimiento de sentencias<\/strong>, la\u00a0<strong>validez de permisos<\/strong>\u00a0y la\u00a0<strong>aceptaci\u00f3n social<\/strong> informada. <strong>Fuente: El Tel\u00e9grafo<\/strong><\/p>\n<\/div>\n","protected":false},"excerpt":{"rendered":"<p>El Gobierno exhort\u00f3 al Municipio de Cuenca y a la Prefectura del Azuay a pronunciarse, con informes t\u00e9cnicos y resoluciones, sobre los riesgos h\u00eddricos del proyecto Loma Larga. La Presidencia de la Rep\u00fablica\u00a0exhort\u00f3 al\u00a0Municipio de Cuenca\u00a0y a la\u00a0Prefectura del Azuay\u00a0a emitir\u00a0informes t\u00e9cnicos y resoluciones administrativas\u00a0sobre los posibles impactos al agua del proyecto minero\u00a0Loma Larga\u00a0(Quimsacocha), operado por\u00a0Dundee Precious Metals. El Ejecutivo anticip\u00f3 que actuar\u00e1 \u201cdentro del marco normativo\u201d y que los gobiernos locales deber\u00e1n\u00a0sustentar y asumir\u00a0la responsabilidad de sus decisiones. El llamado se produce en medio de una disputa t\u00e9cnica, social y legal que rodea a Loma Larga: el proyecto recibi\u00f3\u00a0licencia ambiental de explotaci\u00f3n el 23 de junio de 2025\u00a0y, semanas despu\u00e9s, el\u00a06 de agosto, el Gobierno\u00a0suspendi\u00f3 temporalmente el arranque\u00a0para\u00a0difundir el plan de manejo ambiental\u00a0y socializarlo con la poblaci\u00f3n. Desde la cartera energ\u00e9tica, la ministra\u00a0In\u00e9s Manzano\u00a0ha defendido que el proyecto\u00a0acredit\u00f3 requisitos t\u00e9cnicos y legales\u00a0y que la suspensi\u00f3n busca\u00a0abrir la informaci\u00f3n ambiental\u00a0antes de cualquier inicio de actividades. Tambi\u00e9n ha sostenido que la estrategia oficial apunta a\u00a0combatir la miner\u00eda ilegal\u00a0con\u00a0miner\u00eda formal bajo estricta vigilancia. Con el pedido de la Presidencia,\u00a0Municipio y Prefectura\u00a0deber\u00e1n\u00a0emitir informes y resoluciones motivadas\u00a0sobre los\u00a0riesgos h\u00eddricos\u00a0de Loma Larga. Con esa base, el Gobierno anunci\u00f3 que\u00a0actuar\u00e1 en consecuencia\u00a0dentro del marco legal. En paralelo, el proceso seguir\u00e1 condicionado por el\u00a0cumplimiento de sentencias, la\u00a0validez de permisos\u00a0y la\u00a0aceptaci\u00f3n social informada. Fuente: El Tel\u00e9grafo<\/p>\n","protected":false},"author":1,"featured_media":26296,"comment_status":"closed","ping_status":"closed","sticky":false,"template":"","format":"standard","meta":{"footnotes":""},"categories":[268],"tags":[],"class_list":["post-26295","post","type-post","status-publish","format-standard","has-post-thumbnail","hentry","category-nacionales"],"_links":{"self":[{"href":"https:\/\/www.elamazonico.com\/portal\/wp-json\/wp\/v2\/posts\/26295","targetHints":{"allow":["GET"]}}],"collection":[{"href":"https:\/\/www.elamazonico.com\/portal\/wp-json\/wp\/v2\/posts"}],"about":[{"href":"https:\/\/www.elamazonico.com\/portal\/wp-json\/wp\/v2\/types\/post"}],"author":[{"embeddable":true,"href":"https:\/\/www.elamazonico.com\/portal\/wp-json\/wp\/v2\/users\/1"}],"replies":[{"embeddable":true,"href":"https:\/\/www.elamazonico.com\/portal\/wp-json\/wp\/v2\/comments?post=26295"}],"version-history":[{"count":1,"href":"https:\/\/www.elamazonico.com\/portal\/wp-json\/wp\/v2\/posts\/26295\/revisions"}],"predecessor-version":[{"id":26297,"href":"https:\/\/www.elamazonico.com\/portal\/wp-json\/wp\/v2\/posts\/26295\/revisions\/26297"}],"wp:featuredmedia":[{"embeddable":true,"href":"https:\/\/www.elamazonico.com\/portal\/wp-json\/wp\/v2\/media\/26296"}],"wp:attachment":[{"href":"https:\/\/www.elamazonico.com\/portal\/wp-json\/wp\/v2\/media?parent=26295"}],"wp:term":[{"taxonomy":"category","embeddable":true,"href":"https:\/\/www.elamazonico.com\/portal\/wp-json\/wp\/v2\/categories?post=26295"},{"taxonomy":"post_tag","embeddable":true,"href":"https:\/\/www.elamazonico.com\/portal\/wp-json\/wp\/v2\/tags?post=26295"}],"curies":[{"name":"wp","href":"https:\/\/api.w.org\/{rel}","templated":true}]}}