{"id":26292,"date":"2025-09-11T22:10:42","date_gmt":"2025-09-12T03:10:42","guid":{"rendered":"https:\/\/www.elamazonico.com\/portal\/?p=26292"},"modified":"2025-09-11T22:10:42","modified_gmt":"2025-09-12T03:10:42","slug":"jueza-rechaza-pedido-de-apelacion-de-fiscalia-a-medidas-alternativas-a-la-carcel-para-jose-serrano-y-xavier-jordan","status":"publish","type":"post","link":"https:\/\/www.elamazonico.com\/portal\/jueza-rechaza-pedido-de-apelacion-de-fiscalia-a-medidas-alternativas-a-la-carcel-para-jose-serrano-y-xavier-jordan\/","title":{"rendered":"Jueza rechaza pedido de apelaci\u00f3n de Fiscal\u00eda a medidas alternativas a la c\u00e1rcel para Jos\u00e9 Serrano y Xavier Jord\u00e1n"},"content":{"rendered":"<div class=\"paragraph texto\">\n<p class=\"p_0\"><b>La jueza que se encuentra a cargo del caso\u00a0<a href=\"https:\/\/www.vistazo.com\/cronologia\/-\/meta\/fernando-villavicencio\">Magnicidio FV<\/a>, que investiga el asesinato del otrora candidato presidencial, perpetrado al t\u00e9rmino de un mitin pol\u00edtico en Quito, el 9 de agosto de 2023, neg\u00f3 un recurso de apelaci\u00f3n contra la medida de presentaci\u00f3n peri\u00f3dica dictada a Jos\u00e9 Serrano y Xavier Jord\u00e1n, quienes se encuentran imputados como presuntos autores intelectuales del magnicidio.<\/b><\/p>\n<p class=\"p_2\">La magistrada\u00a0<b>Daniela Ayala<\/b>\u00a0explic\u00f3 en un oficio que se difundi\u00f3 en redes este jueves que recibi\u00f3 el recurso por parte de la fiscal\u00a0<b>Ana Hidalgo<\/b>, de la Unidad Investigativa Selecta Especializada contra el Lavado de Activos,<b>\u00a0tres d\u00edas despu\u00e9s de que se cerr\u00f3 el plazo<\/b>\u00a0para que fuera interpuesto por lo que lo calific\u00f3 como extempor\u00e1neo y, por ende,\u00a0<b>resolvi\u00f3 no admitirlo<\/b>.<\/p>\n<p class=\"p_3\">\u00abVerific\u00e1ndose que la resoluci\u00f3n fue\u00a0<b>notificada en audiencia de 3 de septiembre de 2025<\/b>, y en consecuencia las partes<b>\u00a0ten\u00edan hasta el d\u00eda 8 de septiembre de 2025 a las 17h00<\/b>\u00a0para<b>\u00a0\u00abhacer constar o reducir a escrito\u00bb el recurso de apelaci\u00f3n<\/b>\u00a0conforme expresamente prev\u00e9 el art\u00edculo 560 del COIP en concordancia con el numeral 1 del Art. 654 y Art. 573 del COIP y las normas conexas; se niega el recurso de apelaci\u00f3n interpuesto por\u00a0<b>extempor\u00e1neo<\/b>\u00ab, escribi\u00f3 en el documento.<\/p>\n<div class=\"Center2Display\">\n<div id=\"Center2\"><\/div>\n<\/div>\n<p class=\"p_4\"><b>Serrano\u00a0<\/b>y\u00a0<b>Jord\u00e1n\u00a0<\/b>fueron imputados el mes pasado junto al exasamble\u00edsta corre\u00edsta\u00a0<b>Ronny Aleaga<\/b>, cuyo paradero es desconocido, y el sentenciado por el caso Met\u00e1stass,\u00a0<b>Daniel Salcedo<\/b>, que se encuentra encarcelado y enfrenta condenas que sobrepasan en total los 30 a\u00f1os de c\u00e1rcel.<\/p>\n<p class=\"p_5\">La Fiscal\u00eda de Ecuador solicit\u00f3 el i<b>ngreso en prisi\u00f3n preventiva para Serrano y Jord\u00e1n<\/b>, ambos residentes de la ciudad de Miami, en Estados Unidos, pero la jueza del caso meg\u00f3 dicha solicitud y dict\u00f3\u00a0<b>medidas cautelares<\/b>. En concreto, requiri\u00f3 que ambos se presenten semanalmente en el consulado ecuatoriano de dicha urbe.<\/p>\n<p class=\"p_6\">Jord\u00e1n acudi\u00f3 este lunes a la sede diplom\u00e1tica. Sin embargo,<b>\u00a0Serrano no pudo arribar<\/b>, pues se encuentra retenido por el Servicio de Control de Inmigraci\u00f3n y Aduanas desde principios de agosto debido a\u00a0<b>problemas en torno a su situaci\u00f3n migratoria en el pa\u00eds<\/b>. Dos audiencias que habr\u00edan definido su tiempo de permanencia en el centro estaban previstas a llevars e acabo este jueves, pero fueron\u00a0<b>pospuestas por la jueza Romy Lerner.<\/b><\/p>\n<\/div>\n<div class=\"multimediaMacroWrapper img lateral\">\n<figure class=\"contentMedia art-img\">\n<div><img fetchpriority=\"high\" decoding=\"async\" class=\" lazyloaded\" title=\"Fotograf\u00eda publicada por Jord\u00e1n por medio de X en la que aparece en el Consulado de Ecuador en Miami.\" src=\"https:\/\/www.vistazo.com\/placeholder\/svg\/viewbox\/768x1024\" sizes=\"100vw\" srcset=\"\/\/www.vistazo.com\/binrepository\/768x1024\/0c0\/0d0\/none\/12727\/LQOI\/g0vbk66xiaabtlm_2413722_20250911214715.jpg 768w,\/\/www.vistazo.com\/binrepository\/640x853\/0c0\/0d0\/none\/12727\/LQHH\/g0vbk66xiaabtlm_2413722_20250911214715.jpg 640w,\/\/www.vistazo.com\/binrepository\/512x683\/0c0\/0d0\/none\/12727\/LQHO\/g0vbk66xiaabtlm_2413722_20250911214715.jpg 512w,\/\/www.vistazo.com\/binrepository\/384x512\/0c0\/0d0\/none\/12727\/LQIL\/g0vbk66xiaabtlm_2413722_20250911214715.jpg 384w,\/\/www.vistazo.com\/binrepository\/300x400\/0c0\/0d0\/none\/12727\/LQKP\/g0vbk66xiaabtlm_2413722_20250911214715.jpg 300w\" alt=\"$!Fotograf\u00eda publicada por Jord\u00e1n por medio de X en la que aparece en el Consulado de Ecuador en Miami.\" width=\"768\" height=\"1024\" data-srcset=\"\/\/www.vistazo.com\/binrepository\/768x1024\/0c0\/0d0\/none\/12727\/LQOI\/g0vbk66xiaabtlm_2413722_20250911214715.jpg 768w,\/\/www.vistazo.com\/binrepository\/640x853\/0c0\/0d0\/none\/12727\/LQHH\/g0vbk66xiaabtlm_2413722_20250911214715.jpg 640w,\/\/www.vistazo.com\/binrepository\/512x683\/0c0\/0d0\/none\/12727\/LQHO\/g0vbk66xiaabtlm_2413722_20250911214715.jpg 512w,\/\/www.vistazo.com\/binrepository\/384x512\/0c0\/0d0\/none\/12727\/LQIL\/g0vbk66xiaabtlm_2413722_20250911214715.jpg 384w,\/\/www.vistazo.com\/binrepository\/300x400\/0c0\/0d0\/none\/12727\/LQKP\/g0vbk66xiaabtlm_2413722_20250911214715.jpg 300w\" \/><\/div>\n<div class=\"cutline-byline\"><span class=\"cutline-text\">Fotograf\u00eda publicada por Jord\u00e1n por medio de X en la que aparece en el Consulado de Ecuador en Miami.<\/span><\/div>\n<\/figure>\n<\/div>\n<div class=\"paragraph texto\">\n<p class=\"p_7\">La magistrada explic\u00f3 que<b>\u00a0no hab\u00eda tenido tiempo a revisar toda la documentaci\u00f3n e informaci\u00f3n relativa al caso del exministro<\/b>, al que calific\u00f3 como \u00abcomplejo\u00bb.<\/p>\n<\/div>\n<h2 class=\"h2vistazo\">Crimen de Fernando Villavicencio<\/h2>\n<div class=\"paragraph texto\">\n<p class=\"p_8\">Cinco personas vinculadas al crimen organizado han sido\u00a0<b>condenadas como autores materiales del atentado<\/b>. Entre ellos se encuentra\u00a0<b>Carlos Angulo<\/b>, alias \u00abel Invisible\u00bb, identificado como uno de los cabecillas de la organizaci\u00f3n criminal Los Lobos, quien estuvo a cargo de la planificaci\u00f3n del ataque y de coordinar toda la log\u00edstica<\/p>\n<p class=\"p_10\">Por otro lado,\u00a0<b>ocho procesados en relaci\u00f3n con el crimen fallecieron antes de ser interrogados<\/b>. Entre ellos se cuentan<b>\u00a0siete sicarios de nacionalidad colombiana<\/b> que participaron directamente en el asesinato: uno muri\u00f3 en el lugar de los hechos debido a las heridas sufridas, mientras que los otros seis fueron hallados ahorcados en prisi\u00f3n, junto a otro implicado adicional en el caso. <strong>Fuente: Vistazo<\/strong><\/p>\n<\/div>\n","protected":false},"excerpt":{"rendered":"<p>La jueza que se encuentra a cargo del caso\u00a0Magnicidio FV, que investiga el asesinato del otrora candidato presidencial, perpetrado al t\u00e9rmino de un mitin pol\u00edtico en Quito, el 9 de agosto de 2023, neg\u00f3 un recurso de apelaci\u00f3n contra la medida de presentaci\u00f3n peri\u00f3dica dictada a Jos\u00e9 Serrano y Xavier Jord\u00e1n, quienes se encuentran imputados como presuntos autores intelectuales del magnicidio. La magistrada\u00a0Daniela Ayala\u00a0explic\u00f3 en un oficio que se difundi\u00f3 en redes este jueves que recibi\u00f3 el recurso por parte de la fiscal\u00a0Ana Hidalgo, de la Unidad Investigativa Selecta Especializada contra el Lavado de Activos,\u00a0tres d\u00edas despu\u00e9s de que se cerr\u00f3 el plazo\u00a0para que fuera interpuesto por lo que lo calific\u00f3 como extempor\u00e1neo y, por ende,\u00a0resolvi\u00f3 no admitirlo. \u00abVerific\u00e1ndose que la resoluci\u00f3n fue\u00a0notificada en audiencia de 3 de septiembre de 2025, y en consecuencia las partes\u00a0ten\u00edan hasta el d\u00eda 8 de septiembre de 2025 a las 17h00\u00a0para\u00a0\u00abhacer constar o reducir a escrito\u00bb el recurso de apelaci\u00f3n\u00a0conforme expresamente prev\u00e9 el art\u00edculo 560 del COIP en concordancia con el numeral 1 del Art. 654 y Art. 573 del COIP y las normas conexas; se niega el recurso de apelaci\u00f3n interpuesto por\u00a0extempor\u00e1neo\u00ab, escribi\u00f3 en el documento. Serrano\u00a0y\u00a0Jord\u00e1n\u00a0fueron imputados el mes pasado junto al exasamble\u00edsta corre\u00edsta\u00a0Ronny Aleaga, cuyo paradero es desconocido, y el sentenciado por el caso Met\u00e1stass,\u00a0Daniel Salcedo, que se encuentra encarcelado y enfrenta condenas que sobrepasan en total los 30 a\u00f1os de c\u00e1rcel. La Fiscal\u00eda de Ecuador solicit\u00f3 el ingreso en prisi\u00f3n preventiva para Serrano y Jord\u00e1n, ambos residentes de la ciudad de Miami, en Estados Unidos, pero la jueza del caso meg\u00f3 dicha solicitud y dict\u00f3\u00a0medidas cautelares. En concreto, requiri\u00f3 que ambos se presenten semanalmente en el consulado ecuatoriano de dicha urbe. Jord\u00e1n acudi\u00f3 este lunes a la sede diplom\u00e1tica. Sin embargo,\u00a0Serrano no pudo arribar, pues se encuentra retenido por el Servicio de Control de Inmigraci\u00f3n y Aduanas desde principios de agosto debido a\u00a0problemas en torno a su situaci\u00f3n migratoria en el pa\u00eds. Dos audiencias que habr\u00edan definido su tiempo de permanencia en el centro estaban previstas a llevars e acabo este jueves, pero fueron\u00a0pospuestas por la jueza Romy Lerner. Fotograf\u00eda publicada por Jord\u00e1n por medio de X en la que aparece en el Consulado de Ecuador en Miami. La magistrada explic\u00f3 que\u00a0no hab\u00eda tenido tiempo a revisar toda la documentaci\u00f3n e informaci\u00f3n relativa al caso del exministro, al que calific\u00f3 como \u00abcomplejo\u00bb. Crimen de Fernando Villavicencio Cinco personas vinculadas al crimen organizado han sido\u00a0condenadas como autores materiales del atentado. Entre ellos se encuentra\u00a0Carlos Angulo, alias \u00abel Invisible\u00bb, identificado como uno de los cabecillas de la organizaci\u00f3n criminal Los Lobos, quien estuvo a cargo de la planificaci\u00f3n del ataque y de coordinar toda la log\u00edstica Por otro lado,\u00a0ocho procesados en relaci\u00f3n con el crimen fallecieron antes de ser interrogados. Entre ellos se cuentan\u00a0siete sicarios de nacionalidad colombiana que participaron directamente en el asesinato: uno muri\u00f3 en el lugar de los hechos debido a las heridas sufridas, mientras que los otros seis fueron hallados ahorcados en prisi\u00f3n, junto a otro implicado adicional en el caso. Fuente: Vistazo<\/p>\n","protected":false},"author":1,"featured_media":26293,"comment_status":"closed","ping_status":"closed","sticky":false,"template":"","format":"standard","meta":{"footnotes":""},"categories":[268],"tags":[],"class_list":["post-26292","post","type-post","status-publish","format-standard","has-post-thumbnail","hentry","category-nacionales"],"_links":{"self":[{"href":"https:\/\/www.elamazonico.com\/portal\/wp-json\/wp\/v2\/posts\/26292","targetHints":{"allow":["GET"]}}],"collection":[{"href":"https:\/\/www.elamazonico.com\/portal\/wp-json\/wp\/v2\/posts"}],"about":[{"href":"https:\/\/www.elamazonico.com\/portal\/wp-json\/wp\/v2\/types\/post"}],"author":[{"embeddable":true,"href":"https:\/\/www.elamazonico.com\/portal\/wp-json\/wp\/v2\/users\/1"}],"replies":[{"embeddable":true,"href":"https:\/\/www.elamazonico.com\/portal\/wp-json\/wp\/v2\/comments?post=26292"}],"version-history":[{"count":1,"href":"https:\/\/www.elamazonico.com\/portal\/wp-json\/wp\/v2\/posts\/26292\/revisions"}],"predecessor-version":[{"id":26294,"href":"https:\/\/www.elamazonico.com\/portal\/wp-json\/wp\/v2\/posts\/26292\/revisions\/26294"}],"wp:featuredmedia":[{"embeddable":true,"href":"https:\/\/www.elamazonico.com\/portal\/wp-json\/wp\/v2\/media\/26293"}],"wp:attachment":[{"href":"https:\/\/www.elamazonico.com\/portal\/wp-json\/wp\/v2\/media?parent=26292"}],"wp:term":[{"taxonomy":"category","embeddable":true,"href":"https:\/\/www.elamazonico.com\/portal\/wp-json\/wp\/v2\/categories?post=26292"},{"taxonomy":"post_tag","embeddable":true,"href":"https:\/\/www.elamazonico.com\/portal\/wp-json\/wp\/v2\/tags?post=26292"}],"curies":[{"name":"wp","href":"https:\/\/api.w.org\/{rel}","templated":true}]}}