{"id":26286,"date":"2025-09-11T21:42:54","date_gmt":"2025-09-12T02:42:54","guid":{"rendered":"https:\/\/www.elamazonico.com\/portal\/?p=26286"},"modified":"2025-09-11T21:42:54","modified_gmt":"2025-09-12T02:42:54","slug":"marcha-en-rechazo-al-gobierno-de-daniel-noboa-y-en-defensa-de-la-corte-constitucional-se-llevo-a-cabo-en-quito","status":"publish","type":"post","link":"https:\/\/www.elamazonico.com\/portal\/marcha-en-rechazo-al-gobierno-de-daniel-noboa-y-en-defensa-de-la-corte-constitucional-se-llevo-a-cabo-en-quito\/","title":{"rendered":"Marcha en rechazo al Gobierno de Daniel Noboa y en defensa de la Corte Constitucional se llev\u00f3 a cabo en Quito"},"content":{"rendered":"<div class=\"paragraph texto\">\n<p class=\"p_0\"><b>Cientos de personas, convocadas por la Confederaci\u00f3n de Pueblos de la Nacionalidad Kichwa del Ecuador (Ecuarunari) y gremios sindicales, como el Frente Unitario de Trabajadores (FUT), marcharon este jueves en Quito para manifestarse en contra del Gobierno de\u00a0<a href=\"https:\/\/www.vistazo.com\/cronologia\/-\/meta\/daniel-noboa\">Daniel Noboa<\/a>\u00a0y mostrar su postura a favor de recientes decisiones tomadas por la Corte Constitucional.<\/b><\/p>\n<p class=\"p_2\">La\u00a0<b>movilizaci\u00f3n\u00a0<\/b>tuvo lugar pocas horas despu\u00e9s de que el presidente Daniel Noboa encabezara en Guayaquil la denominada\u00a0<b>\u00abMarcha por la Paz y la Justicia\u00bb,<\/b>\u00a0en la que particip\u00f3 junto a miles de simpatizantes. La convocatoria, impulsada por el propio mandatario, se enmarca en la<b>\u00a0tensi\u00f3n que mantiene con el alto tribunal<\/b>, luego de que este\u00a0<b>suspendiera parcialmente tres controvertidas leyes<\/b>\u00a0promovidas este a\u00f1o por el Ejecutivo, orientadas a desarticular econom\u00edas criminales.<\/p>\n<\/div>\n<div class=\"multimediaMacroWrapper img lateral\">\n<figure class=\"contentMedia art-img\">\n<div><img fetchpriority=\"high\" decoding=\"async\" class=\" lazyloaded\" title=\"El presidente de Ecuador, Daniel Noboa (c), habla durante una manifestaci\u00f3n por la paz este jueves, en Guayaquil.\" src=\"https:\/\/www.vistazo.com\/placeholder\/svg\/viewbox\/768x512\" sizes=\"100vw\" srcset=\"\/\/www.vistazo.com\/binrepository\/768x512\/0c0\/0d0\/none\/12727\/SLJO\/d8e9727daa9b3b31251ead71552d70c9fb084_2413380_20250911185625.jpg 768w,\/\/www.vistazo.com\/binrepository\/640x427\/0c0\/0d0\/none\/12727\/SLJC\/d8e9727daa9b3b31251ead71552d70c9fb084_2413380_20250911185625.jpg 640w,\/\/www.vistazo.com\/binrepository\/512x341\/0c0\/0d0\/none\/12727\/SLJB\/d8e9727daa9b3b31251ead71552d70c9fb084_2413380_20250911185625.jpg 512w,\/\/www.vistazo.com\/binrepository\/384x256\/0c0\/0d0\/none\/12727\/SLJP\/d8e9727daa9b3b31251ead71552d70c9fb084_2413380_20250911185625.jpg 384w,\/\/www.vistazo.com\/binrepository\/300x200\/0c0\/0d0\/none\/12727\/SLJA\/d8e9727daa9b3b31251ead71552d70c9fb084_2413380_20250911185625.jpg 300w\" alt=\"$!El presidente de Ecuador, Daniel Noboa (c), habla durante una manifestaci\u00f3n por la paz este jueves, en Guayaquil.\" width=\"768\" height=\"512\" data-srcset=\"\/\/www.vistazo.com\/binrepository\/768x512\/0c0\/0d0\/none\/12727\/SLJO\/d8e9727daa9b3b31251ead71552d70c9fb084_2413380_20250911185625.jpg 768w,\/\/www.vistazo.com\/binrepository\/640x427\/0c0\/0d0\/none\/12727\/SLJC\/d8e9727daa9b3b31251ead71552d70c9fb084_2413380_20250911185625.jpg 640w,\/\/www.vistazo.com\/binrepository\/512x341\/0c0\/0d0\/none\/12727\/SLJB\/d8e9727daa9b3b31251ead71552d70c9fb084_2413380_20250911185625.jpg 512w,\/\/www.vistazo.com\/binrepository\/384x256\/0c0\/0d0\/none\/12727\/SLJP\/d8e9727daa9b3b31251ead71552d70c9fb084_2413380_20250911185625.jpg 384w,\/\/www.vistazo.com\/binrepository\/300x200\/0c0\/0d0\/none\/12727\/SLJA\/d8e9727daa9b3b31251ead71552d70c9fb084_2413380_20250911185625.jpg 300w\" \/><\/div>\n<div class=\"cutline-byline\"><span class=\"cutline-text\">El presidente de Ecuador, Daniel Noboa (c), habla durante una manifestaci\u00f3n por la paz este jueves, en Guayaquil.<\/span>\u00a0<span class=\"byline-image\">(Mauricio Torres \/ EFE)<\/span><\/div>\n<\/figure>\n<\/div>\n<div class=\"paragraph texto\">\n<p class=\"p_3\">La\u00a0<b>pugna entre el Gobierno y la Corte Constitucional<\/b>\u00a0se intensific\u00f3 esta semana, luego de que los jueces determinaran que tres de las siete propuestas de\u00a0<b>reforma constitucional\u00a0<\/b>presentadas por el presidente Noboa para la consulta popular y refer\u00e9ndum previstos para noviembre\u00a0<b>no cumpl\u00edan con los requisitos legales para su aprobaci\u00f3n.\u00a0<\/b>Entre las iniciativas rechazadas se encontraba la propuesta de permitir el juicio pol\u00edtico a los magistrados de ese ente.<\/p>\n<div class=\"Center2Display\">\n<div id=\"Center2\"><\/div>\n<\/div>\n<\/div>\n<div class=\"Citavistazo\">\u00abLa gente vot\u00f3 por el cambio, no una vez, vot\u00f3 dos veces por el cambio. Y a\u00fan as\u00ed quieren mantener todo igual. Quieren estar del lado de los violadores, quieren estar del lado de los narcotraficantes, quieren estar del lado de los criminales, estar del lado de toda la gente que nos ha hecho da\u00f1o. Nosotros no podemos permitir eso\u00bb, declar\u00f3 Noboa durante el evento en Guayaquil.<\/div>\n<h2 class=\"h2vistazo\">Reclamos por parte de las organizaciones sindicales e ind\u00edgenas<\/h2>\n<div class=\"paragraph texto\">\n<p class=\"p_4\">La<b>\u00a0principal movilizaci\u00f3n en contra de la gesti\u00f3n del Ejecutivo<\/b>, conformada por casi 800 personas, recorri\u00f3 importantes avenidas de la capital, como la 10 de Agosto y la calle Guayaquil, hasta llegar a la plaza de Santo Domingo, en el\u00a0<b>centro hist\u00f3rico de la capital.\u00a0<\/b>Marchas similares, de menor tama\u00f1o, tambi\u00e9n se llevaron a cabo en ciudades como<b>\u00a0Cuenca, Portoviejo y Santo Domingo.<\/b><\/p>\n<p class=\"p_5\">En Quito, la multitud encabezada por dirigentes sindicales y l\u00edderes ind\u00edgenas grit\u00f3 consignas que refer\u00edan la crisis de salud que atraviesa el pa\u00eds por el<b>\u00a0desabastecimiento de medicinas en centros de salud<\/b>, principalmente de las provincias de Guayas y Manab\u00ed, as\u00ed\u00a0<b>el despido de casi cinco mil funcionarios p\u00fablicos\u00a0<\/b>efectuado por el Ejecutivo el mes pasado, con miras a reducir el gasto p\u00fablico.<\/p>\n<\/div>\n<div class=\"multimediaMacroWrapper img lateral\">\n<figure class=\"contentMedia art-img\">\n<div><img decoding=\"async\" class=\" lazyloaded\" title=\"Enfrentamientos que por el momento no han dejado v\u00edctimas se reportaron en la Plaza de Calder\u00f3n, en Quito, entre manifestantes y la Polic\u00eda.\" src=\"https:\/\/www.vistazo.com\/placeholder\/svg\/viewbox\/768x512\" sizes=\"100vw\" srcset=\"\/\/www.vistazo.com\/binrepository\/768x512\/0c0\/0d0\/none\/12727\/PQRB\/20250911188237-marcha-fut-quito_2413527_20250911194121.jpg 768w,\/\/www.vistazo.com\/binrepository\/640x427\/0c0\/0d0\/none\/12727\/PQRO\/20250911188237-marcha-fut-quito_2413527_20250911194121.jpg 640w,\/\/www.vistazo.com\/binrepository\/512x341\/0c0\/0d0\/none\/12727\/PQRR\/20250911188237-marcha-fut-quito_2413527_20250911194121.jpg 512w,\/\/www.vistazo.com\/binrepository\/384x256\/0c0\/0d0\/none\/12727\/PQRC\/20250911188237-marcha-fut-quito_2413527_20250911194121.jpg 384w,\/\/www.vistazo.com\/binrepository\/300x200\/0c0\/0d0\/none\/12727\/PQRQ\/20250911188237-marcha-fut-quito_2413527_20250911194121.jpg 300w\" alt=\"$!Enfrentamientos que por el momento no han dejado v\u00edctimas se reportaron en la Plaza de Calder\u00f3n, en Quito, entre manifestantes y la Polic\u00eda.\" width=\"768\" height=\"512\" data-srcset=\"\/\/www.vistazo.com\/binrepository\/768x512\/0c0\/0d0\/none\/12727\/PQRB\/20250911188237-marcha-fut-quito_2413527_20250911194121.jpg 768w,\/\/www.vistazo.com\/binrepository\/640x427\/0c0\/0d0\/none\/12727\/PQRO\/20250911188237-marcha-fut-quito_2413527_20250911194121.jpg 640w,\/\/www.vistazo.com\/binrepository\/512x341\/0c0\/0d0\/none\/12727\/PQRR\/20250911188237-marcha-fut-quito_2413527_20250911194121.jpg 512w,\/\/www.vistazo.com\/binrepository\/384x256\/0c0\/0d0\/none\/12727\/PQRC\/20250911188237-marcha-fut-quito_2413527_20250911194121.jpg 384w,\/\/www.vistazo.com\/binrepository\/300x200\/0c0\/0d0\/none\/12727\/PQRQ\/20250911188237-marcha-fut-quito_2413527_20250911194121.jpg 300w\" \/><\/div>\n<div class=\"cutline-byline\"><span class=\"cutline-text\">Enfrentamientos que por el momento no han dejado v\u00edctimas se reportaron en la Plaza de Calder\u00f3n, en Quito, entre manifestantes y la Polic\u00eda.<\/span>\u00a0<span class=\"byline-image\">(Rolando Enr\u00edquez)<\/span><\/div>\n<\/figure>\n<\/div>\n<div class=\"paragraph texto\">\n<p class=\"p_6\">\u00abHemos convocado esta movilizaci\u00f3n para\u00a0<b>rechazar las leyes que el Gobierno a estilo de metralleta ha ingresado a la Corte Constituciona<\/b>l, a muchas de estas las hemos demandado\u00bb, declar\u00f3 Edwin Bedoya, presidente del FUT. Tambi\u00e9n cuestion\u00f3 la marcha convocada por el presidente Noboa, se\u00f1alando que no quedaba claro\u00a0<b>\u00absi se estaba exigiendo seguridad al Gobierno o a Estados Unidos\u00bb<\/b>, en alusi\u00f3n a los acercamientos del Ejecutivo con ese pa\u00eds para el posible restablecimiento de bases militares extranjeras.<\/p>\n<p class=\"p_8\">Por otro lado, los\u00a0<b>dirigentes ind\u00edgenas<\/b>\u00a0expresaron su rechazo tanto a las pol\u00edticas mineras impulsadas por el Ejecutivo como a las leyes econ\u00f3micas aprobadas con car\u00e1cter de urgencia. La vicepresidenta de la organizaci\u00f3n,\u00a0<b>Ercilia Casta\u00f1eda<\/b>, se pronunci\u00f3 en contra del\u00a0<b>proyecto minero Loma Larga<\/b>, que se pretende ejecutar en la zona de Quimsacocha.<\/p>\n<\/div>\n<div class=\"Citavistazo\">\u00abSiempre la lucha del movimiento ind\u00edgena ha sido efectivamente por las mujeres, por los trabajadores, por las grandes minor\u00edas, por los menos protegidos. En ese sentido estamos retomando el accionar del movimiento ind\u00edgena\u00bb, declar\u00f3 Casta\u00f1eda.<strong> Fuente: Vistazo<\/strong><\/div>\n","protected":false},"excerpt":{"rendered":"<p>Cientos de personas, convocadas por la Confederaci\u00f3n de Pueblos de la Nacionalidad Kichwa del Ecuador (Ecuarunari) y gremios sindicales, como el Frente Unitario de Trabajadores (FUT), marcharon este jueves en Quito para manifestarse en contra del Gobierno de\u00a0Daniel Noboa\u00a0y mostrar su postura a favor de recientes decisiones tomadas por la Corte Constitucional. La\u00a0movilizaci\u00f3n\u00a0tuvo lugar pocas horas despu\u00e9s de que el presidente Daniel Noboa encabezara en Guayaquil la denominada\u00a0\u00abMarcha por la Paz y la Justicia\u00bb,\u00a0en la que particip\u00f3 junto a miles de simpatizantes. La convocatoria, impulsada por el propio mandatario, se enmarca en la\u00a0tensi\u00f3n que mantiene con el alto tribunal, luego de que este\u00a0suspendiera parcialmente tres controvertidas leyes\u00a0promovidas este a\u00f1o por el Ejecutivo, orientadas a desarticular econom\u00edas criminales. El presidente de Ecuador, Daniel Noboa (c), habla durante una manifestaci\u00f3n por la paz este jueves, en Guayaquil.\u00a0(Mauricio Torres \/ EFE) La\u00a0pugna entre el Gobierno y la Corte Constitucional\u00a0se intensific\u00f3 esta semana, luego de que los jueces determinaran que tres de las siete propuestas de\u00a0reforma constitucional\u00a0presentadas por el presidente Noboa para la consulta popular y refer\u00e9ndum previstos para noviembre\u00a0no cumpl\u00edan con los requisitos legales para su aprobaci\u00f3n.\u00a0Entre las iniciativas rechazadas se encontraba la propuesta de permitir el juicio pol\u00edtico a los magistrados de ese ente. \u00abLa gente vot\u00f3 por el cambio, no una vez, vot\u00f3 dos veces por el cambio. Y a\u00fan as\u00ed quieren mantener todo igual. Quieren estar del lado de los violadores, quieren estar del lado de los narcotraficantes, quieren estar del lado de los criminales, estar del lado de toda la gente que nos ha hecho da\u00f1o. Nosotros no podemos permitir eso\u00bb, declar\u00f3 Noboa durante el evento en Guayaquil. Reclamos por parte de las organizaciones sindicales e ind\u00edgenas La\u00a0principal movilizaci\u00f3n en contra de la gesti\u00f3n del Ejecutivo, conformada por casi 800 personas, recorri\u00f3 importantes avenidas de la capital, como la 10 de Agosto y la calle Guayaquil, hasta llegar a la plaza de Santo Domingo, en el\u00a0centro hist\u00f3rico de la capital.\u00a0Marchas similares, de menor tama\u00f1o, tambi\u00e9n se llevaron a cabo en ciudades como\u00a0Cuenca, Portoviejo y Santo Domingo. En Quito, la multitud encabezada por dirigentes sindicales y l\u00edderes ind\u00edgenas grit\u00f3 consignas que refer\u00edan la crisis de salud que atraviesa el pa\u00eds por el\u00a0desabastecimiento de medicinas en centros de salud, principalmente de las provincias de Guayas y Manab\u00ed, as\u00ed\u00a0el despido de casi cinco mil funcionarios p\u00fablicos\u00a0efectuado por el Ejecutivo el mes pasado, con miras a reducir el gasto p\u00fablico. Enfrentamientos que por el momento no han dejado v\u00edctimas se reportaron en la Plaza de Calder\u00f3n, en Quito, entre manifestantes y la Polic\u00eda.\u00a0(Rolando Enr\u00edquez) \u00abHemos convocado esta movilizaci\u00f3n para\u00a0rechazar las leyes que el Gobierno a estilo de metralleta ha ingresado a la Corte Constitucional, a muchas de estas las hemos demandado\u00bb, declar\u00f3 Edwin Bedoya, presidente del FUT. Tambi\u00e9n cuestion\u00f3 la marcha convocada por el presidente Noboa, se\u00f1alando que no quedaba claro\u00a0\u00absi se estaba exigiendo seguridad al Gobierno o a Estados Unidos\u00bb, en alusi\u00f3n a los acercamientos del Ejecutivo con ese pa\u00eds para el posible restablecimiento de bases militares extranjeras. Por otro lado, los\u00a0dirigentes ind\u00edgenas\u00a0expresaron su rechazo tanto a las pol\u00edticas mineras impulsadas por el Ejecutivo como a las leyes econ\u00f3micas aprobadas con car\u00e1cter de urgencia. La vicepresidenta de la organizaci\u00f3n,\u00a0Ercilia Casta\u00f1eda, se pronunci\u00f3 en contra del\u00a0proyecto minero Loma Larga, que se pretende ejecutar en la zona de Quimsacocha. \u00abSiempre la lucha del movimiento ind\u00edgena ha sido efectivamente por las mujeres, por los trabajadores, por las grandes minor\u00edas, por los menos protegidos. En ese sentido estamos retomando el accionar del movimiento ind\u00edgena\u00bb, declar\u00f3 Casta\u00f1eda. Fuente: Vistazo<\/p>\n","protected":false},"author":1,"featured_media":26287,"comment_status":"closed","ping_status":"closed","sticky":false,"template":"","format":"standard","meta":{"footnotes":""},"categories":[268],"tags":[],"class_list":["post-26286","post","type-post","status-publish","format-standard","has-post-thumbnail","hentry","category-nacionales"],"_links":{"self":[{"href":"https:\/\/www.elamazonico.com\/portal\/wp-json\/wp\/v2\/posts\/26286","targetHints":{"allow":["GET"]}}],"collection":[{"href":"https:\/\/www.elamazonico.com\/portal\/wp-json\/wp\/v2\/posts"}],"about":[{"href":"https:\/\/www.elamazonico.com\/portal\/wp-json\/wp\/v2\/types\/post"}],"author":[{"embeddable":true,"href":"https:\/\/www.elamazonico.com\/portal\/wp-json\/wp\/v2\/users\/1"}],"replies":[{"embeddable":true,"href":"https:\/\/www.elamazonico.com\/portal\/wp-json\/wp\/v2\/comments?post=26286"}],"version-history":[{"count":1,"href":"https:\/\/www.elamazonico.com\/portal\/wp-json\/wp\/v2\/posts\/26286\/revisions"}],"predecessor-version":[{"id":26288,"href":"https:\/\/www.elamazonico.com\/portal\/wp-json\/wp\/v2\/posts\/26286\/revisions\/26288"}],"wp:featuredmedia":[{"embeddable":true,"href":"https:\/\/www.elamazonico.com\/portal\/wp-json\/wp\/v2\/media\/26287"}],"wp:attachment":[{"href":"https:\/\/www.elamazonico.com\/portal\/wp-json\/wp\/v2\/media?parent=26286"}],"wp:term":[{"taxonomy":"category","embeddable":true,"href":"https:\/\/www.elamazonico.com\/portal\/wp-json\/wp\/v2\/categories?post=26286"},{"taxonomy":"post_tag","embeddable":true,"href":"https:\/\/www.elamazonico.com\/portal\/wp-json\/wp\/v2\/tags?post=26286"}],"curies":[{"name":"wp","href":"https:\/\/api.w.org\/{rel}","templated":true}]}}