{"id":26262,"date":"2025-09-11T06:20:03","date_gmt":"2025-09-11T11:20:03","guid":{"rendered":"https:\/\/www.elamazonico.com\/portal\/?p=26262"},"modified":"2025-09-11T06:20:03","modified_gmt":"2025-09-11T11:20:03","slug":"ataque-armado-en-hostal-de-manta-deja-al-menos-cuatro-muertos-entre-ellos-un-jugador-de-exapromo","status":"publish","type":"post","link":"https:\/\/www.elamazonico.com\/portal\/ataque-armado-en-hostal-de-manta-deja-al-menos-cuatro-muertos-entre-ellos-un-jugador-de-exapromo\/","title":{"rendered":"Ataque armado en hostal de Manta deja al menos cuatro muertos, entre ellos un jugador de Exapromo"},"content":{"rendered":"<div class=\"paragraph texto\">\n<p class=\"p_0\"><b>La noche de este mi\u00e9rcoles se registr\u00f3 un ataque armado en el hostal Costa Azul, ubicado en la ciudad de\u00a0<a href=\"https:\/\/www.vistazo.com\/cronologia\/-\/meta\/manta\">Manta<\/a>, donde se encontraba hospedado el equipo Exapromo Costa, que compite en la segunda categor\u00eda de la Liga Profesional de F\u00fatbol de Ecuador.<\/b><\/p>\n<p class=\"p_2\">Seg\u00fan inform\u00f3 el club a trav\u00e9s de redes sociales, el tiroteo perpetrado a las inmediaciones del establecimiento\u00a0<b>provoc\u00f3 la muerte del futbolista Maicol Valencia<\/b>. Fuentes extraoficiales dan cuenta de otras tres v\u00edctimas que por el momento no han sido identificadas.<\/p>\n<\/div>\n<div class=\"multimediaMacroWrapper img lateral\">\n<figure class=\"contentMedia art-img\">\n<div><img fetchpriority=\"high\" decoding=\"async\" class=\" lazyloaded\" title=\"Fotograf\u00eda que muestra a un veh\u00edculo de Medicina Legal ingresando al hostal.\" src=\"https:\/\/www.vistazo.com\/placeholder\/svg\/viewbox\/768x512\" sizes=\"100vw\" srcset=\"\/\/www.vistazo.com\/binrepository\/768x512\/0c0\/0d0\/none\/12727\/YMJO\/20250910188109-manta-atentado-exaprom_2411287_20250910232023.jpg 768w,\/\/www.vistazo.com\/binrepository\/640x427\/0c0\/0d0\/none\/12727\/YMJC\/20250910188109-manta-atentado-exaprom_2411287_20250910232023.jpg 640w,\/\/www.vistazo.com\/binrepository\/512x341\/0c0\/0d0\/none\/12727\/YMJB\/20250910188109-manta-atentado-exaprom_2411287_20250910232023.jpg 512w,\/\/www.vistazo.com\/binrepository\/384x256\/0c0\/0d0\/none\/12727\/YMJP\/20250910188109-manta-atentado-exaprom_2411287_20250910232023.jpg 384w,\/\/www.vistazo.com\/binrepository\/300x200\/0c0\/0d0\/none\/12727\/YMJA\/20250910188109-manta-atentado-exaprom_2411287_20250910232023.jpg 300w\" alt=\"$!Fotograf\u00eda que muestra a un veh\u00edculo de Medicina Legal ingresando al hostal.\" width=\"768\" height=\"512\" data-srcset=\"\/\/www.vistazo.com\/binrepository\/768x512\/0c0\/0d0\/none\/12727\/YMJO\/20250910188109-manta-atentado-exaprom_2411287_20250910232023.jpg 768w,\/\/www.vistazo.com\/binrepository\/640x427\/0c0\/0d0\/none\/12727\/YMJC\/20250910188109-manta-atentado-exaprom_2411287_20250910232023.jpg 640w,\/\/www.vistazo.com\/binrepository\/512x341\/0c0\/0d0\/none\/12727\/YMJB\/20250910188109-manta-atentado-exaprom_2411287_20250910232023.jpg 512w,\/\/www.vistazo.com\/binrepository\/384x256\/0c0\/0d0\/none\/12727\/YMJP\/20250910188109-manta-atentado-exaprom_2411287_20250910232023.jpg 384w,\/\/www.vistazo.com\/binrepository\/300x200\/0c0\/0d0\/none\/12727\/YMJA\/20250910188109-manta-atentado-exaprom_2411287_20250910232023.jpg 300w\" \/><\/div>\n<div class=\"cutline-byline\"><span class=\"cutline-text\">Fotograf\u00eda que muestra a un veh\u00edculo de Medicina Legal ingresando al hostal.<\/span>\u00a0<span class=\"byline-image\">(Ariel Ochoa \/ API)<\/span><\/div>\n<\/figure>\n<\/div>\n<div class=\"Citavistazo\">\u00abEn este lamentable hecho perdi\u00f3 la vida nuestro jugador Maicol Valencia, quien result\u00f3 v\u00edctima colateral del ataque dirigido hacia otras personas ajenas a nuestro club. Asimismo, otro de nuestros jugadores se encuentra recibiendo atenci\u00f3n m\u00e9dica en una casa de salud\u00bb, inform\u00f3 el club Exapromo en un comunicado.<\/div>\n<div class=\"paragraph texto\">\n<p class=\"p_3\"><b>Geovanny Nazareno<\/b>, quien jug\u00f3 en la plantilla titular de la selecci\u00f3n de Ecuador entre 2008 y 2012 y actualmente milita en ese club,<b>\u00a0reapareci\u00f3 en condici\u00f3n estable tras el incidente<\/b>, en el marco de rumores sobre su supuesta muerte puesto que no hab\u00eda sido localizado en la zona.<\/p>\n<div class=\"Center2Display\">\n<div id=\"Center2\"><\/div>\n<\/div>\n<p class=\"p_4\">Sujetos armados con\u00a0<b>arsenal de grueso calibre<\/b>\u00a0habr\u00edan perpetrado el ataque en el hostal y escapado a bordo de un veh\u00edculo.<\/p>\n<p class=\"p_6\"><b>Exapromo\u00a0<\/b>ten\u00eda previsto enfrentar a\u00a0<b>Deportivo Quito\u00a0<\/b>este s\u00e1bado a las 12h00, en el duelo de ida correspondiente al Zonal Nacional de Ascenso que iba a disputarse en el\u00a0<b>estadio Jocay<\/b>, en Manta. <strong>Fuente: Vistazo<\/strong><\/p>\n<\/div>\n","protected":false},"excerpt":{"rendered":"<p>La noche de este mi\u00e9rcoles se registr\u00f3 un ataque armado en el hostal Costa Azul, ubicado en la ciudad de\u00a0Manta, donde se encontraba hospedado el equipo Exapromo Costa, que compite en la segunda categor\u00eda de la Liga Profesional de F\u00fatbol de Ecuador. Seg\u00fan inform\u00f3 el club a trav\u00e9s de redes sociales, el tiroteo perpetrado a las inmediaciones del establecimiento\u00a0provoc\u00f3 la muerte del futbolista Maicol Valencia. Fuentes extraoficiales dan cuenta de otras tres v\u00edctimas que por el momento no han sido identificadas. Fotograf\u00eda que muestra a un veh\u00edculo de Medicina Legal ingresando al hostal.\u00a0(Ariel Ochoa \/ API) \u00abEn este lamentable hecho perdi\u00f3 la vida nuestro jugador Maicol Valencia, quien result\u00f3 v\u00edctima colateral del ataque dirigido hacia otras personas ajenas a nuestro club. Asimismo, otro de nuestros jugadores se encuentra recibiendo atenci\u00f3n m\u00e9dica en una casa de salud\u00bb, inform\u00f3 el club Exapromo en un comunicado. Geovanny Nazareno, quien jug\u00f3 en la plantilla titular de la selecci\u00f3n de Ecuador entre 2008 y 2012 y actualmente milita en ese club,\u00a0reapareci\u00f3 en condici\u00f3n estable tras el incidente, en el marco de rumores sobre su supuesta muerte puesto que no hab\u00eda sido localizado en la zona. Sujetos armados con\u00a0arsenal de grueso calibre\u00a0habr\u00edan perpetrado el ataque en el hostal y escapado a bordo de un veh\u00edculo. Exapromo\u00a0ten\u00eda previsto enfrentar a\u00a0Deportivo Quito\u00a0este s\u00e1bado a las 12h00, en el duelo de ida correspondiente al Zonal Nacional de Ascenso que iba a disputarse en el\u00a0estadio Jocay, en Manta. Fuente: Vistazo<\/p>\n","protected":false},"author":1,"featured_media":26263,"comment_status":"closed","ping_status":"closed","sticky":false,"template":"","format":"standard","meta":{"footnotes":""},"categories":[268],"tags":[],"class_list":["post-26262","post","type-post","status-publish","format-standard","has-post-thumbnail","hentry","category-nacionales"],"_links":{"self":[{"href":"https:\/\/www.elamazonico.com\/portal\/wp-json\/wp\/v2\/posts\/26262","targetHints":{"allow":["GET"]}}],"collection":[{"href":"https:\/\/www.elamazonico.com\/portal\/wp-json\/wp\/v2\/posts"}],"about":[{"href":"https:\/\/www.elamazonico.com\/portal\/wp-json\/wp\/v2\/types\/post"}],"author":[{"embeddable":true,"href":"https:\/\/www.elamazonico.com\/portal\/wp-json\/wp\/v2\/users\/1"}],"replies":[{"embeddable":true,"href":"https:\/\/www.elamazonico.com\/portal\/wp-json\/wp\/v2\/comments?post=26262"}],"version-history":[{"count":1,"href":"https:\/\/www.elamazonico.com\/portal\/wp-json\/wp\/v2\/posts\/26262\/revisions"}],"predecessor-version":[{"id":26264,"href":"https:\/\/www.elamazonico.com\/portal\/wp-json\/wp\/v2\/posts\/26262\/revisions\/26264"}],"wp:featuredmedia":[{"embeddable":true,"href":"https:\/\/www.elamazonico.com\/portal\/wp-json\/wp\/v2\/media\/26263"}],"wp:attachment":[{"href":"https:\/\/www.elamazonico.com\/portal\/wp-json\/wp\/v2\/media?parent=26262"}],"wp:term":[{"taxonomy":"category","embeddable":true,"href":"https:\/\/www.elamazonico.com\/portal\/wp-json\/wp\/v2\/categories?post=26262"},{"taxonomy":"post_tag","embeddable":true,"href":"https:\/\/www.elamazonico.com\/portal\/wp-json\/wp\/v2\/tags?post=26262"}],"curies":[{"name":"wp","href":"https:\/\/api.w.org\/{rel}","templated":true}]}}