{"id":26259,"date":"2025-09-11T06:18:17","date_gmt":"2025-09-11T11:18:17","guid":{"rendered":"https:\/\/www.elamazonico.com\/portal\/?p=26259"},"modified":"2025-09-11T06:18:17","modified_gmt":"2025-09-11T11:18:17","slug":"la-ultima-palabra-del-capitan-enner-valencia-conmueve-con-mensaje-de-despedida","status":"publish","type":"post","link":"https:\/\/www.elamazonico.com\/portal\/la-ultima-palabra-del-capitan-enner-valencia-conmueve-con-mensaje-de-despedida\/","title":{"rendered":"\u201cLa \u00faltima palabra del capit\u00e1n: \u00c9nner Valencia conmueve con mensaje de despedida\u201d"},"content":{"rendered":"<div class=\"top md:col-span-2\">\n<div class=\"flex flex-wrap\">\n<div class=\"basis-full md:basis-2\/5 z-100 content-center p-1\">\n<div class=\"story-introtext afacad-flux font-light text-base md:text-lg md:ml-6\">El delantero \u00c9nner Valencia public\u00f3 un emotivo mensaje en redes sociales para despedirse de la Tricolor en las eliminatorias mundialistas.<\/div>\n<div class=\"story-publishup afacad-flux font-light uppercase text-sm md:text-base text-[#929497] md:ml-6\">10 de Septiembre de 2025<\/div>\n<div class=\"story-publishup afacad-flux font-light uppercase text-sm md:text-base text-[#929497] md:ml-6\"><\/div>\n<\/div>\n<\/div>\n<\/div>\n<div class=\"body md:order-3 afacad-flux font-normal text-lg px-2\">\n<div class=\"hidden md:block afacad-flux font-light text-sm md:text-base text-[#929497]\"><\/div>\n<p><strong>\u00c9nner Valencia se despidi\u00f3 con honores de la Tricolor en el partido contra Argentina<\/strong>. El capit\u00e1n ecuatoriano marc\u00f3 el gol del triunfo sobre la albiceleste, cumpli\u00f3 con su partido 100 con el seleccionado y tuvo un estadio lleno en su \u00faltimo compromiso de eliminatorias al Mundial.<\/p>\n<p>El jugador del Internacional hab\u00eda anticipado que\u00a0<strong>no jugar\u00e1 m\u00e1s por Ecuador en los clasificatorios sudamericanos<\/strong>\u00a0y antes del partido recibi\u00f3 una placa de homenaje de la Federaci\u00f3n Ecuatoriana de F\u00fatbol (FEF) junto a su esposa y sus cuatro hijos.<\/p>\n<p>\u00ab<strong>Se cierra una eliminatoria inolvidable donde empezamos de abajo con 3 puntos menos<\/strong>. Pero junto al cuerpo t\u00e9cnico , compa\u00f1eros , dirigentes y todos quienes forman parte de la TRI conformamos una linda familia, y ante una familia unida, no existe rivales invencibles\u00bb, public\u00f3 en su cuenta de Instagram.<\/p>\n<p><strong>Valencia no descarta llegar a una tercera copa mundial en 2026<\/strong>. En este torneo es el goleador hist\u00f3rico de Ecuador, con seis tantos, tres marcados en Brasil 2014 y tres en Qatar 2022.<\/p>\n<p>\u00abA nivel personal llegar a los 100 partidos representando a mi pa\u00eds y poder despedirme de las eliminatorias ante un gran rival , ante mi familia y un estadio pintado de amarillo, azul y rojo es un sue\u00f1o hecho realidad.\u00a0<strong>Solo me queda decir gracias de coraz\u00f3n<\/strong>\u00ab, a\u00f1adi\u00f3. <strong>Fuente: El Tel\u00e9grafo<\/strong><\/p>\n<\/div>\n","protected":false},"excerpt":{"rendered":"<p>El delantero \u00c9nner Valencia public\u00f3 un emotivo mensaje en redes sociales para despedirse de la Tricolor en las eliminatorias mundialistas. 10 de Septiembre de 2025 \u00c9nner Valencia se despidi\u00f3 con honores de la Tricolor en el partido contra Argentina. El capit\u00e1n ecuatoriano marc\u00f3 el gol del triunfo sobre la albiceleste, cumpli\u00f3 con su partido 100 con el seleccionado y tuvo un estadio lleno en su \u00faltimo compromiso de eliminatorias al Mundial. El jugador del Internacional hab\u00eda anticipado que\u00a0no jugar\u00e1 m\u00e1s por Ecuador en los clasificatorios sudamericanos\u00a0y antes del partido recibi\u00f3 una placa de homenaje de la Federaci\u00f3n Ecuatoriana de F\u00fatbol (FEF) junto a su esposa y sus cuatro hijos. \u00abSe cierra una eliminatoria inolvidable donde empezamos de abajo con 3 puntos menos. Pero junto al cuerpo t\u00e9cnico , compa\u00f1eros , dirigentes y todos quienes forman parte de la TRI conformamos una linda familia, y ante una familia unida, no existe rivales invencibles\u00bb, public\u00f3 en su cuenta de Instagram. Valencia no descarta llegar a una tercera copa mundial en 2026. En este torneo es el goleador hist\u00f3rico de Ecuador, con seis tantos, tres marcados en Brasil 2014 y tres en Qatar 2022. \u00abA nivel personal llegar a los 100 partidos representando a mi pa\u00eds y poder despedirme de las eliminatorias ante un gran rival , ante mi familia y un estadio pintado de amarillo, azul y rojo es un sue\u00f1o hecho realidad.\u00a0Solo me queda decir gracias de coraz\u00f3n\u00ab, a\u00f1adi\u00f3. Fuente: El Tel\u00e9grafo<\/p>\n","protected":false},"author":1,"featured_media":26260,"comment_status":"closed","ping_status":"closed","sticky":false,"template":"","format":"standard","meta":{"footnotes":""},"categories":[6,268],"tags":[],"class_list":["post-26259","post","type-post","status-publish","format-standard","has-post-thumbnail","hentry","category-deportes","category-nacionales"],"_links":{"self":[{"href":"https:\/\/www.elamazonico.com\/portal\/wp-json\/wp\/v2\/posts\/26259","targetHints":{"allow":["GET"]}}],"collection":[{"href":"https:\/\/www.elamazonico.com\/portal\/wp-json\/wp\/v2\/posts"}],"about":[{"href":"https:\/\/www.elamazonico.com\/portal\/wp-json\/wp\/v2\/types\/post"}],"author":[{"embeddable":true,"href":"https:\/\/www.elamazonico.com\/portal\/wp-json\/wp\/v2\/users\/1"}],"replies":[{"embeddable":true,"href":"https:\/\/www.elamazonico.com\/portal\/wp-json\/wp\/v2\/comments?post=26259"}],"version-history":[{"count":1,"href":"https:\/\/www.elamazonico.com\/portal\/wp-json\/wp\/v2\/posts\/26259\/revisions"}],"predecessor-version":[{"id":26261,"href":"https:\/\/www.elamazonico.com\/portal\/wp-json\/wp\/v2\/posts\/26259\/revisions\/26261"}],"wp:featuredmedia":[{"embeddable":true,"href":"https:\/\/www.elamazonico.com\/portal\/wp-json\/wp\/v2\/media\/26260"}],"wp:attachment":[{"href":"https:\/\/www.elamazonico.com\/portal\/wp-json\/wp\/v2\/media?parent=26259"}],"wp:term":[{"taxonomy":"category","embeddable":true,"href":"https:\/\/www.elamazonico.com\/portal\/wp-json\/wp\/v2\/categories?post=26259"},{"taxonomy":"post_tag","embeddable":true,"href":"https:\/\/www.elamazonico.com\/portal\/wp-json\/wp\/v2\/tags?post=26259"}],"curies":[{"name":"wp","href":"https:\/\/api.w.org\/{rel}","templated":true}]}}