{"id":26255,"date":"2025-09-10T21:59:10","date_gmt":"2025-09-11T02:59:10","guid":{"rendered":"https:\/\/www.elamazonico.com\/portal\/?p=26255"},"modified":"2025-09-11T08:14:51","modified_gmt":"2025-09-11T13:14:51","slug":"nueva-fase-de-guerra-en-ecuador-gobierno-detalla-el-plan-para-eliminar-a-los-cabecillas-narcos","status":"publish","type":"post","link":"https:\/\/www.elamazonico.com\/portal\/nueva-fase-de-guerra-en-ecuador-gobierno-detalla-el-plan-para-eliminar-a-los-cabecillas-narcos\/","title":{"rendered":"Nueva fase de guerra en Ecuador: Gobierno detalla el plan para eliminar a los cabecillas narcos"},"content":{"rendered":"<div class=\"paragraph texto\">\n<p class=\"p_0\">El Gobierno de\u00a0<b><a href=\"https:\/\/www.vistazo.com\/cronologia\/-\/meta\/daniel-noboa\" target=\"_blank\" rel=\"noopener noreferrer\">Daniel Noboa<\/a><\/b>\u00a0puso en marcha la nueva fase de\u00a0<b>guerra\u00a0<\/b>contra el\u00a0<b>narcoterrorismo<\/b>, que contempla la priorizaci\u00f3n de operaciones militares en nueve provincias consideradas como las \u00ab<b>m\u00e1s cr\u00edticas<\/b>\u00ab, as\u00ed como la eliminaci\u00f3n de\u00a0<b>cabecillas\u00a0<\/b>de los grupos de delincuencia organizada.<\/p>\n<p class=\"p_2\">La estrategia, presentada este mi\u00e9rcoles 10 de septiembre por el Ministerio de Defensa, encabezado por\u00a0<b>Gian Carlo Loffredo<\/b>, se enmarca dentro del \u201cconflicto armado no internacional que ha marcado la vida de millones de ecuatorianos\u201d.<\/p>\n<p class=\"p_3\">Seg\u00fan la cartera de Estado, los \u00ab<b>meses de duros enfrentamientos<\/b>\u00ab, la experiencia adquirida en el terreno y los golpes propinados a las estructuras criminales han revelado \u00abuna verdad ineludible\u00bb:\u00a0<u>el enemigo cambia de rostro y busca adaptarse<\/u>.<\/p>\n<p class=\"p_4\">Para delinear las directrices, el\u00a0<b>Alto Mando Militar<\/b>, integrado por el General de Ej\u00e9rcito Henry Delgado Salvador (jefe del Comando Conjunto), el General de Ej\u00e9rcito Iv\u00e1n V\u00e1sconez Hurtado (Fuerza Terrestre), el Almirante Ricardo Unda Serrano (Fuerza Naval) y el General del Aire Mauricio Salazar Machuca (Fuerza A\u00e9rea) se reuni\u00f3 en Quito por disposici\u00f3n del ministro Loffredo.<\/p>\n<\/div>\n<h2 class=\"h2vistazo\">\u00bfQu\u00e9 implica la nueva fase de guerra?<\/h2>\n<div class=\"paragraph texto\">\n<p class=\"p_5\">Tras el reciente cambio en la c\u00fapula de las Fuerzas Armadas, comenz\u00f3 la planificaci\u00f3n y focalizaci\u00f3n de las operaciones militares, estructuradas en\u00a0<b>tres ejes<\/b>:<\/p>\n<\/div>\n<ul>\n<li class=\"bulletvistazo\">Control territorial y ofensiva directa;<\/li>\n<li class=\"bulletvistazo\">Fortalecimiento de la inteligencia y operaciones especiales;<\/li>\n<li class=\"bulletvistazo\">Neutralizaci\u00f3n y eliminaci\u00f3n de objetivos.<\/li>\n<\/ul>\n<div class=\"paragraph texto\">\n<p class=\"p_6\">Aunque la nueva estrategia militar contiene componentes reservados, se detall\u00f3 que esta concentrar\u00e1 sus esfuerzos en las siguientes\u00a0<b>provincias<\/b>:<\/p>\n<p class=\"p_7\"><u>En Guayas, Los R\u00edos, Manab\u00ed, El Oro, Carchi, Sucumb\u00edos, Orellana, Zamora y Morona Santiago<\/u>\u00a0se multiplicar\u00e1 el n\u00famero de operaciones para neutralizar y destruir\u00a0<b>objetivos de alto valor,<\/b>\u00a0atacar blancos determinados y reforzar los controles de armas y explosivos en puntos cr\u00edticos del pa\u00eds.<\/p>\n<p class=\"p_9\">La ofensiva incluye la eliminaci\u00f3n de\u00a0<b>cabecillas<\/b>, la\u00a0<b>destrucci\u00f3n\u00a0<\/b>de maquinaria, combustibles e infraestructura usada en la miner\u00eda ilegal, as\u00ed como la\u00a0<b>neutralizaci\u00f3n\u00a0<\/b>de veh\u00edculos, bodegas y material vinculados al robo y contrabando de combustibles.<\/p>\n<p class=\"p_10\">Cada acci\u00f3n se apoyar\u00e1 en un\u00a0<b>mapeo\u00a0<\/b>constante de\u00a0<b>patrullajes\u00a0<\/b>y en el incremento de la\u00a0<b>inteligencia militar<\/b>, como punto clave en esta nueva fase de la guerra.<\/p>\n<p class=\"p_11\">Adem\u00e1s, la estrategia incorpora una atenci\u00f3n prioritaria al control de los\u00a0<b>centros penitenciarios<\/b>\u00a0bajo responsabilidad de las Fuerzas Armadas.<\/p>\n<p class=\"p_12\">A esto se suma una\u00a0<u>pol\u00edtica de cero tolerancia a la corrupci\u00f3n<\/u>, con depuraci\u00f3n institucional y mano dura internamente.<\/p>\n<p class=\"p_13\">Todo este plan estar\u00e1 sujeto a un seguimiento permanente desde el Comando Conjunto, donde se evaluar\u00e1 cada acci\u00f3n, operaci\u00f3n y estrategia para ajustar en tiempo real las\u00a0<b>t\u00e1cticas\u00a0<\/b>seg\u00fan evolucione el escenario.<\/p>\n<p class=\"p_14\">\u201cEsta nueva fase exige medidas de cumplimiento inmediato y resultados efectivos, porque la meta es una sola: devolver bienestar, seguridad y paz al pueblo ecuatoriano.\u00a0<u>La consigna frente a las amenazas es clara: la c\u00e1rcel o el infierno<\/u>\u201d, enfatiz\u00f3 el jefe del Comando Conjunto de las FF.AA., Henry Delgado. <strong>Fuente: Vistazo<\/strong><\/p>\n<\/div>\n","protected":false},"excerpt":{"rendered":"<p>El Gobierno de\u00a0Daniel Noboa\u00a0puso en marcha la nueva fase de\u00a0guerra\u00a0contra el\u00a0narcoterrorismo, que contempla la priorizaci\u00f3n de operaciones militares en nueve provincias consideradas como las \u00abm\u00e1s cr\u00edticas\u00ab, as\u00ed como la eliminaci\u00f3n de\u00a0cabecillas\u00a0de los grupos de delincuencia organizada. La estrategia, presentada este mi\u00e9rcoles 10 de septiembre por el Ministerio de Defensa, encabezado por\u00a0Gian Carlo Loffredo, se enmarca dentro del \u201cconflicto armado no internacional que ha marcado la vida de millones de ecuatorianos\u201d. Seg\u00fan la cartera de Estado, los \u00abmeses de duros enfrentamientos\u00ab, la experiencia adquirida en el terreno y los golpes propinados a las estructuras criminales han revelado \u00abuna verdad ineludible\u00bb:\u00a0el enemigo cambia de rostro y busca adaptarse. Para delinear las directrices, el\u00a0Alto Mando Militar, integrado por el General de Ej\u00e9rcito Henry Delgado Salvador (jefe del Comando Conjunto), el General de Ej\u00e9rcito Iv\u00e1n V\u00e1sconez Hurtado (Fuerza Terrestre), el Almirante Ricardo Unda Serrano (Fuerza Naval) y el General del Aire Mauricio Salazar Machuca (Fuerza A\u00e9rea) se reuni\u00f3 en Quito por disposici\u00f3n del ministro Loffredo. \u00bfQu\u00e9 implica la nueva fase de guerra? Tras el reciente cambio en la c\u00fapula de las Fuerzas Armadas, comenz\u00f3 la planificaci\u00f3n y focalizaci\u00f3n de las operaciones militares, estructuradas en\u00a0tres ejes: Control territorial y ofensiva directa; Fortalecimiento de la inteligencia y operaciones especiales; Neutralizaci\u00f3n y eliminaci\u00f3n de objetivos. Aunque la nueva estrategia militar contiene componentes reservados, se detall\u00f3 que esta concentrar\u00e1 sus esfuerzos en las siguientes\u00a0provincias: En Guayas, Los R\u00edos, Manab\u00ed, El Oro, Carchi, Sucumb\u00edos, Orellana, Zamora y Morona Santiago\u00a0se multiplicar\u00e1 el n\u00famero de operaciones para neutralizar y destruir\u00a0objetivos de alto valor,\u00a0atacar blancos determinados y reforzar los controles de armas y explosivos en puntos cr\u00edticos del pa\u00eds. La ofensiva incluye la eliminaci\u00f3n de\u00a0cabecillas, la\u00a0destrucci\u00f3n\u00a0de maquinaria, combustibles e infraestructura usada en la miner\u00eda ilegal, as\u00ed como la\u00a0neutralizaci\u00f3n\u00a0de veh\u00edculos, bodegas y material vinculados al robo y contrabando de combustibles. Cada acci\u00f3n se apoyar\u00e1 en un\u00a0mapeo\u00a0constante de\u00a0patrullajes\u00a0y en el incremento de la\u00a0inteligencia militar, como punto clave en esta nueva fase de la guerra. Adem\u00e1s, la estrategia incorpora una atenci\u00f3n prioritaria al control de los\u00a0centros penitenciarios\u00a0bajo responsabilidad de las Fuerzas Armadas. A esto se suma una\u00a0pol\u00edtica de cero tolerancia a la corrupci\u00f3n, con depuraci\u00f3n institucional y mano dura internamente. Todo este plan estar\u00e1 sujeto a un seguimiento permanente desde el Comando Conjunto, donde se evaluar\u00e1 cada acci\u00f3n, operaci\u00f3n y estrategia para ajustar en tiempo real las\u00a0t\u00e1cticas\u00a0seg\u00fan evolucione el escenario. \u201cEsta nueva fase exige medidas de cumplimiento inmediato y resultados efectivos, porque la meta es una sola: devolver bienestar, seguridad y paz al pueblo ecuatoriano.\u00a0La consigna frente a las amenazas es clara: la c\u00e1rcel o el infierno\u201d, enfatiz\u00f3 el jefe del Comando Conjunto de las FF.AA., Henry Delgado. Fuente: Vistazo<\/p>\n","protected":false},"author":1,"featured_media":26256,"comment_status":"closed","ping_status":"closed","sticky":false,"template":"","format":"standard","meta":{"footnotes":""},"categories":[268],"tags":[],"class_list":["post-26255","post","type-post","status-publish","format-standard","has-post-thumbnail","hentry","category-nacionales"],"_links":{"self":[{"href":"https:\/\/www.elamazonico.com\/portal\/wp-json\/wp\/v2\/posts\/26255","targetHints":{"allow":["GET"]}}],"collection":[{"href":"https:\/\/www.elamazonico.com\/portal\/wp-json\/wp\/v2\/posts"}],"about":[{"href":"https:\/\/www.elamazonico.com\/portal\/wp-json\/wp\/v2\/types\/post"}],"author":[{"embeddable":true,"href":"https:\/\/www.elamazonico.com\/portal\/wp-json\/wp\/v2\/users\/1"}],"replies":[{"embeddable":true,"href":"https:\/\/www.elamazonico.com\/portal\/wp-json\/wp\/v2\/comments?post=26255"}],"version-history":[{"count":2,"href":"https:\/\/www.elamazonico.com\/portal\/wp-json\/wp\/v2\/posts\/26255\/revisions"}],"predecessor-version":[{"id":26269,"href":"https:\/\/www.elamazonico.com\/portal\/wp-json\/wp\/v2\/posts\/26255\/revisions\/26269"}],"wp:featuredmedia":[{"embeddable":true,"href":"https:\/\/www.elamazonico.com\/portal\/wp-json\/wp\/v2\/media\/26256"}],"wp:attachment":[{"href":"https:\/\/www.elamazonico.com\/portal\/wp-json\/wp\/v2\/media?parent=26255"}],"wp:term":[{"taxonomy":"category","embeddable":true,"href":"https:\/\/www.elamazonico.com\/portal\/wp-json\/wp\/v2\/categories?post=26255"},{"taxonomy":"post_tag","embeddable":true,"href":"https:\/\/www.elamazonico.com\/portal\/wp-json\/wp\/v2\/tags?post=26255"}],"curies":[{"name":"wp","href":"https:\/\/api.w.org\/{rel}","templated":true}]}}