{"id":26252,"date":"2025-09-10T21:57:30","date_gmt":"2025-09-11T02:57:30","guid":{"rendered":"https:\/\/www.elamazonico.com\/portal\/?p=26252"},"modified":"2025-09-10T21:57:30","modified_gmt":"2025-09-11T02:57:30","slug":"el-gobierno-preve-mas-de-58-000-personas-en-la-marcha-convocada-por-noboa-en-guayaquil","status":"publish","type":"post","link":"https:\/\/www.elamazonico.com\/portal\/el-gobierno-preve-mas-de-58-000-personas-en-la-marcha-convocada-por-noboa-en-guayaquil\/","title":{"rendered":"El Gobierno prev\u00e9 m\u00e1s de 58.000 personas en la marcha convocada por Noboa en Guayaquil"},"content":{"rendered":"<div class=\"paragraph texto\">\n<p class=\"p_0\"><b>El Gobierno de Ecuador espera m\u00e1s de 58.000 participantes en la marcha &#8216;por la seguridad y la paz&#8217;, convocada por el jefe de Estado,\u00a0<a href=\"https:\/\/www.vistazo.com\/cronologia\/-\/meta\/daniel-noboa\">Daniel Noboa<\/a>, para este jueves en la ciudad de Guayaquil, una de las m\u00e1s afectadas por la violencia en la naci\u00f3n.<\/b><\/p>\n<p class=\"p_2\">La ministra de Gobierno, Zaida Rovira, destac\u00f3 este mi\u00e9rcoles que este ser\u00e1 un<b>\u00a0espacio festivo<\/b>\u00a0que reafirma el compromiso de los ecuatorianos con la\u00a0<b>unidad y la paz.<\/b><\/p>\n<p class=\"p_3\">\u00ab<b>No tenemos una pugna con la Corte Constitucional<\/b>\u00a0(CC). Somos respetuosos de la independencia de poderes\u00bb, afirm\u00f3 en una entrevista con la radio i99.<\/p>\n<div class=\"Center2Display\">\n<div id=\"Center2\">Hizo as\u00ed referencia a la instituci\u00f3n contra la que <b>Noboa lider\u00f3 en agosto pasado una marcha<\/b>, en Quito, en rechazo a la decisi\u00f3n del alto tribunal de suspender de forma parcial y temporal art\u00edculos de tres pol\u00e9micas leyes, que\u00a0<b>el Ejecutivo considera indispensables en su lucha contra la inseguridad en el pa\u00eds.<\/b><\/div>\n<\/div>\n<\/div>\n<h2 class=\"h2vistazo\">Nuevas preguntas<\/h2>\n<div class=\"paragraph texto\">\n<p class=\"p_5\">Sobre el refer\u00e9ndum y consulta popular que el Gobierno espera se realice el pr\u00f3ximo 30 de noviembre, Rovira ratific\u00f3 que el inter\u00e9s del Gobierno es\u00a0<b>\u00abfortalecer la seguridad, proteger a los ni\u00f1os y garantizar procesos judiciales transparentes y expeditos\u00bb.<\/b><\/p>\n<\/div>\n<div class=\"multimediaMacroWrapper img lateral\">\n<figure class=\"contentMedia art-img\">\n<div><img fetchpriority=\"high\" decoding=\"async\" class=\" lazyloaded\" title=\"Fotograf\u00eda de la marcha contra la Corte Constitucional encabezada por Noboa en Quito, el pasado 12 de agosto.\" src=\"https:\/\/www.vistazo.com\/placeholder\/svg\/viewbox\/768x1152\" sizes=\"100vw\" srcset=\"\/\/www.vistazo.com\/binrepository\/768x1152\/0c0\/0d0\/none\/12727\/TDIS\/20250812182987-marcha-contra-la-corte_2410726_20250910172200.jpg 768w,\/\/www.vistazo.com\/binrepository\/640x960\/0c0\/0d0\/none\/12727\/TDIM\/20250812182987-marcha-contra-la-corte_2410726_20250910172200.jpg 640w,\/\/www.vistazo.com\/binrepository\/512x768\/0c0\/0d0\/none\/12727\/TDIO\/20250812182987-marcha-contra-la-corte_2410726_20250910172200.jpg 512w,\/\/www.vistazo.com\/binrepository\/384x576\/0c0\/0d0\/none\/12727\/TDIK\/20250812182987-marcha-contra-la-corte_2410726_20250910172200.jpg 384w,\/\/www.vistazo.com\/binrepository\/300x450\/0c0\/0d0\/none\/12727\/TDID\/20250812182987-marcha-contra-la-corte_2410726_20250910172200.jpg 300w\" alt=\"$!Fotograf\u00eda de la marcha contra la Corte Constitucional encabezada por Noboa en Quito, el pasado 12 de agosto.\" width=\"768\" height=\"1152\" data-srcset=\"\/\/www.vistazo.com\/binrepository\/768x1152\/0c0\/0d0\/none\/12727\/TDIS\/20250812182987-marcha-contra-la-corte_2410726_20250910172200.jpg 768w,\/\/www.vistazo.com\/binrepository\/640x960\/0c0\/0d0\/none\/12727\/TDIM\/20250812182987-marcha-contra-la-corte_2410726_20250910172200.jpg 640w,\/\/www.vistazo.com\/binrepository\/512x768\/0c0\/0d0\/none\/12727\/TDIO\/20250812182987-marcha-contra-la-corte_2410726_20250910172200.jpg 512w,\/\/www.vistazo.com\/binrepository\/384x576\/0c0\/0d0\/none\/12727\/TDIK\/20250812182987-marcha-contra-la-corte_2410726_20250910172200.jpg 384w,\/\/www.vistazo.com\/binrepository\/300x450\/0c0\/0d0\/none\/12727\/TDID\/20250812182987-marcha-contra-la-corte_2410726_20250910172200.jpg 300w\" \/><\/div>\n<div class=\"cutline-byline\"><span class=\"cutline-text\">Fotograf\u00eda de la marcha contra la Corte Constitucional encabezada por Noboa en Quito, el pasado 12 de agosto.<\/span>\u00a0<span class=\"byline-image\">(Henry Lapo &#8211; API)<\/span><\/div>\n<\/figure>\n<\/div>\n<div class=\"paragraph texto\">\n<p class=\"p_6\">\u00abDespu\u00e9s de haber replanteado las preguntas e incorporado nuevas, esperamos que la Corte Constitucional contin\u00fae con el tr\u00e1mite.\u00a0<b>Estamos convencidos de que cumpliremos con los tiempos para realizar la consulta popular a finales de noviembre<\/b>\u00ab, precis\u00f3.<\/p>\n<p class=\"p_7\">Luego de que<b>\u00a0la CC rechazara tres de las siete preguntas propuestas por el Ejecutivo<\/b>, Noboa envi\u00f3 el martes siete nuevos planteamientos a an\u00e1lisis, entre los que figuran reformulaciones de algunas de las cuestiones originales y nuevos temas.<\/p>\n<\/div>\n<h2 class=\"h2vistazo\">Reforma constitucional<\/h2>\n<div class=\"paragraph texto\">\n<p class=\"p_8\">En esta ocasi\u00f3n, Noboa propone reformas constitucionales relacionadas con la\u00a0<b>creaci\u00f3n de un registro de personas con sentencia condenatoria en firme por el delito de violaci\u00f3n contra menores.<\/b>\u00a0Los jueces hab\u00edan dicho al Gobierno que el registro les parec\u00eda \u00abexcesivamente indeterminado, sin claridad sobre su alcance y temporalidad\u00bb.<\/p>\n<p class=\"p_9\">Adem\u00e1s, Noboa quiere preguntar a los ecuatorianos si est\u00e1n de acuerdo con que la CC solo pueda declarar la\u00a0<b>inconstitucionalidad\u00a0<\/b>de las leyes presentadas por el presidente, decretos de estado de excepci\u00f3n o propuestas de consulta popular de iniciativa presidencial\u00a0<b>cuando al menos seis de los nueve jueces est\u00e9n de acuerdo.<\/b><\/p>\n<p class=\"p_10\">Propone tambi\u00e9n enmendar la Constituci\u00f3n para sancionar y juzgar a las personas que cometan\u00a0<b>delitos de extorsi\u00f3n, robo y receptaci\u00f3n<\/b>, mediante\u00a0<b>procedimientos especiales y expeditos.<\/b><\/p>\n<p class=\"p_12\">Y realizar una enmienda para eliminar la facultad de designar autoridades que tiene el<b>\u00a0Consejo de Participaci\u00f3n Ciudadana y Control Social<\/b>\u00a0e implementar procesos p\u00fablicos que garanticen la participaci\u00f3n ciudadana, meritocracia y escrutinio p\u00fablico.<\/p>\n<p class=\"p_13\">El Gobierno pretend\u00eda eliminar por completo a esta instituci\u00f3n, as\u00ed como que los jueces de la CC puedan ser\u00a0<b>sometidos a juicio pol\u00edtico.<\/b><\/p>\n<\/div>\n<h2 class=\"h2vistazo\">Consulta popular<\/h2>\n<div class=\"paragraph texto\">\n<p class=\"p_14\">Noboa tambi\u00e9n plante\u00f3 tres preguntas para consulta popular. La primera relacionada con\u00a0<b>permitir el funcionamiento de salas de juego y casinos dedicados a juegos de azar en hoteles cinco estrellas<\/b>, que es otra de las preguntas reformuladas despu\u00e9s de que los jueves se\u00f1alaron que lo propuesto no cumpl\u00eda \u00abcon los par\u00e1metros constitucionales\u00bb.<\/p>\n<p class=\"p_15\">Tambi\u00e9n propone que\u00a0<b>se proh\u00edba el uso del nombre, imagen, voz o apoyo en cualquier forma y\/o medio<\/b>, de personas con\u00a0<b>sentencia ejecutoriada por delitos contra la administraci\u00f3n p\u00fablica<\/b>, como peculado, cohecho, concusi\u00f3n y enriquecimiento il\u00edcito.<\/p>\n<p class=\"p_17\">Y que se expida una\u00a0<b>nueva ley de garant\u00edas constitucionales y control constitucional\u00a0<\/b>que incluya la organizaci\u00f3n, funcionamiento y los procedimientos para el cumplimiento de las atribuciones de la CC.<\/p>\n<p class=\"p_18\"><b>Del primer paquete de preguntas hab\u00edan sido aprobadas tres<\/b>, relacionadas con la contrataci\u00f3n laboral por horas en el sector tur\u00edstico, con la reducci\u00f3n del n\u00famero de miembros de la Asamblea Nacional y con permitir nuevamente el establecimiento de bases militares extranjeras en el pa\u00eds andino<strong>. Fuente: Vistazo<\/strong><\/p>\n<\/div>\n","protected":false},"excerpt":{"rendered":"<p>El Gobierno de Ecuador espera m\u00e1s de 58.000 participantes en la marcha &#8216;por la seguridad y la paz&#8217;, convocada por el jefe de Estado,\u00a0Daniel Noboa, para este jueves en la ciudad de Guayaquil, una de las m\u00e1s afectadas por la violencia en la naci\u00f3n. La ministra de Gobierno, Zaida Rovira, destac\u00f3 este mi\u00e9rcoles que este ser\u00e1 un\u00a0espacio festivo\u00a0que reafirma el compromiso de los ecuatorianos con la\u00a0unidad y la paz. \u00abNo tenemos una pugna con la Corte Constitucional\u00a0(CC). Somos respetuosos de la independencia de poderes\u00bb, afirm\u00f3 en una entrevista con la radio i99. Hizo as\u00ed referencia a la instituci\u00f3n contra la que Noboa lider\u00f3 en agosto pasado una marcha, en Quito, en rechazo a la decisi\u00f3n del alto tribunal de suspender de forma parcial y temporal art\u00edculos de tres pol\u00e9micas leyes, que\u00a0el Ejecutivo considera indispensables en su lucha contra la inseguridad en el pa\u00eds. Nuevas preguntas Sobre el refer\u00e9ndum y consulta popular que el Gobierno espera se realice el pr\u00f3ximo 30 de noviembre, Rovira ratific\u00f3 que el inter\u00e9s del Gobierno es\u00a0\u00abfortalecer la seguridad, proteger a los ni\u00f1os y garantizar procesos judiciales transparentes y expeditos\u00bb. Fotograf\u00eda de la marcha contra la Corte Constitucional encabezada por Noboa en Quito, el pasado 12 de agosto.\u00a0(Henry Lapo &#8211; API) \u00abDespu\u00e9s de haber replanteado las preguntas e incorporado nuevas, esperamos que la Corte Constitucional contin\u00fae con el tr\u00e1mite.\u00a0Estamos convencidos de que cumpliremos con los tiempos para realizar la consulta popular a finales de noviembre\u00ab, precis\u00f3. Luego de que\u00a0la CC rechazara tres de las siete preguntas propuestas por el Ejecutivo, Noboa envi\u00f3 el martes siete nuevos planteamientos a an\u00e1lisis, entre los que figuran reformulaciones de algunas de las cuestiones originales y nuevos temas. Reforma constitucional En esta ocasi\u00f3n, Noboa propone reformas constitucionales relacionadas con la\u00a0creaci\u00f3n de un registro de personas con sentencia condenatoria en firme por el delito de violaci\u00f3n contra menores.\u00a0Los jueces hab\u00edan dicho al Gobierno que el registro les parec\u00eda \u00abexcesivamente indeterminado, sin claridad sobre su alcance y temporalidad\u00bb. Adem\u00e1s, Noboa quiere preguntar a los ecuatorianos si est\u00e1n de acuerdo con que la CC solo pueda declarar la\u00a0inconstitucionalidad\u00a0de las leyes presentadas por el presidente, decretos de estado de excepci\u00f3n o propuestas de consulta popular de iniciativa presidencial\u00a0cuando al menos seis de los nueve jueces est\u00e9n de acuerdo. Propone tambi\u00e9n enmendar la Constituci\u00f3n para sancionar y juzgar a las personas que cometan\u00a0delitos de extorsi\u00f3n, robo y receptaci\u00f3n, mediante\u00a0procedimientos especiales y expeditos. Y realizar una enmienda para eliminar la facultad de designar autoridades que tiene el\u00a0Consejo de Participaci\u00f3n Ciudadana y Control Social\u00a0e implementar procesos p\u00fablicos que garanticen la participaci\u00f3n ciudadana, meritocracia y escrutinio p\u00fablico. El Gobierno pretend\u00eda eliminar por completo a esta instituci\u00f3n, as\u00ed como que los jueces de la CC puedan ser\u00a0sometidos a juicio pol\u00edtico. Consulta popular Noboa tambi\u00e9n plante\u00f3 tres preguntas para consulta popular. La primera relacionada con\u00a0permitir el funcionamiento de salas de juego y casinos dedicados a juegos de azar en hoteles cinco estrellas, que es otra de las preguntas reformuladas despu\u00e9s de que los jueves se\u00f1alaron que lo propuesto no cumpl\u00eda \u00abcon los par\u00e1metros constitucionales\u00bb. Tambi\u00e9n propone que\u00a0se proh\u00edba el uso del nombre, imagen, voz o apoyo en cualquier forma y\/o medio, de personas con\u00a0sentencia ejecutoriada por delitos contra la administraci\u00f3n p\u00fablica, como peculado, cohecho, concusi\u00f3n y enriquecimiento il\u00edcito. Y que se expida una\u00a0nueva ley de garant\u00edas constitucionales y control constitucional\u00a0que incluya la organizaci\u00f3n, funcionamiento y los procedimientos para el cumplimiento de las atribuciones de la CC. Del primer paquete de preguntas hab\u00edan sido aprobadas tres, relacionadas con la contrataci\u00f3n laboral por horas en el sector tur\u00edstico, con la reducci\u00f3n del n\u00famero de miembros de la Asamblea Nacional y con permitir nuevamente el establecimiento de bases militares extranjeras en el pa\u00eds andino. Fuente: Vistazo<\/p>\n","protected":false},"author":1,"featured_media":26253,"comment_status":"closed","ping_status":"closed","sticky":false,"template":"","format":"standard","meta":{"footnotes":""},"categories":[268],"tags":[],"class_list":["post-26252","post","type-post","status-publish","format-standard","has-post-thumbnail","hentry","category-nacionales"],"_links":{"self":[{"href":"https:\/\/www.elamazonico.com\/portal\/wp-json\/wp\/v2\/posts\/26252","targetHints":{"allow":["GET"]}}],"collection":[{"href":"https:\/\/www.elamazonico.com\/portal\/wp-json\/wp\/v2\/posts"}],"about":[{"href":"https:\/\/www.elamazonico.com\/portal\/wp-json\/wp\/v2\/types\/post"}],"author":[{"embeddable":true,"href":"https:\/\/www.elamazonico.com\/portal\/wp-json\/wp\/v2\/users\/1"}],"replies":[{"embeddable":true,"href":"https:\/\/www.elamazonico.com\/portal\/wp-json\/wp\/v2\/comments?post=26252"}],"version-history":[{"count":1,"href":"https:\/\/www.elamazonico.com\/portal\/wp-json\/wp\/v2\/posts\/26252\/revisions"}],"predecessor-version":[{"id":26254,"href":"https:\/\/www.elamazonico.com\/portal\/wp-json\/wp\/v2\/posts\/26252\/revisions\/26254"}],"wp:featuredmedia":[{"embeddable":true,"href":"https:\/\/www.elamazonico.com\/portal\/wp-json\/wp\/v2\/media\/26253"}],"wp:attachment":[{"href":"https:\/\/www.elamazonico.com\/portal\/wp-json\/wp\/v2\/media?parent=26252"}],"wp:term":[{"taxonomy":"category","embeddable":true,"href":"https:\/\/www.elamazonico.com\/portal\/wp-json\/wp\/v2\/categories?post=26252"},{"taxonomy":"post_tag","embeddable":true,"href":"https:\/\/www.elamazonico.com\/portal\/wp-json\/wp\/v2\/tags?post=26252"}],"curies":[{"name":"wp","href":"https:\/\/api.w.org\/{rel}","templated":true}]}}