{"id":2624,"date":"2022-02-04T06:21:50","date_gmt":"2022-02-04T11:21:50","guid":{"rendered":"https:\/\/www.elamazonico.com\/portal\/?p=2624"},"modified":"2022-02-04T06:21:58","modified_gmt":"2022-02-04T11:21:58","slug":"dos-miradas-distintas-a-la-tragedia-en-la-gasca","status":"publish","type":"post","link":"https:\/\/www.elamazonico.com\/portal\/dos-miradas-distintas-a-la-tragedia-en-la-gasca\/","title":{"rendered":"Dos miradas distintas a la tragedia en La Gasca"},"content":{"rendered":"\n<p>Eduardo del Pozo, concejal de Quito, se\u00f1ala que la ciudad ha crecido de manera desorganizada. \u00abEl barrio La Gasca est\u00e1 tapando la quebrada del Tejado. El 60 % de la ciudad est\u00e1n en la informalidad, no tienen permisos municipales\u00bb.<\/p>\n\n\n\n<p>\u00abExisten los planes en la Alcald\u00eda. El problema es qui\u00e9n y c\u00f3mo se implementan. Es necesario que la institucionalidad funcione. Esta es una cat\u00e1strofe natural\u00bb, dijo.<\/p>\n\n\n\n<p>Wilson Merino Rivadeneira, activista social, dice que en Quito hay falta de prevenci\u00f3n, falta de liderazgo, falta de planificaci\u00f3n. \u00abNo hay mantenimiento, no se asigna el presupuesto de manera efectiva y t\u00e9cnica\u00bb.<\/p>\n\n\n\n<p>\u00abLos actores que est\u00e1n en el poder tienen que responsabilizarse. Qu\u00e9 cree de un Alcalde que llega en terno y con paraguas al lugar de la tragedia. Falta liderazgo y legitimidad\u00bb, se\u00f1al\u00f3.<\/p>\n\n\n\n<p>Dice que Quito tiene quince a\u00f1os sin tener un alcalde con capital pol\u00edtico propio; 22.000 funcionarios y un presupuesto que deja poco para la inversi\u00f3n, ese es el problema de la capital.<\/p>\n","protected":false},"excerpt":{"rendered":"<p>Eduardo del Pozo, concejal de Quito, se\u00f1ala que la ciudad ha crecido de manera desorganizada. \u00abEl barrio La Gasca est\u00e1 tapando la quebrada del Tejado. El 60 % de la ciudad est\u00e1n en la informalidad, no tienen permisos municipales\u00bb. \u00abExisten los planes en la Alcald\u00eda. El problema es qui\u00e9n y c\u00f3mo se implementan. Es necesario que la institucionalidad funcione. Esta es una cat\u00e1strofe natural\u00bb, dijo. Wilson Merino Rivadeneira, activista social, dice que en Quito hay falta de prevenci\u00f3n, falta de liderazgo, falta de planificaci\u00f3n. \u00abNo hay mantenimiento, no se asigna el presupuesto de manera efectiva y t\u00e9cnica\u00bb. \u00abLos actores que est\u00e1n en el poder tienen que responsabilizarse. Qu\u00e9 cree de un Alcalde que llega en terno y con paraguas al lugar de la tragedia. Falta liderazgo y legitimidad\u00bb, se\u00f1al\u00f3. Dice que Quito tiene quince a\u00f1os sin tener un alcalde con capital pol\u00edtico propio; 22.000 funcionarios y un presupuesto que deja poco para la inversi\u00f3n, ese es el problema de la capital.<\/p>\n","protected":false},"author":1,"featured_media":2625,"comment_status":"open","ping_status":"open","sticky":false,"template":"","format":"standard","meta":{"footnotes":""},"categories":[268],"tags":[],"class_list":["post-2624","post","type-post","status-publish","format-standard","has-post-thumbnail","hentry","category-nacionales"],"_links":{"self":[{"href":"https:\/\/www.elamazonico.com\/portal\/wp-json\/wp\/v2\/posts\/2624","targetHints":{"allow":["GET"]}}],"collection":[{"href":"https:\/\/www.elamazonico.com\/portal\/wp-json\/wp\/v2\/posts"}],"about":[{"href":"https:\/\/www.elamazonico.com\/portal\/wp-json\/wp\/v2\/types\/post"}],"author":[{"embeddable":true,"href":"https:\/\/www.elamazonico.com\/portal\/wp-json\/wp\/v2\/users\/1"}],"replies":[{"embeddable":true,"href":"https:\/\/www.elamazonico.com\/portal\/wp-json\/wp\/v2\/comments?post=2624"}],"version-history":[{"count":1,"href":"https:\/\/www.elamazonico.com\/portal\/wp-json\/wp\/v2\/posts\/2624\/revisions"}],"predecessor-version":[{"id":2626,"href":"https:\/\/www.elamazonico.com\/portal\/wp-json\/wp\/v2\/posts\/2624\/revisions\/2626"}],"wp:featuredmedia":[{"embeddable":true,"href":"https:\/\/www.elamazonico.com\/portal\/wp-json\/wp\/v2\/media\/2625"}],"wp:attachment":[{"href":"https:\/\/www.elamazonico.com\/portal\/wp-json\/wp\/v2\/media?parent=2624"}],"wp:term":[{"taxonomy":"category","embeddable":true,"href":"https:\/\/www.elamazonico.com\/portal\/wp-json\/wp\/v2\/categories?post=2624"},{"taxonomy":"post_tag","embeddable":true,"href":"https:\/\/www.elamazonico.com\/portal\/wp-json\/wp\/v2\/tags?post=2624"}],"curies":[{"name":"wp","href":"https:\/\/api.w.org\/{rel}","templated":true}]}}