{"id":26226,"date":"2025-09-10T09:55:45","date_gmt":"2025-09-10T14:55:45","guid":{"rendered":"https:\/\/www.elamazonico.com\/portal\/?p=26226"},"modified":"2025-09-10T09:55:45","modified_gmt":"2025-09-10T14:55:45","slug":"convenio-interinstitucional-fortalece-la-infraestructura-educativa-en-la-comunidad-esperanza-parroquia-tutupali","status":"publish","type":"post","link":"https:\/\/www.elamazonico.com\/portal\/convenio-interinstitucional-fortalece-la-infraestructura-educativa-en-la-comunidad-esperanza-parroquia-tutupali\/","title":{"rendered":"Convenio interinstitucional fortalece la infraestructura educativa en la comunidad Esperanza, parroquia Tutupali"},"content":{"rendered":"<p>En la comunidad Esperanza de Ortega, parroquia Tutupali, se inaugur\u00f3 oficialmente la cubierta de la cancha del CECIB Inca \u00d1an, proyecto que marca un hito en el fortalecimiento de la infraestructura educativa del cant\u00f3n Yacuambi.<\/p>\n<p>La obra se enmarca en el Convenio Espec\u00edfico de Cooperaci\u00f3n Interinstitucional suscrito entre el Gobierno Aut\u00f3nomo Descentralizado Municipal de Yacuambi y la Coordinaci\u00f3n Zonal de Educaci\u00f3n, Zona 7, cuyo prop\u00f3sito es establecer v\u00ednculos de coordinaci\u00f3n y participaci\u00f3n entre ambas instituciones para la ejecuci\u00f3n de proyectos en beneficio del sector educativo.<\/p>\n<p>Con una inversi\u00f3n de <strong>85.000 d\u00f3lares m\u00e1s IVA<\/strong>, esta infraestructura beneficia directamente a 26 estudiantes de la instituci\u00f3n, que actualmente oferta desde el nivel Inicial hasta S\u00e9ptimo A\u00f1o de Educaci\u00f3n General B\u00e1sica, y que este a\u00f1o lectivo ampl\u00eda su cobertura con la apertura del Octavo A\u00f1o de EGB.<\/p>\n<p><strong>Sisa Sarango, directivo de la unidad educativa, expres\u00f3 con emoci\u00f3n:<\/strong><br \/>\n<em>\u201cGracias a las autoridades que han hecho posible este sue\u00f1o anhelado durante muchos a\u00f1os. Este a\u00f1o lectivo inauguramos esta cancha cubierta e iniciamos con la apertura del Octavo A\u00f1o de Educaci\u00f3n B\u00e1sica\u201d<\/em>.<\/p>\n<p>Este logro ha sido posible gracias a la <strong>gesti\u00f3n del director distrital, Medardo Ortega<\/strong>, quien junto a las autoridades locales y funcionarios administrativos contin\u00faa trabajando e impulsando acciones que consolidan a la educaci\u00f3n como pilar fundamental para el desarrollo de los ni\u00f1os, ni\u00f1as y adolescentes.<\/p>\n<p>Por otra parte, Luis Seas, alcalde de Yacuambi, destac\u00f3 la rapidez y firmeza en la gesti\u00f3n de los acuerdos: <em>\u201cEn un tiempo r\u00e9cord logramos que se firmen los convenios. Hab\u00eda incertidumbre entre el Ministerio y la Alcald\u00eda, porque si estos proyectos no se firmaban en el 2024, lamentablemente quedaban desplegados. Si un recurso no se utiliza, significa que no se necesita\u201d<\/em>, se\u00f1al\u00f3.<\/p>\n<p>En este marco, cabe mencionar que en el a\u00f1o 2024 el Distrito 19D01 Yacuambi Zamora Educaci\u00f3n y la Alcald\u00eda de Yacuambi firmaron cinco convenios, de los cuales un 80% ya han sido ejecutados y entregados a las comunidades, reflejando un compromiso sostenido con el desarrollo educativo.<\/p>\n<p>Ortega, director distrital de Educaci\u00f3n, resalt\u00f3 la importancia de trabajar conjuntamente:<br \/>\n<em>\u201cAgradecemos al se\u00f1or alcalde de Yacuambi por poner los ojos en la educaci\u00f3n, ya que es un paso muy importante para el desarrollo de los pueblos\u201d<\/em>.<\/p>\n<p>Con este tipo de proyectos, el cant\u00f3n Yacuambi y el Ministerio de Educaci\u00f3n reafirman su compromiso con la educaci\u00f3n rural, brindando mejores condiciones para el aprendizaje y asegurando espacios dignos para la formaci\u00f3n integral de los educandos.<\/p>\n","protected":false},"excerpt":{"rendered":"<p>En la comunidad Esperanza de Ortega, parroquia Tutupali, se inaugur\u00f3 oficialmente la cubierta de la cancha del CECIB Inca \u00d1an, proyecto que marca un hito en el fortalecimiento de la infraestructura educativa del cant\u00f3n Yacuambi. La obra se enmarca en el Convenio Espec\u00edfico de Cooperaci\u00f3n Interinstitucional suscrito entre el Gobierno Aut\u00f3nomo Descentralizado Municipal de Yacuambi y la Coordinaci\u00f3n Zonal de Educaci\u00f3n, Zona 7, cuyo prop\u00f3sito es establecer v\u00ednculos de coordinaci\u00f3n y participaci\u00f3n entre ambas instituciones para la ejecuci\u00f3n de proyectos en beneficio del sector educativo. Con una inversi\u00f3n de 85.000 d\u00f3lares m\u00e1s IVA, esta infraestructura beneficia directamente a 26 estudiantes de la instituci\u00f3n, que actualmente oferta desde el nivel Inicial hasta S\u00e9ptimo A\u00f1o de Educaci\u00f3n General B\u00e1sica, y que este a\u00f1o lectivo ampl\u00eda su cobertura con la apertura del Octavo A\u00f1o de EGB. Sisa Sarango, directivo de la unidad educativa, expres\u00f3 con emoci\u00f3n: \u201cGracias a las autoridades que han hecho posible este sue\u00f1o anhelado durante muchos a\u00f1os. Este a\u00f1o lectivo inauguramos esta cancha cubierta e iniciamos con la apertura del Octavo A\u00f1o de Educaci\u00f3n B\u00e1sica\u201d. Este logro ha sido posible gracias a la gesti\u00f3n del director distrital, Medardo Ortega, quien junto a las autoridades locales y funcionarios administrativos contin\u00faa trabajando e impulsando acciones que consolidan a la educaci\u00f3n como pilar fundamental para el desarrollo de los ni\u00f1os, ni\u00f1as y adolescentes. Por otra parte, Luis Seas, alcalde de Yacuambi, destac\u00f3 la rapidez y firmeza en la gesti\u00f3n de los acuerdos: \u201cEn un tiempo r\u00e9cord logramos que se firmen los convenios. Hab\u00eda incertidumbre entre el Ministerio y la Alcald\u00eda, porque si estos proyectos no se firmaban en el 2024, lamentablemente quedaban desplegados. Si un recurso no se utiliza, significa que no se necesita\u201d, se\u00f1al\u00f3. En este marco, cabe mencionar que en el a\u00f1o 2024 el Distrito 19D01 Yacuambi Zamora Educaci\u00f3n y la Alcald\u00eda de Yacuambi firmaron cinco convenios, de los cuales un 80% ya han sido ejecutados y entregados a las comunidades, reflejando un compromiso sostenido con el desarrollo educativo. Ortega, director distrital de Educaci\u00f3n, resalt\u00f3 la importancia de trabajar conjuntamente: \u201cAgradecemos al se\u00f1or alcalde de Yacuambi por poner los ojos en la educaci\u00f3n, ya que es un paso muy importante para el desarrollo de los pueblos\u201d. Con este tipo de proyectos, el cant\u00f3n Yacuambi y el Ministerio de Educaci\u00f3n reafirman su compromiso con la educaci\u00f3n rural, brindando mejores condiciones para el aprendizaje y asegurando espacios dignos para la formaci\u00f3n integral de los educandos.<\/p>\n","protected":false},"author":1,"featured_media":26227,"comment_status":"closed","ping_status":"closed","sticky":false,"template":"","format":"standard","meta":{"footnotes":""},"categories":[243],"tags":[],"class_list":["post-26226","post","type-post","status-publish","format-standard","has-post-thumbnail","hentry","category-noticias-zamora"],"_links":{"self":[{"href":"https:\/\/www.elamazonico.com\/portal\/wp-json\/wp\/v2\/posts\/26226","targetHints":{"allow":["GET"]}}],"collection":[{"href":"https:\/\/www.elamazonico.com\/portal\/wp-json\/wp\/v2\/posts"}],"about":[{"href":"https:\/\/www.elamazonico.com\/portal\/wp-json\/wp\/v2\/types\/post"}],"author":[{"embeddable":true,"href":"https:\/\/www.elamazonico.com\/portal\/wp-json\/wp\/v2\/users\/1"}],"replies":[{"embeddable":true,"href":"https:\/\/www.elamazonico.com\/portal\/wp-json\/wp\/v2\/comments?post=26226"}],"version-history":[{"count":1,"href":"https:\/\/www.elamazonico.com\/portal\/wp-json\/wp\/v2\/posts\/26226\/revisions"}],"predecessor-version":[{"id":26228,"href":"https:\/\/www.elamazonico.com\/portal\/wp-json\/wp\/v2\/posts\/26226\/revisions\/26228"}],"wp:featuredmedia":[{"embeddable":true,"href":"https:\/\/www.elamazonico.com\/portal\/wp-json\/wp\/v2\/media\/26227"}],"wp:attachment":[{"href":"https:\/\/www.elamazonico.com\/portal\/wp-json\/wp\/v2\/media?parent=26226"}],"wp:term":[{"taxonomy":"category","embeddable":true,"href":"https:\/\/www.elamazonico.com\/portal\/wp-json\/wp\/v2\/categories?post=26226"},{"taxonomy":"post_tag","embeddable":true,"href":"https:\/\/www.elamazonico.com\/portal\/wp-json\/wp\/v2\/tags?post=26226"}],"curies":[{"name":"wp","href":"https:\/\/api.w.org\/{rel}","templated":true}]}}