{"id":26214,"date":"2025-09-09T21:33:51","date_gmt":"2025-09-10T02:33:51","guid":{"rendered":"https:\/\/www.elamazonico.com\/portal\/?p=26214"},"modified":"2025-09-09T21:33:51","modified_gmt":"2025-09-10T02:33:51","slug":"hija-de-jose-serrano-senala-a-daniel-noboa-por-arresto-del-exministro-en-ee-uu","status":"publish","type":"post","link":"https:\/\/www.elamazonico.com\/portal\/hija-de-jose-serrano-senala-a-daniel-noboa-por-arresto-del-exministro-en-ee-uu\/","title":{"rendered":"Hija de Jos\u00e9 Serrano se\u00f1ala a Daniel Noboa por arresto del exministro en EE.UU."},"content":{"rendered":"<div class=\"paragraph texto\">\n<p class=\"p_0\"><b>Ver\u00f3nica Serrano, hija del exministro corre\u00edsta\u00a0<a href=\"https:\/\/www.vistazo.com\/busquedas\/-\/search\/jos%C3%A9%20serrano\/false\/false\/19830909\/20250909\/date\/true\/true\/0\/0\/meta\/0\/0\/0\/1\">Jos\u00e9 Serrano<\/a>, imputado como uno de los supuestos autores intelectuales del asesinato del candidato presidencial Fernando Villavicencio, se\u00f1al\u00f3 que el Estado ecuatoriano presuntamente intervino en la detenci\u00f3n de su padre en Estados Unidos, donde tiene en marcha una solicitud de asilo pol\u00edtico.<\/b><\/p>\n<p class=\"p_2\">\u00abMi padre tiene un proceso de\u00a0<b>asilo en curso<\/b>, no se le ha denegado (&#8230;) la detenci\u00f3n no corresponde al tema de ser solicitante de asilo pol\u00edtico, aqu\u00ed hay un tema de<b>\u00a0intervenci\u00f3n de Ecuador<\/b>, lo que evidencia la\u00a0<b>persecuci\u00f3n pol\u00edtica<\/b>\u00a0de la que es v\u00edctima\u00bb, asever\u00f3 este martes en una entrevista por videoconferencia con EFE.<\/p>\n<\/div>\n<div class=\"Citavistazo\">\u00abSorprende que, hace un a\u00f1o, en una entrevista con The New Yorker, (Daniel) Noboa dijo que hab\u00eda solicitado la detenci\u00f3n de mi padre y que EE.UU. no cedi\u00f3\u00bb, apunt\u00f3.<\/div>\n<div class=\"paragraph texto\">\n<p class=\"p_3\">Jos\u00e9 Serrano ocup\u00f3 varios cargos relevantes durante el mandato de Rafael Correa (2007-2017), entre ellos, el de\u00a0<b>ministro de Justicia y del Interior<\/b>. El pasado 7 de agosto fue\u00a0<b>retenido por el Servicio de Inmigraci\u00f3n y Control de Aduanas estadounidense<\/b>\u00a0(ICE, por sus siglas en ingl\u00e9s) en Miami, donde reside desde 2021.<\/p>\n<div class=\"Center2Display\">\n<div id=\"Center2\">Mientras, en Ecuador, el exministro fue imputado por la Fiscal\u00eda por la <b>presunta autor\u00eda intelectual del asesinato de Villavicencio, ocurrido en agosto del 2023,\u00a0<\/b>junto al exasamble\u00edsta corre\u00edsta\u00a0<b>Ronny Aleaga, Xavier Jord\u00e1n y Daniel Salcedo,<\/b>\u00a0procesado y condenado, respectivamente, por diversos casos de corrupci\u00f3n.<\/div>\n<\/div>\n<\/div>\n<div class=\"multimediaMacroWrapper img lateral\">\n<figure class=\"contentMedia art-img\">\n<div><img fetchpriority=\"high\" decoding=\"async\" class=\" lazyloaded\" title=\"Fotograf\u00eda del excandidato presidencial y otrora legislador, Fernando Villavicencio.\" src=\"https:\/\/www.vistazo.com\/placeholder\/svg\/viewbox\/768x525\" sizes=\"100vw\" srcset=\"\/\/www.vistazo.com\/binrepository\/768x525\/0c0\/0d0\/none\/12727\/BHXK\/2022090927502-uio-fge-villavucencio-a_2408417_20250909195255.jpg 768w,\/\/www.vistazo.com\/binrepository\/640x438\/0c0\/0d0\/none\/12727\/BHXM\/2022090927502-uio-fge-villavucencio-a_2408417_20250909195255.jpg 640w,\/\/www.vistazo.com\/binrepository\/512x350\/0c0\/0d0\/none\/12727\/BHXB\/2022090927502-uio-fge-villavucencio-a_2408417_20250909195255.jpg 512w,\/\/www.vistazo.com\/binrepository\/384x263\/0c0\/0d0\/none\/12727\/BHXJ\/2022090927502-uio-fge-villavucencio-a_2408417_20250909195255.jpg 384w,\/\/www.vistazo.com\/binrepository\/300x205\/0c0\/0d0\/none\/12727\/BHXF\/2022090927502-uio-fge-villavucencio-a_2408417_20250909195255.jpg 300w\" alt=\"$!Fotograf\u00eda del excandidato presidencial y otrora legislador, Fernando Villavicencio.\" width=\"768\" height=\"525\" data-srcset=\"\/\/www.vistazo.com\/binrepository\/768x525\/0c0\/0d0\/none\/12727\/BHXK\/2022090927502-uio-fge-villavucencio-a_2408417_20250909195255.jpg 768w,\/\/www.vistazo.com\/binrepository\/640x438\/0c0\/0d0\/none\/12727\/BHXM\/2022090927502-uio-fge-villavucencio-a_2408417_20250909195255.jpg 640w,\/\/www.vistazo.com\/binrepository\/512x350\/0c0\/0d0\/none\/12727\/BHXB\/2022090927502-uio-fge-villavucencio-a_2408417_20250909195255.jpg 512w,\/\/www.vistazo.com\/binrepository\/384x263\/0c0\/0d0\/none\/12727\/BHXJ\/2022090927502-uio-fge-villavucencio-a_2408417_20250909195255.jpg 384w,\/\/www.vistazo.com\/binrepository\/300x205\/0c0\/0d0\/none\/12727\/BHXF\/2022090927502-uio-fge-villavucencio-a_2408417_20250909195255.jpg 300w\" \/><\/div>\n<div class=\"cutline-byline\"><span class=\"cutline-text\">Fotograf\u00eda del excandidato presidencial y otrora legislador, Fernando Villavicencio.<\/span>\u00a0<span class=\"byline-image\">(Juan Ruiz Condor &#8211; API)<\/span><\/div>\n<\/figure>\n<\/div>\n<div class=\"paragraph texto\">\n<p class=\"p_5\">Seg\u00fan su hija, a Serrano lo detienen el 7 de agosto por<b>\u00a0excederse del tiempo permitido de estar en Estados Unidos<\/b>. No obstante, y como es un solicitante de asilo pol\u00edtico, no incumpli\u00f3 ning\u00fan plazo, seg\u00fan explic\u00f3 ella.<\/p>\n<\/div>\n<h2 class=\"h2vistazo\">Audiencia migratoria este jueves|<\/h2>\n<div class=\"paragraph texto\">\n<p class=\"p_6\">Este jueves 11 de septiembre tendr\u00e1 lugar una\u00a0<b>audiencia migratoria para valorar la situaci\u00f3n del exministro<\/b>, pero su hija asegur\u00f3 que esta cita no resolver\u00e1 si ser\u00e1 deportado a Ecuador porque se trata del inicio del proceso.<\/p>\n<p class=\"p_7\">Afirm\u00f3 que no es una \u00ab<b>audiencia de deportaci\u00f3n\u00bb\u00a0<\/b>sino una \u00abaudiencia regular del proceso\u00bb de solicitante de asilo en el que se encuentra.<\/p>\n<p class=\"p_8\">Durante la audiencia de formulaci\u00f3n de cargos celebrada el pasado 3 de septiembre, la Fiscal\u00eda de Ecuador solicit\u00f3 su\u00a0<b>ingreso en prisi\u00f3n preventiva<\/b>, pero la jueza del caso deneg\u00f3 dicha solicitud y orden\u00f3 (al igual que al empresario Jord\u00e1n, tambi\u00e9n residente en Miami)\u00a0<b>que se presente una vez a la semana en el consulado ecuatoriano de Miami.<\/b><\/p>\n<\/div>\n<div class=\"multimediaMacroWrapper img lateral\">\n<figure class=\"contentMedia art-img\">\n<div><img decoding=\"async\" class=\" lazyloaded\" title=\"Xavier Jord\u00e1n, quien recibi\u00f3 las mismas medidas cautelares que Serrano, acudi\u00f3 al Consulado de Ecuador en Miami este lunes.\" src=\"https:\/\/www.vistazo.com\/placeholder\/svg\/viewbox\/768x1024\" sizes=\"100vw\" srcset=\"\/\/www.vistazo.com\/binrepository\/768x1024\/0c0\/0d0\/none\/12727\/JHAR\/g0vbk66xiaabtlm-1_2408421_20250909195410.jpg 768w,\/\/www.vistazo.com\/binrepository\/640x853\/0c0\/0d0\/none\/12727\/JHAG\/g0vbk66xiaabtlm-1_2408421_20250909195410.jpg 640w,\/\/www.vistazo.com\/binrepository\/512x683\/0c0\/0d0\/none\/12727\/JHAL\/g0vbk66xiaabtlm-1_2408421_20250909195410.jpg 512w,\/\/www.vistazo.com\/binrepository\/384x512\/0c0\/0d0\/none\/12727\/JHAJ\/g0vbk66xiaabtlm-1_2408421_20250909195410.jpg 384w,\/\/www.vistazo.com\/binrepository\/300x400\/0c0\/0d0\/none\/12727\/JHAP\/g0vbk66xiaabtlm-1_2408421_20250909195410.jpg 300w\" alt=\"$!Xavier Jord\u00e1n, quien recibi\u00f3 las mismas medidas cautelares que Serrano, acudi\u00f3 al Consulado de Ecuador en Miami este lunes.\" width=\"768\" height=\"1024\" data-srcset=\"\/\/www.vistazo.com\/binrepository\/768x1024\/0c0\/0d0\/none\/12727\/JHAR\/g0vbk66xiaabtlm-1_2408421_20250909195410.jpg 768w,\/\/www.vistazo.com\/binrepository\/640x853\/0c0\/0d0\/none\/12727\/JHAG\/g0vbk66xiaabtlm-1_2408421_20250909195410.jpg 640w,\/\/www.vistazo.com\/binrepository\/512x683\/0c0\/0d0\/none\/12727\/JHAL\/g0vbk66xiaabtlm-1_2408421_20250909195410.jpg 512w,\/\/www.vistazo.com\/binrepository\/384x512\/0c0\/0d0\/none\/12727\/JHAJ\/g0vbk66xiaabtlm-1_2408421_20250909195410.jpg 384w,\/\/www.vistazo.com\/binrepository\/300x400\/0c0\/0d0\/none\/12727\/JHAP\/g0vbk66xiaabtlm-1_2408421_20250909195410.jpg 300w\" \/><\/div>\n<div class=\"cutline-byline\"><span class=\"cutline-text\">Xavier Jord\u00e1n, quien recibi\u00f3 las mismas medidas cautelares que Serrano, acudi\u00f3 al Consulado de Ecuador en Miami este lunes.<\/span>\u00a0<span class=\"byline-image\">(X)<\/span><\/div>\n<\/figure>\n<\/div>\n<div class=\"paragraph texto\">\n<p class=\"p_9\">La hija de Serrano argument\u00f3 que el exministro trabaj\u00f3 durante a\u00f1os en\u00a0<b>combatir la actividad del crimen organizado<\/b>, que fue condecorado en 2016 por la DEA (Administraci\u00f3n de Control de Drogas de Estados Unidos) por dicho trabajo y que su t\u00edo fue asesinado en 2012 por la banda criminal Los Lobos.<\/p>\n<p class=\"p_10\">Un cabecilla de Los Lobos,\u00a0<b>Carlos Angulo<\/b>\u00a0(alias el Invisible), es tambi\u00e9n uno de los cinco condenados a prisi\u00f3n como autores materiales del<b>\u00a0asesinato de Villavicencio<\/b>.<\/p>\n<\/div>\n<div class=\"Citavistazo\">\u00abDecir que mi padre pudo haber colaborado con los asesinos de mi t\u00edo es inaudito, lo que evidencia que es un caso de persecuci\u00f3n pol\u00edtica (&#8230;) Confiamos en la institucionalidad y justicia de Estados Unidos\u00bb, dijo.<\/div>\n<div class=\"paragraph texto\">\n<p class=\"p_11\">Una vez se arregle su situaci\u00f3n migratoria, su hija asegura que\u00a0<b>el exministro acudir\u00e1 al consulado porque \u00e9l siempre ha estado dispuesto a colaborar con la Justicia<\/b>. \u00abHacemos un llamado a la comunidad internacional y de derechos humanos para que den seguimiento a casos como el de mi padre para que nuestros pa\u00edses de Latinoam\u00e9rica puedan construir democracias verdaderas\u00bb, indic\u00f3.<\/p>\n<\/div>\n<h2 class=\"h2vistazo\">Correa reniega de Serrano<\/h2>\n<div class=\"paragraph texto\">\n<p class=\"p_12\">A pesar de ser uno de los hombres fuertes de Correa, que lleg\u00f3 a felicitarle en 2015 por su labor en materia de seguridad,\u00a0<b>el corre\u00edsmo le recrimina haberse puesto del lado de expresidente Len\u00edn Moreno<\/b>\u00a0(2017-2021) en el momento en que rompi\u00f3 con su predecesor.<\/p>\n<p class=\"p_14\">Este martes, adem\u00e1s, el expresidente Correa public\u00f3 en X que el que fuera su mano derecha<b>\u00a0\u00abes uno de los grandes traidores a la Revoluci\u00f3n Ciudadana\u00bb.<\/b><\/p>\n<p class=\"p_15\">\u00abMi padre es un hombre de principios. No es nuevo que tom\u00f3 distancia de la RC.\u00a0<b>Siempre ha sido cr\u00edtico con lo que no est\u00e1 de acuerdo<\/b>\u00ab, explic\u00f3 Ver\u00f3nica Serrano, quien tambi\u00e9n se\u00f1al\u00f3 que no ten\u00eda informaci\u00f3n sobre si, en todo este tiempo,\u00a0<b>el exmandatario se ha puesto en contacto con su padre.<\/b><\/p>\n<p class=\"p_17\">Respecto a las presuntas casas y coches de lujo que medios locales aseguraron que tiene en Miami, Ver\u00f3nica Serrano respondi\u00f3 que los bienes de las personas son p\u00fablicos para ser consultados y que los\u00a0<b>\u00abtemas faranduleros de im\u00e1genes de lugares sin verificar buscan desviar la atenci\u00f3n de la persecuci\u00f3n pol\u00edtica\u00bb<\/b>. \u00abSabemos que esto es una campa\u00f1a medi\u00e1tica\u00bb, concluy\u00f3. <strong>Fuente: Vistazo<\/strong><\/p>\n<\/div>\n","protected":false},"excerpt":{"rendered":"<p>Ver\u00f3nica Serrano, hija del exministro corre\u00edsta\u00a0Jos\u00e9 Serrano, imputado como uno de los supuestos autores intelectuales del asesinato del candidato presidencial Fernando Villavicencio, se\u00f1al\u00f3 que el Estado ecuatoriano presuntamente intervino en la detenci\u00f3n de su padre en Estados Unidos, donde tiene en marcha una solicitud de asilo pol\u00edtico. \u00abMi padre tiene un proceso de\u00a0asilo en curso, no se le ha denegado (&#8230;) la detenci\u00f3n no corresponde al tema de ser solicitante de asilo pol\u00edtico, aqu\u00ed hay un tema de\u00a0intervenci\u00f3n de Ecuador, lo que evidencia la\u00a0persecuci\u00f3n pol\u00edtica\u00a0de la que es v\u00edctima\u00bb, asever\u00f3 este martes en una entrevista por videoconferencia con EFE. \u00abSorprende que, hace un a\u00f1o, en una entrevista con The New Yorker, (Daniel) Noboa dijo que hab\u00eda solicitado la detenci\u00f3n de mi padre y que EE.UU. no cedi\u00f3\u00bb, apunt\u00f3. Jos\u00e9 Serrano ocup\u00f3 varios cargos relevantes durante el mandato de Rafael Correa (2007-2017), entre ellos, el de\u00a0ministro de Justicia y del Interior. El pasado 7 de agosto fue\u00a0retenido por el Servicio de Inmigraci\u00f3n y Control de Aduanas estadounidense\u00a0(ICE, por sus siglas en ingl\u00e9s) en Miami, donde reside desde 2021. Mientras, en Ecuador, el exministro fue imputado por la Fiscal\u00eda por la presunta autor\u00eda intelectual del asesinato de Villavicencio, ocurrido en agosto del 2023,\u00a0junto al exasamble\u00edsta corre\u00edsta\u00a0Ronny Aleaga, Xavier Jord\u00e1n y Daniel Salcedo,\u00a0procesado y condenado, respectivamente, por diversos casos de corrupci\u00f3n. Fotograf\u00eda del excandidato presidencial y otrora legislador, Fernando Villavicencio.\u00a0(Juan Ruiz Condor &#8211; API) Seg\u00fan su hija, a Serrano lo detienen el 7 de agosto por\u00a0excederse del tiempo permitido de estar en Estados Unidos. No obstante, y como es un solicitante de asilo pol\u00edtico, no incumpli\u00f3 ning\u00fan plazo, seg\u00fan explic\u00f3 ella. Audiencia migratoria este jueves| Este jueves 11 de septiembre tendr\u00e1 lugar una\u00a0audiencia migratoria para valorar la situaci\u00f3n del exministro, pero su hija asegur\u00f3 que esta cita no resolver\u00e1 si ser\u00e1 deportado a Ecuador porque se trata del inicio del proceso. Afirm\u00f3 que no es una \u00abaudiencia de deportaci\u00f3n\u00bb\u00a0sino una \u00abaudiencia regular del proceso\u00bb de solicitante de asilo en el que se encuentra. Durante la audiencia de formulaci\u00f3n de cargos celebrada el pasado 3 de septiembre, la Fiscal\u00eda de Ecuador solicit\u00f3 su\u00a0ingreso en prisi\u00f3n preventiva, pero la jueza del caso deneg\u00f3 dicha solicitud y orden\u00f3 (al igual que al empresario Jord\u00e1n, tambi\u00e9n residente en Miami)\u00a0que se presente una vez a la semana en el consulado ecuatoriano de Miami. Xavier Jord\u00e1n, quien recibi\u00f3 las mismas medidas cautelares que Serrano, acudi\u00f3 al Consulado de Ecuador en Miami este lunes.\u00a0(X) La hija de Serrano argument\u00f3 que el exministro trabaj\u00f3 durante a\u00f1os en\u00a0combatir la actividad del crimen organizado, que fue condecorado en 2016 por la DEA (Administraci\u00f3n de Control de Drogas de Estados Unidos) por dicho trabajo y que su t\u00edo fue asesinado en 2012 por la banda criminal Los Lobos. Un cabecilla de Los Lobos,\u00a0Carlos Angulo\u00a0(alias el Invisible), es tambi\u00e9n uno de los cinco condenados a prisi\u00f3n como autores materiales del\u00a0asesinato de Villavicencio. \u00abDecir que mi padre pudo haber colaborado con los asesinos de mi t\u00edo es inaudito, lo que evidencia que es un caso de persecuci\u00f3n pol\u00edtica (&#8230;) Confiamos en la institucionalidad y justicia de Estados Unidos\u00bb, dijo. Una vez se arregle su situaci\u00f3n migratoria, su hija asegura que\u00a0el exministro acudir\u00e1 al consulado porque \u00e9l siempre ha estado dispuesto a colaborar con la Justicia. \u00abHacemos un llamado a la comunidad internacional y de derechos humanos para que den seguimiento a casos como el de mi padre para que nuestros pa\u00edses de Latinoam\u00e9rica puedan construir democracias verdaderas\u00bb, indic\u00f3. Correa reniega de Serrano A pesar de ser uno de los hombres fuertes de Correa, que lleg\u00f3 a felicitarle en 2015 por su labor en materia de seguridad,\u00a0el corre\u00edsmo le recrimina haberse puesto del lado de expresidente Len\u00edn Moreno\u00a0(2017-2021) en el momento en que rompi\u00f3 con su predecesor. Este martes, adem\u00e1s, el expresidente Correa public\u00f3 en X que el que fuera su mano derecha\u00a0\u00abes uno de los grandes traidores a la Revoluci\u00f3n Ciudadana\u00bb. \u00abMi padre es un hombre de principios. No es nuevo que tom\u00f3 distancia de la RC.\u00a0Siempre ha sido cr\u00edtico con lo que no est\u00e1 de acuerdo\u00ab, explic\u00f3 Ver\u00f3nica Serrano, quien tambi\u00e9n se\u00f1al\u00f3 que no ten\u00eda informaci\u00f3n sobre si, en todo este tiempo,\u00a0el exmandatario se ha puesto en contacto con su padre. Respecto a las presuntas casas y coches de lujo que medios locales aseguraron que tiene en Miami, Ver\u00f3nica Serrano respondi\u00f3 que los bienes de las personas son p\u00fablicos para ser consultados y que los\u00a0\u00abtemas faranduleros de im\u00e1genes de lugares sin verificar buscan desviar la atenci\u00f3n de la persecuci\u00f3n pol\u00edtica\u00bb. \u00abSabemos que esto es una campa\u00f1a medi\u00e1tica\u00bb, concluy\u00f3. Fuente: Vistazo<\/p>\n","protected":false},"author":1,"featured_media":26215,"comment_status":"closed","ping_status":"closed","sticky":false,"template":"","format":"standard","meta":{"footnotes":""},"categories":[268],"tags":[],"class_list":["post-26214","post","type-post","status-publish","format-standard","has-post-thumbnail","hentry","category-nacionales"],"_links":{"self":[{"href":"https:\/\/www.elamazonico.com\/portal\/wp-json\/wp\/v2\/posts\/26214","targetHints":{"allow":["GET"]}}],"collection":[{"href":"https:\/\/www.elamazonico.com\/portal\/wp-json\/wp\/v2\/posts"}],"about":[{"href":"https:\/\/www.elamazonico.com\/portal\/wp-json\/wp\/v2\/types\/post"}],"author":[{"embeddable":true,"href":"https:\/\/www.elamazonico.com\/portal\/wp-json\/wp\/v2\/users\/1"}],"replies":[{"embeddable":true,"href":"https:\/\/www.elamazonico.com\/portal\/wp-json\/wp\/v2\/comments?post=26214"}],"version-history":[{"count":1,"href":"https:\/\/www.elamazonico.com\/portal\/wp-json\/wp\/v2\/posts\/26214\/revisions"}],"predecessor-version":[{"id":26216,"href":"https:\/\/www.elamazonico.com\/portal\/wp-json\/wp\/v2\/posts\/26214\/revisions\/26216"}],"wp:featuredmedia":[{"embeddable":true,"href":"https:\/\/www.elamazonico.com\/portal\/wp-json\/wp\/v2\/media\/26215"}],"wp:attachment":[{"href":"https:\/\/www.elamazonico.com\/portal\/wp-json\/wp\/v2\/media?parent=26214"}],"wp:term":[{"taxonomy":"category","embeddable":true,"href":"https:\/\/www.elamazonico.com\/portal\/wp-json\/wp\/v2\/categories?post=26214"},{"taxonomy":"post_tag","embeddable":true,"href":"https:\/\/www.elamazonico.com\/portal\/wp-json\/wp\/v2\/tags?post=26214"}],"curies":[{"name":"wp","href":"https:\/\/api.w.org\/{rel}","templated":true}]}}