{"id":26210,"date":"2025-09-09T21:27:23","date_gmt":"2025-09-10T02:27:23","guid":{"rendered":"https:\/\/www.elamazonico.com\/portal\/?p=26210"},"modified":"2025-09-09T21:27:23","modified_gmt":"2025-09-10T02:27:23","slug":"noboa-envia-a-la-corte-constitucional-nuevo-bloque-de-preguntas-para-consulta-popular-y-referendum","status":"publish","type":"post","link":"https:\/\/www.elamazonico.com\/portal\/noboa-envia-a-la-corte-constitucional-nuevo-bloque-de-preguntas-para-consulta-popular-y-referendum\/","title":{"rendered":"Noboa env\u00eda a la Corte Constitucional nuevo bloque de preguntas para consulta popular y refer\u00e9ndum"},"content":{"rendered":"<div class=\"paragraph texto\">\n<p class=\"p_0\"><b>El presidente de Ecuador,\u00a0<a href=\"https:\/\/www.vistazo.com\/cronologia\/-\/meta\/daniel-noboa\">Daniel Noboa<\/a>, envi\u00f3 este martes un segundo bloque de preguntas a la Corte Constitucional (CC) para el refer\u00e9ndum y la consulta popular previstos a llevarse a cabo el 30 de noviembre de este a\u00f1o.<\/b><\/p>\n<\/div>\n<div class=\"paragraph texto\">\n<p class=\"p_2\">El nuevo paquete de propuestas de enmienda constitucional presentado por el mandatario aborda aspectos como el registro de personas con\u00a0<b>sentencias condenatorias ejecutoriadas por violaci\u00f3n a menores<\/b>, los requisitos para que el m\u00e1ximo tribunal declare la\u00a0<b>inconstitucionalidad\u00a0<\/b>de leyes impulsadas por la Presidencia, y la\u00a0<b>eliminaci\u00f3n\u00a0<\/b>de la facultad del Consejo de Participaci\u00f3n Ciudadana y Control Social (CPCCS) para\u00a0<b>designar autoridades.<\/b><\/p>\n<p class=\"p_3\">La CC ya hab\u00eda rechazado la semana pasada\u00a0<b>tres de las siete preguntas enviadas inicialmente por el Gobierno<\/b>\u00a0que buscaban permitir el\u00a0<b>enjuiciamiento pol\u00edtico<\/b>\u00a0de los magistrados de ese tribunal,\u00a0<b>eliminar el CPCCS<\/b>\u00a0y\u00a0<b>reabrir los casinos y salas de juego en hoteles de cinco estrellas<\/b>, con la condici\u00f3n de que destinen un 25 % de sus ingresos a programas contra la desnutrici\u00f3n cr\u00f3nica infantil.<\/p>\n<div class=\"Center2Display\">\n<div id=\"Center2\">La portavoz del Ejecutivo, <b>Carolina Jaramillo<\/b>, indic\u00f3 este lunes en la rueda de prensa semanal que otorga desde el Palacio de Carondelet, en Quito, que\u00a0<b>la Secretar\u00eda Jur\u00eddica de la Presidencia iba a replantear los temas \u00abpara encontrar la mejor v\u00eda de llegar a la consulta popular\u00bb<\/b>, sin adelantar que nuevas propuestas iban a ser incorporadas en el nuevo bloque.<\/div>\n<\/div>\n<\/div>\n<div class=\"paragraph texto\">\n<p class=\"p_6\">Ese d\u00eda,\u00a0<b>Noboa expres\u00f3 su postura con respecto a la \u00faltima decisi\u00f3n de la CC<\/b>, mientras encabezada un acto oficial en el cant\u00f3n Daule, en la provincia de Guayas.<\/p>\n<\/div>\n<div class=\"Citavistazo\">\u00abLa consulta popular es clave, en ella decidiremos si seguimos anclados al pasado o avanzamos hacia un mejor futuro\u00bb, declar\u00f3 el presidente.<\/div>\n<div class=\"multimediaMacroWrapper img lateral\">\n<figure class=\"contentMedia art-img\">\n<div><img fetchpriority=\"high\" decoding=\"async\" class=\" lazyloaded\" title=\"La portavoz del presidente de Ecuador, Carolina Jaramillo, habla durante una rueda de prensa este lunes, en el Palacio de Gobierno en Quito.\" src=\"https:\/\/www.vistazo.com\/placeholder\/svg\/viewbox\/768x512\" sizes=\"100vw\" srcset=\"\/\/www.vistazo.com\/binrepository\/768x512\/0c0\/0d0\/none\/12727\/DYGO\/d1dcc969648795329b49d0fd9a9f0d49ac143_2408169_20250909182608.jpg 768w,\/\/www.vistazo.com\/binrepository\/640x427\/0c0\/0d0\/none\/12727\/DYGC\/d1dcc969648795329b49d0fd9a9f0d49ac143_2408169_20250909182608.jpg 640w,\/\/www.vistazo.com\/binrepository\/512x341\/0c0\/0d0\/none\/12727\/DYGB\/d1dcc969648795329b49d0fd9a9f0d49ac143_2408169_20250909182608.jpg 512w,\/\/www.vistazo.com\/binrepository\/384x256\/0c0\/0d0\/none\/12727\/DYGP\/d1dcc969648795329b49d0fd9a9f0d49ac143_2408169_20250909182608.jpg 384w,\/\/www.vistazo.com\/binrepository\/300x200\/0c0\/0d0\/none\/12727\/DYGA\/d1dcc969648795329b49d0fd9a9f0d49ac143_2408169_20250909182608.jpg 300w\" alt=\"$!La portavoz del presidente de Ecuador, Carolina Jaramillo, habla durante una rueda de prensa este lunes, en el Palacio de Gobierno en Quito.\" width=\"768\" height=\"512\" data-srcset=\"\/\/www.vistazo.com\/binrepository\/768x512\/0c0\/0d0\/none\/12727\/DYGO\/d1dcc969648795329b49d0fd9a9f0d49ac143_2408169_20250909182608.jpg 768w,\/\/www.vistazo.com\/binrepository\/640x427\/0c0\/0d0\/none\/12727\/DYGC\/d1dcc969648795329b49d0fd9a9f0d49ac143_2408169_20250909182608.jpg 640w,\/\/www.vistazo.com\/binrepository\/512x341\/0c0\/0d0\/none\/12727\/DYGB\/d1dcc969648795329b49d0fd9a9f0d49ac143_2408169_20250909182608.jpg 512w,\/\/www.vistazo.com\/binrepository\/384x256\/0c0\/0d0\/none\/12727\/DYGP\/d1dcc969648795329b49d0fd9a9f0d49ac143_2408169_20250909182608.jpg 384w,\/\/www.vistazo.com\/binrepository\/300x200\/0c0\/0d0\/none\/12727\/DYGA\/d1dcc969648795329b49d0fd9a9f0d49ac143_2408169_20250909182608.jpg 300w\" \/><\/div>\n<div class=\"cutline-byline\"><span class=\"cutline-text\">La portavoz del presidente de Ecuador, Carolina Jaramillo, habla durante una rueda de prensa este lunes, en el Palacio de Gobierno en Quito.<\/span>\u00a0<span class=\"byline-image\">(Presidencia de Ecuador \/ EFE)<\/span><\/div>\n<\/figure>\n<\/div>\n<h2 class=\"h2vistazo\">El segundo conjunto de preguntas<\/h2>\n<ul>\n<li class=\"bulletvistazo\">\u00bfEst\u00e1 usted de acuerdo con crear un registro con aquellas personas con sentencia condenatoria ejecutoriada por el delito sexual de violaci\u00f3n contra ni\u00f1as, ni\u00f1os y adolescentes; con la finalidad exclusiva de prevenir su participaci\u00f3n en actividades que los vinculen con ni\u00f1as, ni\u00f1os y adolescentes, enmendando la Constituci\u00f3n conforme el anexo de la pregunta?<\/li>\n<li class=\"bulletvistazo\">\u00bfEst\u00e1 usted de acuerdo con que la Corte Constitucional solo pueda declarar la inconstitucionalidad de leyes presentadas por el Presidente de la Rep\u00fablica, decretos de estado de excepci\u00f3n o propuestas de consulta popular de iniciativa presidencial, cuando al menos seis de sus nueve jueces est\u00e9n de acuerdo, enmendando la Constituci\u00f3n conforme el anexo de la pregunta?<\/li>\n<li class=\"bulletvistazo\">\u00bfEst\u00e1 usted de acuerdo con juzgar y sancionar a las personas que cometen delitos de extorsi\u00f3n, robo y receptaci\u00f3n, mediante procedimientos especiales y expeditos, enmendando la Constituci\u00f3n conforme el anexo de la pregunta?<\/li>\n<li class=\"bulletvistazo\">\u00bfEst\u00e1 usted de acuerdo con eliminar la facultad de designar autoridades que tiene el CPCCS e implementar procesos p\u00fablicos que garanticen la participaci\u00f3n ciudadana, meritocracia y escrutinio p\u00fablico, de modo que sea la Asamblea Nacional la que designe a trav\u00e9s de estos procesos a las autoridades que actualmente elige el CPCCS enmendando la Constituci\u00f3n de acuerdo con el anexo de la pregunta?<\/li>\n<li class=\"bulletvistazo\">\u00bfEst\u00e1 usted de acuerdo con permitir el funcionamiento de salas de juego y casinos dedicados a juegos de azar en hoteles categorizados con cinco estrellas, conforme la Asamblea Nacional lo regule mediante ley, seg\u00fan el anexo de la pregunta?<\/li>\n<li class=\"bulletvistazo\">\u00bfEst\u00e1 usted de acuerdo con que se reforme la ley para prohibir que se use el nombre, imagen, voz o apoyo en cualquier forma y\/o medio, de personas con sentencia ejecutoriada por delitos contra la administraci\u00f3n p\u00fablica (como peculado, cohecho, concusi\u00f3n, enriquecimiento ilicito), conforme el anexo de la pregunta?<\/li>\n<li class=\"bulletvistazo\">\u00bfEst\u00e1 usted de acuerdo con que se expida una nueva ley org\u00e1nica de garant\u00edas jurisdiccionales y control constitucional, que incluya la organizaci\u00f3n, funcionamiento y los procedimientos para el cumplimiento de las atribuciones de la Corte Constitucional, conforme el anexo de la pregunta?<\/li>\n<\/ul>\n<h2 class=\"h2vistazo\">\u00bfQu\u00e9 ha sido aprobado por la Corte?<\/h2>\n<div class=\"paragraph texto\">\n<p class=\"p_7\">La Corte Constitucional dio luz verde la semana pasada a dos nuevas preguntas que formar\u00e1n parte del refer\u00e9ndum propuesto, con las que se consultar\u00e1 a la ciudadan\u00eda si aprueba la\u00a0<b>implementaci\u00f3n del trabajo por horas en el sector tur\u00edstico\u00a0<\/b>y la<b>\u00a0reducci\u00f3n del n\u00famero de legisladores en la Asamblea Nacional.<\/b><\/p>\n<p class=\"p_8\">Estas iniciativas se a\u00f1aden a una ya autorizada por el m\u00e1ximo tribunal a comienzos de agosto, que plantea permitir nuevamente<b>\u00a0la presencia de bases militares extranjeras en territorio ecuatoriano<\/b>, como la que Estados Unidos mantuvo en Manta hasta su retiro en 2009.<\/p>\n<p class=\"p_10\">En este contexto, el pasado jueves, el secretario de Estado de EE.UU., Marco Rubio, afirm\u00f3 durante una visita a Quito que el gobierno de Donald Trump estar\u00eda dispuesto a\u00a0<b>considerar el restablecimiento de una base militar en Ecuador<\/b>, siempre y cuando la propuesta reciba el respaldo popular en el refer\u00e9ndum. <strong>Fuente: Vistazo<\/strong><\/p>\n<\/div>\n","protected":false},"excerpt":{"rendered":"<p>El presidente de Ecuador,\u00a0Daniel Noboa, envi\u00f3 este martes un segundo bloque de preguntas a la Corte Constitucional (CC) para el refer\u00e9ndum y la consulta popular previstos a llevarse a cabo el 30 de noviembre de este a\u00f1o. El nuevo paquete de propuestas de enmienda constitucional presentado por el mandatario aborda aspectos como el registro de personas con\u00a0sentencias condenatorias ejecutoriadas por violaci\u00f3n a menores, los requisitos para que el m\u00e1ximo tribunal declare la\u00a0inconstitucionalidad\u00a0de leyes impulsadas por la Presidencia, y la\u00a0eliminaci\u00f3n\u00a0de la facultad del Consejo de Participaci\u00f3n Ciudadana y Control Social (CPCCS) para\u00a0designar autoridades. La CC ya hab\u00eda rechazado la semana pasada\u00a0tres de las siete preguntas enviadas inicialmente por el Gobierno\u00a0que buscaban permitir el\u00a0enjuiciamiento pol\u00edtico\u00a0de los magistrados de ese tribunal,\u00a0eliminar el CPCCS\u00a0y\u00a0reabrir los casinos y salas de juego en hoteles de cinco estrellas, con la condici\u00f3n de que destinen un 25 % de sus ingresos a programas contra la desnutrici\u00f3n cr\u00f3nica infantil. La portavoz del Ejecutivo, Carolina Jaramillo, indic\u00f3 este lunes en la rueda de prensa semanal que otorga desde el Palacio de Carondelet, en Quito, que\u00a0la Secretar\u00eda Jur\u00eddica de la Presidencia iba a replantear los temas \u00abpara encontrar la mejor v\u00eda de llegar a la consulta popular\u00bb, sin adelantar que nuevas propuestas iban a ser incorporadas en el nuevo bloque. Ese d\u00eda,\u00a0Noboa expres\u00f3 su postura con respecto a la \u00faltima decisi\u00f3n de la CC, mientras encabezada un acto oficial en el cant\u00f3n Daule, en la provincia de Guayas. \u00abLa consulta popular es clave, en ella decidiremos si seguimos anclados al pasado o avanzamos hacia un mejor futuro\u00bb, declar\u00f3 el presidente. La portavoz del presidente de Ecuador, Carolina Jaramillo, habla durante una rueda de prensa este lunes, en el Palacio de Gobierno en Quito.\u00a0(Presidencia de Ecuador \/ EFE) El segundo conjunto de preguntas \u00bfEst\u00e1 usted de acuerdo con crear un registro con aquellas personas con sentencia condenatoria ejecutoriada por el delito sexual de violaci\u00f3n contra ni\u00f1as, ni\u00f1os y adolescentes; con la finalidad exclusiva de prevenir su participaci\u00f3n en actividades que los vinculen con ni\u00f1as, ni\u00f1os y adolescentes, enmendando la Constituci\u00f3n conforme el anexo de la pregunta? \u00bfEst\u00e1 usted de acuerdo con que la Corte Constitucional solo pueda declarar la inconstitucionalidad de leyes presentadas por el Presidente de la Rep\u00fablica, decretos de estado de excepci\u00f3n o propuestas de consulta popular de iniciativa presidencial, cuando al menos seis de sus nueve jueces est\u00e9n de acuerdo, enmendando la Constituci\u00f3n conforme el anexo de la pregunta? \u00bfEst\u00e1 usted de acuerdo con juzgar y sancionar a las personas que cometen delitos de extorsi\u00f3n, robo y receptaci\u00f3n, mediante procedimientos especiales y expeditos, enmendando la Constituci\u00f3n conforme el anexo de la pregunta? \u00bfEst\u00e1 usted de acuerdo con eliminar la facultad de designar autoridades que tiene el CPCCS e implementar procesos p\u00fablicos que garanticen la participaci\u00f3n ciudadana, meritocracia y escrutinio p\u00fablico, de modo que sea la Asamblea Nacional la que designe a trav\u00e9s de estos procesos a las autoridades que actualmente elige el CPCCS enmendando la Constituci\u00f3n de acuerdo con el anexo de la pregunta? \u00bfEst\u00e1 usted de acuerdo con permitir el funcionamiento de salas de juego y casinos dedicados a juegos de azar en hoteles categorizados con cinco estrellas, conforme la Asamblea Nacional lo regule mediante ley, seg\u00fan el anexo de la pregunta? \u00bfEst\u00e1 usted de acuerdo con que se reforme la ley para prohibir que se use el nombre, imagen, voz o apoyo en cualquier forma y\/o medio, de personas con sentencia ejecutoriada por delitos contra la administraci\u00f3n p\u00fablica (como peculado, cohecho, concusi\u00f3n, enriquecimiento ilicito), conforme el anexo de la pregunta? \u00bfEst\u00e1 usted de acuerdo con que se expida una nueva ley org\u00e1nica de garant\u00edas jurisdiccionales y control constitucional, que incluya la organizaci\u00f3n, funcionamiento y los procedimientos para el cumplimiento de las atribuciones de la Corte Constitucional, conforme el anexo de la pregunta? \u00bfQu\u00e9 ha sido aprobado por la Corte? La Corte Constitucional dio luz verde la semana pasada a dos nuevas preguntas que formar\u00e1n parte del refer\u00e9ndum propuesto, con las que se consultar\u00e1 a la ciudadan\u00eda si aprueba la\u00a0implementaci\u00f3n del trabajo por horas en el sector tur\u00edstico\u00a0y la\u00a0reducci\u00f3n del n\u00famero de legisladores en la Asamblea Nacional. Estas iniciativas se a\u00f1aden a una ya autorizada por el m\u00e1ximo tribunal a comienzos de agosto, que plantea permitir nuevamente\u00a0la presencia de bases militares extranjeras en territorio ecuatoriano, como la que Estados Unidos mantuvo en Manta hasta su retiro en 2009. En este contexto, el pasado jueves, el secretario de Estado de EE.UU., Marco Rubio, afirm\u00f3 durante una visita a Quito que el gobierno de Donald Trump estar\u00eda dispuesto a\u00a0considerar el restablecimiento de una base militar en Ecuador, siempre y cuando la propuesta reciba el respaldo popular en el refer\u00e9ndum. Fuente: Vistazo<\/p>\n","protected":false},"author":1,"featured_media":26211,"comment_status":"closed","ping_status":"closed","sticky":false,"template":"","format":"standard","meta":{"footnotes":""},"categories":[268],"tags":[],"class_list":["post-26210","post","type-post","status-publish","format-standard","has-post-thumbnail","hentry","category-nacionales"],"_links":{"self":[{"href":"https:\/\/www.elamazonico.com\/portal\/wp-json\/wp\/v2\/posts\/26210","targetHints":{"allow":["GET"]}}],"collection":[{"href":"https:\/\/www.elamazonico.com\/portal\/wp-json\/wp\/v2\/posts"}],"about":[{"href":"https:\/\/www.elamazonico.com\/portal\/wp-json\/wp\/v2\/types\/post"}],"author":[{"embeddable":true,"href":"https:\/\/www.elamazonico.com\/portal\/wp-json\/wp\/v2\/users\/1"}],"replies":[{"embeddable":true,"href":"https:\/\/www.elamazonico.com\/portal\/wp-json\/wp\/v2\/comments?post=26210"}],"version-history":[{"count":1,"href":"https:\/\/www.elamazonico.com\/portal\/wp-json\/wp\/v2\/posts\/26210\/revisions"}],"predecessor-version":[{"id":26212,"href":"https:\/\/www.elamazonico.com\/portal\/wp-json\/wp\/v2\/posts\/26210\/revisions\/26212"}],"wp:featuredmedia":[{"embeddable":true,"href":"https:\/\/www.elamazonico.com\/portal\/wp-json\/wp\/v2\/media\/26211"}],"wp:attachment":[{"href":"https:\/\/www.elamazonico.com\/portal\/wp-json\/wp\/v2\/media?parent=26210"}],"wp:term":[{"taxonomy":"category","embeddable":true,"href":"https:\/\/www.elamazonico.com\/portal\/wp-json\/wp\/v2\/categories?post=26210"},{"taxonomy":"post_tag","embeddable":true,"href":"https:\/\/www.elamazonico.com\/portal\/wp-json\/wp\/v2\/tags?post=26210"}],"curies":[{"name":"wp","href":"https:\/\/api.w.org\/{rel}","templated":true}]}}