{"id":2621,"date":"2022-02-04T06:19:37","date_gmt":"2022-02-04T11:19:37","guid":{"rendered":"https:\/\/www.elamazonico.com\/portal\/?p=2621"},"modified":"2022-02-04T06:19:53","modified_gmt":"2022-02-04T11:19:53","slug":"lenin-moreno-se-traslada-de-estados-unidos-a-paraguay","status":"publish","type":"post","link":"https:\/\/www.elamazonico.com\/portal\/lenin-moreno-se-traslada-de-estados-unidos-a-paraguay\/","title":{"rendered":"Len\u00edn Moreno se traslada de Estados Unidos a Paraguay"},"content":{"rendered":"\n<p>Una vez que concluy\u00f3 con sus exposiciones en los seminarios del&nbsp;Centro Adam Smith&nbsp;para la&nbsp;Libertad Econ\u00f3mica de la Florida International University (FIU), el expresidente de Ecuador&nbsp;Len\u00edn Moreno&nbsp;traslad\u00f3 su domicilio de Estados Unidos (EE. UU.) a Paraguay.<\/p>\n\n\n\n<p>El pasado 17 de agosto del a\u00f1o pasado, Moreno notific\u00f3 a la&nbsp;Asamblea Nacional&nbsp;que se ausentar\u00e1 del pa\u00eds por tres meses por \u201cmotivos laborales y personales\u201d.<\/p>\n\n\n\n<p>A trav\u00e9s de un comunicado, la Universidad confirm\u00f3 la asistencia del exmandatario como expositor en septiembre. Adem\u00e1s, al menos una de sus hijas reside en EE. UU.; una de ellas,&nbsp;Irina Moreno Gonz\u00e1lez, ocup\u00f3 el cargo de consejera en la Misi\u00f3n Permanente del Ecuador ante las Naciones Unidas, en Nueva York, durante su mandato.<\/p>\n\n\n\n<p>Su traslado a Paraguay se da por su designaci\u00f3n como comisionado en Asuntos de Discapacidad de la&nbsp;Organizaci\u00f3n de los Estados Americanos (OEA), el pasado 18 de noviembre, por parte del secretario general, Luis Almagro.<\/p>\n\n\n\n<p>El presidente de Paraguay,&nbsp;Mario Abdo,&nbsp;recibi\u00f3 a Moreno el 31 de enero pasado y anunci\u00f3 la apertura de una oficina relativa a discapacidades en ese pa\u00eds.<\/p>\n\n\n\n<p>A trav\u00e9s de su cuenta de Twitter, Moreno manifest\u00f3 que junto a Abdo trabajar\u00e1 en el registro, estudio, atenci\u00f3n e inclusi\u00f3n laboral, educativa, cultural y digital de las personas con discapacidad.<\/p>\n\n\n\n<p>Este 3 de febrero, Len\u00edn Moreno tambi\u00e9n se reuni\u00f3 con&nbsp;Alejandro Dom\u00ednguez, presidente de la Confederaci\u00f3n Sudamericana de F\u00fatbol, y acord\u00f3 cooperaci\u00f3n en la b\u00fasqueda de la plena inclusi\u00f3n de las personas con discapacidad.<\/p>\n\n\n\n<p>Se desconoce si el exmandatario planea volver a Ecuador, ni en qu\u00e9 fecha ocurrir\u00eda. EL UNIVERSO intent\u00f3 contactar a algunos de sus excolaboradores para ampliar esta informaci\u00f3n, pero no ha sido posible.\u00a0(I)<\/p>\n","protected":false},"excerpt":{"rendered":"<p>Una vez que concluy\u00f3 con sus exposiciones en los seminarios del&nbsp;Centro Adam Smith&nbsp;para la&nbsp;Libertad Econ\u00f3mica de la Florida International University (FIU), el expresidente de Ecuador&nbsp;Len\u00edn Moreno&nbsp;traslad\u00f3 su domicilio de Estados Unidos (EE. UU.) a Paraguay. El pasado 17 de agosto del a\u00f1o pasado, Moreno notific\u00f3 a la&nbsp;Asamblea Nacional&nbsp;que se ausentar\u00e1 del pa\u00eds por tres meses por \u201cmotivos laborales y personales\u201d. A trav\u00e9s de un comunicado, la Universidad confirm\u00f3 la asistencia del exmandatario como expositor en septiembre. Adem\u00e1s, al menos una de sus hijas reside en EE. UU.; una de ellas,&nbsp;Irina Moreno Gonz\u00e1lez, ocup\u00f3 el cargo de consejera en la Misi\u00f3n Permanente del Ecuador ante las Naciones Unidas, en Nueva York, durante su mandato. Su traslado a Paraguay se da por su designaci\u00f3n como comisionado en Asuntos de Discapacidad de la&nbsp;Organizaci\u00f3n de los Estados Americanos (OEA), el pasado 18 de noviembre, por parte del secretario general, Luis Almagro. El presidente de Paraguay,&nbsp;Mario Abdo,&nbsp;recibi\u00f3 a Moreno el 31 de enero pasado y anunci\u00f3 la apertura de una oficina relativa a discapacidades en ese pa\u00eds. A trav\u00e9s de su cuenta de Twitter, Moreno manifest\u00f3 que junto a Abdo trabajar\u00e1 en el registro, estudio, atenci\u00f3n e inclusi\u00f3n laboral, educativa, cultural y digital de las personas con discapacidad. Este 3 de febrero, Len\u00edn Moreno tambi\u00e9n se reuni\u00f3 con&nbsp;Alejandro Dom\u00ednguez, presidente de la Confederaci\u00f3n Sudamericana de F\u00fatbol, y acord\u00f3 cooperaci\u00f3n en la b\u00fasqueda de la plena inclusi\u00f3n de las personas con discapacidad. Se desconoce si el exmandatario planea volver a Ecuador, ni en qu\u00e9 fecha ocurrir\u00eda. EL UNIVERSO intent\u00f3 contactar a algunos de sus excolaboradores para ampliar esta informaci\u00f3n, pero no ha sido posible.\u00a0(I)<\/p>\n","protected":false},"author":1,"featured_media":2622,"comment_status":"open","ping_status":"open","sticky":false,"template":"","format":"standard","meta":{"footnotes":""},"categories":[268],"tags":[],"class_list":["post-2621","post","type-post","status-publish","format-standard","has-post-thumbnail","hentry","category-nacionales"],"_links":{"self":[{"href":"https:\/\/www.elamazonico.com\/portal\/wp-json\/wp\/v2\/posts\/2621","targetHints":{"allow":["GET"]}}],"collection":[{"href":"https:\/\/www.elamazonico.com\/portal\/wp-json\/wp\/v2\/posts"}],"about":[{"href":"https:\/\/www.elamazonico.com\/portal\/wp-json\/wp\/v2\/types\/post"}],"author":[{"embeddable":true,"href":"https:\/\/www.elamazonico.com\/portal\/wp-json\/wp\/v2\/users\/1"}],"replies":[{"embeddable":true,"href":"https:\/\/www.elamazonico.com\/portal\/wp-json\/wp\/v2\/comments?post=2621"}],"version-history":[{"count":1,"href":"https:\/\/www.elamazonico.com\/portal\/wp-json\/wp\/v2\/posts\/2621\/revisions"}],"predecessor-version":[{"id":2623,"href":"https:\/\/www.elamazonico.com\/portal\/wp-json\/wp\/v2\/posts\/2621\/revisions\/2623"}],"wp:featuredmedia":[{"embeddable":true,"href":"https:\/\/www.elamazonico.com\/portal\/wp-json\/wp\/v2\/media\/2622"}],"wp:attachment":[{"href":"https:\/\/www.elamazonico.com\/portal\/wp-json\/wp\/v2\/media?parent=2621"}],"wp:term":[{"taxonomy":"category","embeddable":true,"href":"https:\/\/www.elamazonico.com\/portal\/wp-json\/wp\/v2\/categories?post=2621"},{"taxonomy":"post_tag","embeddable":true,"href":"https:\/\/www.elamazonico.com\/portal\/wp-json\/wp\/v2\/tags?post=2621"}],"curies":[{"name":"wp","href":"https:\/\/api.w.org\/{rel}","templated":true}]}}