{"id":26204,"date":"2025-09-10T04:11:40","date_gmt":"2025-09-10T09:11:40","guid":{"rendered":"https:\/\/www.elamazonico.com\/portal\/?p=26204"},"modified":"2025-09-09T21:16:16","modified_gmt":"2025-09-10T02:16:16","slug":"productores-de-cafe-y-cacao-del-barrio-san-martin-en-palanda-reiteran-pedido-urgente-de-atencion-vial","status":"publish","type":"post","link":"https:\/\/www.elamazonico.com\/portal\/productores-de-cafe-y-cacao-del-barrio-san-martin-en-palanda-reiteran-pedido-urgente-de-atencion-vial\/","title":{"rendered":"Productores de caf\u00e9 y cacao del barrio San Mart\u00edn en Palanda reiteran pedido urgente de atenci\u00f3n vial"},"content":{"rendered":"<p>La productora de caf\u00e9 y cacao, Elizabeth Lalangui, propietaria de la finca Las Chontas, ubicada en el barrio San Mart\u00edn de la parroquia San Francisco del Vergel, cant\u00f3n Palanda, hizo un en\u00e9rgico llamado a las autoridades provinciales y cantonales para que se concrete la apertura y mejoramiento de la v\u00eda de acceso a este importante sector productivo.<\/p>\n<p>La productora record\u00f3 que desde el a\u00f1o 2015 se han realizado m\u00faltiples ofrecimientos para la construcci\u00f3n de esta arteria vial, sin que hasta la fecha se materialice la obra. La v\u00eda en cuesti\u00f3n, de aproximadamente 250 a 400 metros de longitud, constituye la \u00fanica ruta de salida para decenas de familias campesinas que semanalmente transportan caf\u00e9, cacao, pl\u00e1tano, yuca, arroz, ganado y animales menores hacia los mercados de Palanda y Zumba.<\/p>\n<p>\u201cHan pasado diez a\u00f1os de espera y no se ha atendido nuestro pedido. Como productores seguimos bajando con carga al hombro, expuestos al lodo y al mal estado de la v\u00eda. Esta es una necesidad urgente para nuestras familias y para el desarrollo econ\u00f3mico del cant\u00f3n\u201d, se\u00f1al\u00f3 Lalangui.<\/p>\n<p>La finca Las Chontas no solo es un espacio de producci\u00f3n agr\u00edcola, sino tambi\u00e9n un referente tur\u00edstico y artesanal en la provincia. All\u00ed se elaboran productos derivados de la chonta y se impulsa una marca de caf\u00e9 org\u00e1nico que ha logrado posicionarse en ferias provinciales y nacionales. La productora destac\u00f3 que ha recibido la visita de delegaciones nacionales e internacionales, provenientes de pa\u00edses como Estados Unidos, Argentina y Francia. Sin embargo, lament\u00f3 que las malas condiciones de la v\u00eda dificulten la llegada de visitantes.<\/p>\n<p>\u201cEs vergonzoso invitar a turistas y hacerlos pasar por un barrizal. Hemos recibido reconocimientos y apoyo simb\u00f3lico en ferias, pero lo que necesitamos es una soluci\u00f3n real: una v\u00eda adecuada que beneficie no solo a mi finca, sino a todas las familias de la zona\u201d, expres\u00f3.<\/p>\n<p>El sector beneficiario inmediato est\u00e1 conformado por al menos nueve familias productoras, entre ellas un grupo de mujeres rurales: Liliana Sozoranga, Roc\u00edo Uchuari, Yolanda Barrera y Karen Guerrero, quienes se dedican principalmente al cultivo de caf\u00e9 y cacao org\u00e1nico.<\/p>\n<p>La productora se\u00f1al\u00f3 adem\u00e1s que recientemente se comunic\u00f3 con el nuevo responsable de Obras P\u00fablicas en Palanda, Andrey Granda, quien se comprometi\u00f3 a realizar una inspecci\u00f3n en el lugar y coordinar acciones para atender la necesidad.<\/p>\n<p>Finalmente, Lalangui reiter\u00f3 su pedido a la Prefectura de Zamora Chinchipe y al Gobierno Municipal de Palanda, recordando que esta v\u00eda es utilizada tambi\u00e9n por el transporte escolar que traslada diariamente a estudiantes desde San Francisco del Vergel hacia la cabecera cantonal.<\/p>\n<p>\u201cNo pedimos lujos, pedimos condiciones dignas para trabajar y para que nuestros hijos viajen seguros a la escuela. Las autoridades deben escuchar la voz del campo y planificar obras que transformen la vida de los productores\u201d, concluy\u00f3.<\/p>\n","protected":false},"excerpt":{"rendered":"<p>La productora de caf\u00e9 y cacao, Elizabeth Lalangui, propietaria de la finca Las Chontas, ubicada en el barrio San Mart\u00edn de la parroquia San Francisco del Vergel, cant\u00f3n Palanda, hizo un en\u00e9rgico llamado a las autoridades provinciales y cantonales para que se concrete la apertura y mejoramiento de la v\u00eda de acceso a este importante sector productivo. La productora record\u00f3 que desde el a\u00f1o 2015 se han realizado m\u00faltiples ofrecimientos para la construcci\u00f3n de esta arteria vial, sin que hasta la fecha se materialice la obra. La v\u00eda en cuesti\u00f3n, de aproximadamente 250 a 400 metros de longitud, constituye la \u00fanica ruta de salida para decenas de familias campesinas que semanalmente transportan caf\u00e9, cacao, pl\u00e1tano, yuca, arroz, ganado y animales menores hacia los mercados de Palanda y Zumba. \u201cHan pasado diez a\u00f1os de espera y no se ha atendido nuestro pedido. Como productores seguimos bajando con carga al hombro, expuestos al lodo y al mal estado de la v\u00eda. Esta es una necesidad urgente para nuestras familias y para el desarrollo econ\u00f3mico del cant\u00f3n\u201d, se\u00f1al\u00f3 Lalangui. La finca Las Chontas no solo es un espacio de producci\u00f3n agr\u00edcola, sino tambi\u00e9n un referente tur\u00edstico y artesanal en la provincia. All\u00ed se elaboran productos derivados de la chonta y se impulsa una marca de caf\u00e9 org\u00e1nico que ha logrado posicionarse en ferias provinciales y nacionales. La productora destac\u00f3 que ha recibido la visita de delegaciones nacionales e internacionales, provenientes de pa\u00edses como Estados Unidos, Argentina y Francia. Sin embargo, lament\u00f3 que las malas condiciones de la v\u00eda dificulten la llegada de visitantes. \u201cEs vergonzoso invitar a turistas y hacerlos pasar por un barrizal. Hemos recibido reconocimientos y apoyo simb\u00f3lico en ferias, pero lo que necesitamos es una soluci\u00f3n real: una v\u00eda adecuada que beneficie no solo a mi finca, sino a todas las familias de la zona\u201d, expres\u00f3. El sector beneficiario inmediato est\u00e1 conformado por al menos nueve familias productoras, entre ellas un grupo de mujeres rurales: Liliana Sozoranga, Roc\u00edo Uchuari, Yolanda Barrera y Karen Guerrero, quienes se dedican principalmente al cultivo de caf\u00e9 y cacao org\u00e1nico. La productora se\u00f1al\u00f3 adem\u00e1s que recientemente se comunic\u00f3 con el nuevo responsable de Obras P\u00fablicas en Palanda, Andrey Granda, quien se comprometi\u00f3 a realizar una inspecci\u00f3n en el lugar y coordinar acciones para atender la necesidad. Finalmente, Lalangui reiter\u00f3 su pedido a la Prefectura de Zamora Chinchipe y al Gobierno Municipal de Palanda, recordando que esta v\u00eda es utilizada tambi\u00e9n por el transporte escolar que traslada diariamente a estudiantes desde San Francisco del Vergel hacia la cabecera cantonal. \u201cNo pedimos lujos, pedimos condiciones dignas para trabajar y para que nuestros hijos viajen seguros a la escuela. Las autoridades deben escuchar la voz del campo y planificar obras que transformen la vida de los productores\u201d, concluy\u00f3.<\/p>\n","protected":false},"author":1,"featured_media":26205,"comment_status":"closed","ping_status":"closed","sticky":false,"template":"","format":"standard","meta":{"footnotes":""},"categories":[243],"tags":[],"class_list":["post-26204","post","type-post","status-publish","format-standard","has-post-thumbnail","hentry","category-noticias-zamora"],"_links":{"self":[{"href":"https:\/\/www.elamazonico.com\/portal\/wp-json\/wp\/v2\/posts\/26204","targetHints":{"allow":["GET"]}}],"collection":[{"href":"https:\/\/www.elamazonico.com\/portal\/wp-json\/wp\/v2\/posts"}],"about":[{"href":"https:\/\/www.elamazonico.com\/portal\/wp-json\/wp\/v2\/types\/post"}],"author":[{"embeddable":true,"href":"https:\/\/www.elamazonico.com\/portal\/wp-json\/wp\/v2\/users\/1"}],"replies":[{"embeddable":true,"href":"https:\/\/www.elamazonico.com\/portal\/wp-json\/wp\/v2\/comments?post=26204"}],"version-history":[{"count":1,"href":"https:\/\/www.elamazonico.com\/portal\/wp-json\/wp\/v2\/posts\/26204\/revisions"}],"predecessor-version":[{"id":26206,"href":"https:\/\/www.elamazonico.com\/portal\/wp-json\/wp\/v2\/posts\/26204\/revisions\/26206"}],"wp:featuredmedia":[{"embeddable":true,"href":"https:\/\/www.elamazonico.com\/portal\/wp-json\/wp\/v2\/media\/26205"}],"wp:attachment":[{"href":"https:\/\/www.elamazonico.com\/portal\/wp-json\/wp\/v2\/media?parent=26204"}],"wp:term":[{"taxonomy":"category","embeddable":true,"href":"https:\/\/www.elamazonico.com\/portal\/wp-json\/wp\/v2\/categories?post=26204"},{"taxonomy":"post_tag","embeddable":true,"href":"https:\/\/www.elamazonico.com\/portal\/wp-json\/wp\/v2\/tags?post=26204"}],"curies":[{"name":"wp","href":"https:\/\/api.w.org\/{rel}","templated":true}]}}