{"id":26201,"date":"2025-09-10T04:03:48","date_gmt":"2025-09-10T09:03:48","guid":{"rendered":"https:\/\/www.elamazonico.com\/portal\/?p=26201"},"modified":"2025-09-09T21:11:33","modified_gmt":"2025-09-10T02:11:33","slug":"panguintza-impulsa-obras-de-infraestructura-apoyo-educativo-y-proyectos-comunitarios","status":"publish","type":"post","link":"https:\/\/www.elamazonico.com\/portal\/panguintza-impulsa-obras-de-infraestructura-apoyo-educativo-y-proyectos-comunitarios\/","title":{"rendered":"Panguintza impulsa obras de infraestructura, apoyo educativo y proyectos comunitarios"},"content":{"rendered":"<p>La presidenta del Gobierno Aut\u00f3nomo Descentralizado (GAD) Parroquial de Panguintza, M\u00f3nica \u00c1lvarez, inform\u00f3 sobre las principales gestiones y proyectos que se est\u00e1n ejecutando en beneficio de la comunidad, destacando la intervenci\u00f3n en infraestructura vial, apoyo a la educaci\u00f3n, fomento al deporte y dinamizaci\u00f3n de la econom\u00eda local.<\/p>\n<p>En el \u00e1mbito de las obras p\u00fablicas, \u00c1lvarez anunci\u00f3 el inicio de los trabajos de construcci\u00f3n de aceras y bordillos en el barrio San Miguel de la Hueca, uno de los sectores m\u00e1s afectados por la reciente ca\u00edda de dos puentes. La obra, financiada mediante un cr\u00e9dito de 200 mil d\u00f3lares otorgado por el Banco de Desarrollo del Ecuador (BDE), tambi\u00e9n beneficiar\u00e1 a otros sectores de la parroquia. La presidenta resalt\u00f3 que se prioriza la contrataci\u00f3n de mano de obra local, lo cual genera empleo directo para los habitantes. La colocaci\u00f3n de la primera piedra de este proyecto se realizar\u00e1 el viernes 12 de septiembre a las 11:00 en San Miguel de la Hueca.<\/p>\n<p>En el campo educativo, la autoridad parroquial lament\u00f3 los obst\u00e1culos burocr\u00e1ticos que impidieron la entrega oficial de mochilas escolares a trav\u00e9s del Ministerio de Educaci\u00f3n. Sin embargo, mediante autogesti\u00f3n y recursos propios, se entregaron mochilas y kits escolares a los estudiantes de la parroquia, garantizando el acceso a \u00fatiles b\u00e1sicos en el inicio del a\u00f1o lectivo. \u201cLa sonrisa de los ni\u00f1os al recibir sus mochilas es nuestra mayor satisfacci\u00f3n\u201d, expres\u00f3 \u00c1lvarez.<\/p>\n<p>En cuanto a la dinamizaci\u00f3n social y econ\u00f3mica, se destac\u00f3 la culminaci\u00f3n del segundo campeonato barrial de f\u00fatbol, evento que atrajo a participantes de distintas comunidades, generando movimiento econ\u00f3mico a trav\u00e9s de la venta de alimentos y productos locales. Asimismo, se inform\u00f3 sobre la firma de convenios con la Prefectura de Zamora Chinchipe para la limpieza de caminos de herradura, entrega de 150 sacos de abono a agricultores, instalaci\u00f3n de bebederos y cercas para ganado, y el pintado de calles en coordinaci\u00f3n con la Empresa P\u00fablica de Movilidad (EMMOV).<\/p>\n<p>Respecto a la problem\u00e1tica vial de San Miguel de la Hueca, \u00c1lvarez anunci\u00f3 que la Prefectura provincial ya inici\u00f3 los estudios t\u00e9cnicos para la construcci\u00f3n de un nuevo puente carrozable, proyecto que, seg\u00fan los procedimientos, podr\u00eda tomar hasta dos a\u00f1os. No obstante, se resalt\u00f3 el compromiso institucional y la coordinaci\u00f3n con el GAD Parroquial y el Municipio para garantizar una soluci\u00f3n definitiva.<\/p>\n<p>La presidenta M\u00f3nica \u00c1lvarez concluy\u00f3 se\u00f1alando que la gesti\u00f3n de su administraci\u00f3n busca dejar un legado en infraestructura, educaci\u00f3n y desarrollo social, priorizando siempre el bienestar de los ni\u00f1os, j\u00f3venes y familias de Panguintza.<\/p>\n","protected":false},"excerpt":{"rendered":"<p>La presidenta del Gobierno Aut\u00f3nomo Descentralizado (GAD) Parroquial de Panguintza, M\u00f3nica \u00c1lvarez, inform\u00f3 sobre las principales gestiones y proyectos que se est\u00e1n ejecutando en beneficio de la comunidad, destacando la intervenci\u00f3n en infraestructura vial, apoyo a la educaci\u00f3n, fomento al deporte y dinamizaci\u00f3n de la econom\u00eda local. En el \u00e1mbito de las obras p\u00fablicas, \u00c1lvarez anunci\u00f3 el inicio de los trabajos de construcci\u00f3n de aceras y bordillos en el barrio San Miguel de la Hueca, uno de los sectores m\u00e1s afectados por la reciente ca\u00edda de dos puentes. La obra, financiada mediante un cr\u00e9dito de 200 mil d\u00f3lares otorgado por el Banco de Desarrollo del Ecuador (BDE), tambi\u00e9n beneficiar\u00e1 a otros sectores de la parroquia. La presidenta resalt\u00f3 que se prioriza la contrataci\u00f3n de mano de obra local, lo cual genera empleo directo para los habitantes. La colocaci\u00f3n de la primera piedra de este proyecto se realizar\u00e1 el viernes 12 de septiembre a las 11:00 en San Miguel de la Hueca. En el campo educativo, la autoridad parroquial lament\u00f3 los obst\u00e1culos burocr\u00e1ticos que impidieron la entrega oficial de mochilas escolares a trav\u00e9s del Ministerio de Educaci\u00f3n. Sin embargo, mediante autogesti\u00f3n y recursos propios, se entregaron mochilas y kits escolares a los estudiantes de la parroquia, garantizando el acceso a \u00fatiles b\u00e1sicos en el inicio del a\u00f1o lectivo. \u201cLa sonrisa de los ni\u00f1os al recibir sus mochilas es nuestra mayor satisfacci\u00f3n\u201d, expres\u00f3 \u00c1lvarez. En cuanto a la dinamizaci\u00f3n social y econ\u00f3mica, se destac\u00f3 la culminaci\u00f3n del segundo campeonato barrial de f\u00fatbol, evento que atrajo a participantes de distintas comunidades, generando movimiento econ\u00f3mico a trav\u00e9s de la venta de alimentos y productos locales. Asimismo, se inform\u00f3 sobre la firma de convenios con la Prefectura de Zamora Chinchipe para la limpieza de caminos de herradura, entrega de 150 sacos de abono a agricultores, instalaci\u00f3n de bebederos y cercas para ganado, y el pintado de calles en coordinaci\u00f3n con la Empresa P\u00fablica de Movilidad (EMMOV). Respecto a la problem\u00e1tica vial de San Miguel de la Hueca, \u00c1lvarez anunci\u00f3 que la Prefectura provincial ya inici\u00f3 los estudios t\u00e9cnicos para la construcci\u00f3n de un nuevo puente carrozable, proyecto que, seg\u00fan los procedimientos, podr\u00eda tomar hasta dos a\u00f1os. No obstante, se resalt\u00f3 el compromiso institucional y la coordinaci\u00f3n con el GAD Parroquial y el Municipio para garantizar una soluci\u00f3n definitiva. La presidenta M\u00f3nica \u00c1lvarez concluy\u00f3 se\u00f1alando que la gesti\u00f3n de su administraci\u00f3n busca dejar un legado en infraestructura, educaci\u00f3n y desarrollo social, priorizando siempre el bienestar de los ni\u00f1os, j\u00f3venes y familias de Panguintza.<\/p>\n","protected":false},"author":1,"featured_media":26202,"comment_status":"closed","ping_status":"closed","sticky":false,"template":"","format":"standard","meta":{"footnotes":""},"categories":[243],"tags":[],"class_list":["post-26201","post","type-post","status-publish","format-standard","has-post-thumbnail","hentry","category-noticias-zamora"],"_links":{"self":[{"href":"https:\/\/www.elamazonico.com\/portal\/wp-json\/wp\/v2\/posts\/26201","targetHints":{"allow":["GET"]}}],"collection":[{"href":"https:\/\/www.elamazonico.com\/portal\/wp-json\/wp\/v2\/posts"}],"about":[{"href":"https:\/\/www.elamazonico.com\/portal\/wp-json\/wp\/v2\/types\/post"}],"author":[{"embeddable":true,"href":"https:\/\/www.elamazonico.com\/portal\/wp-json\/wp\/v2\/users\/1"}],"replies":[{"embeddable":true,"href":"https:\/\/www.elamazonico.com\/portal\/wp-json\/wp\/v2\/comments?post=26201"}],"version-history":[{"count":1,"href":"https:\/\/www.elamazonico.com\/portal\/wp-json\/wp\/v2\/posts\/26201\/revisions"}],"predecessor-version":[{"id":26203,"href":"https:\/\/www.elamazonico.com\/portal\/wp-json\/wp\/v2\/posts\/26201\/revisions\/26203"}],"wp:featuredmedia":[{"embeddable":true,"href":"https:\/\/www.elamazonico.com\/portal\/wp-json\/wp\/v2\/media\/26202"}],"wp:attachment":[{"href":"https:\/\/www.elamazonico.com\/portal\/wp-json\/wp\/v2\/media?parent=26201"}],"wp:term":[{"taxonomy":"category","embeddable":true,"href":"https:\/\/www.elamazonico.com\/portal\/wp-json\/wp\/v2\/categories?post=26201"},{"taxonomy":"post_tag","embeddable":true,"href":"https:\/\/www.elamazonico.com\/portal\/wp-json\/wp\/v2\/tags?post=26201"}],"curies":[{"name":"wp","href":"https:\/\/api.w.org\/{rel}","templated":true}]}}