{"id":26199,"date":"2025-09-10T04:00:58","date_gmt":"2025-09-10T09:00:58","guid":{"rendered":"https:\/\/www.elamazonico.com\/portal\/?p=26199"},"modified":"2025-09-10T06:15:25","modified_gmt":"2025-09-10T11:15:25","slug":"zamora-chinchipe-se-suma-a-la-jornada-nacional-de-protesta-convocada-por-el-fut-y-el-frente-popular","status":"publish","type":"post","link":"https:\/\/www.elamazonico.com\/portal\/zamora-chinchipe-se-suma-a-la-jornada-nacional-de-protesta-convocada-por-el-fut-y-el-frente-popular\/","title":{"rendered":"Zamora Chinchipe se suma a la jornada nacional de protesta convocada por el FUT y el Frente Popular"},"content":{"rendered":"<p>En el marco de la compleja crisis pol\u00edtica, econ\u00f3mica, social y de seguridad que atraviesa el pa\u00eds, el Frente Unitario de Trabajadores (FUT) y el Frente Popular anunciaron la realizaci\u00f3n de una marcha nacional simult\u00e1nea este jueves 11 de septiembre, con la participaci\u00f3n de diversos sectores sociales en todas las provincias.<\/p>\n<p>En Zamora Chinchipe, el dirigente Jeyson Jua confirm\u00f3 que la provincia no quedar\u00e1 al margen de esta jornada de protesta, destacando la articulaci\u00f3n con el Frente de Defensa de Zamora Chinchipe, la C\u00e1mara de Miner\u00eda y otras organizaciones locales. \u201cNuestro objetivo es claro: que la voz del pueblo zamorano sea escuchada a nivel nacional. No es posible que, pese a ser una provincia que aporta importantes recursos al Estado, sigamos siendo olvidados en temas prioritarios como salud, educaci\u00f3n, seguridad e infraestructura\u201d, se\u00f1al\u00f3.<\/p>\n<p><strong>Entre las principales demandas se encuentran:<\/strong><br \/>\n\u2022 La construcci\u00f3n de un hospital provincial moderno, que responda a las necesidades de la poblaci\u00f3n.<br \/>\n\u2022 La culminaci\u00f3n del cuarto eje vial, fundamental para dinamizar la econom\u00eda y fortalecer la producci\u00f3n local.<br \/>\n\u2022 La defensa de los derechos del sector minero artesanal y peque\u00f1o minero, rechazando la criminalizaci\u00f3n y persecuci\u00f3n de esta actividad que constituye el sustento de un amplio porcentaje de la poblaci\u00f3n.<\/p>\n<p>Jua tambi\u00e9n cuestion\u00f3 el incremento del 15% del IVA, aprobado bajo el argumento de reforzar la seguridad ciudadana. \u201cHoy vivimos un Ecuador m\u00e1s inseguro, con presencia de delitos que antes no se registraban en nuestra provincia, como el sicariato y la extorsi\u00f3n. La ciudadan\u00eda merece respuestas reales y no m\u00e1s promesas incumplidas\u201d, enfatiz\u00f3.<\/p>\n<p>La concentraci\u00f3n en Zamora est\u00e1 prevista para las 09h00 en el sector de la Etnia Shuar, desde donde los manifestantes marchar\u00e1n hacia la Gobernaci\u00f3n para entregar sus peticiones y exigir atenci\u00f3n a las necesidades hist\u00f3ricamente postergadas de la provincia.<\/p>\n<p>Finalmente, el dirigente hizo un llamado a la unidad de todos los sectores sociales, campesinos, estudiantes, trabajadores y amas de casa: \u201cInvitamos a la ciudadan\u00eda a sumarse a esta marcha pac\u00edfica, porque Zamora Chinchipe merece inversi\u00f3n, desarrollo y seguridad. Nuestra voz debe ser escuchada en todo el pa\u00eds\u201d.<\/p>\n","protected":false},"excerpt":{"rendered":"<p>En el marco de la compleja crisis pol\u00edtica, econ\u00f3mica, social y de seguridad que atraviesa el pa\u00eds, el Frente Unitario de Trabajadores (FUT) y el Frente Popular anunciaron la realizaci\u00f3n de una marcha nacional simult\u00e1nea este jueves 11 de septiembre, con la participaci\u00f3n de diversos sectores sociales en todas las provincias. En Zamora Chinchipe, el dirigente Jeyson Jua confirm\u00f3 que la provincia no quedar\u00e1 al margen de esta jornada de protesta, destacando la articulaci\u00f3n con el Frente de Defensa de Zamora Chinchipe, la C\u00e1mara de Miner\u00eda y otras organizaciones locales. \u201cNuestro objetivo es claro: que la voz del pueblo zamorano sea escuchada a nivel nacional. No es posible que, pese a ser una provincia que aporta importantes recursos al Estado, sigamos siendo olvidados en temas prioritarios como salud, educaci\u00f3n, seguridad e infraestructura\u201d, se\u00f1al\u00f3. Entre las principales demandas se encuentran: \u2022 La construcci\u00f3n de un hospital provincial moderno, que responda a las necesidades de la poblaci\u00f3n. \u2022 La culminaci\u00f3n del cuarto eje vial, fundamental para dinamizar la econom\u00eda y fortalecer la producci\u00f3n local. \u2022 La defensa de los derechos del sector minero artesanal y peque\u00f1o minero, rechazando la criminalizaci\u00f3n y persecuci\u00f3n de esta actividad que constituye el sustento de un amplio porcentaje de la poblaci\u00f3n. Jua tambi\u00e9n cuestion\u00f3 el incremento del 15% del IVA, aprobado bajo el argumento de reforzar la seguridad ciudadana. \u201cHoy vivimos un Ecuador m\u00e1s inseguro, con presencia de delitos que antes no se registraban en nuestra provincia, como el sicariato y la extorsi\u00f3n. La ciudadan\u00eda merece respuestas reales y no m\u00e1s promesas incumplidas\u201d, enfatiz\u00f3. La concentraci\u00f3n en Zamora est\u00e1 prevista para las 09h00 en el sector de la Etnia Shuar, desde donde los manifestantes marchar\u00e1n hacia la Gobernaci\u00f3n para entregar sus peticiones y exigir atenci\u00f3n a las necesidades hist\u00f3ricamente postergadas de la provincia. Finalmente, el dirigente hizo un llamado a la unidad de todos los sectores sociales, campesinos, estudiantes, trabajadores y amas de casa: \u201cInvitamos a la ciudadan\u00eda a sumarse a esta marcha pac\u00edfica, porque Zamora Chinchipe merece inversi\u00f3n, desarrollo y seguridad. Nuestra voz debe ser escuchada en todo el pa\u00eds\u201d.<\/p>\n","protected":false},"author":1,"featured_media":26225,"comment_status":"closed","ping_status":"closed","sticky":false,"template":"","format":"standard","meta":{"footnotes":""},"categories":[243],"tags":[],"class_list":["post-26199","post","type-post","status-publish","format-standard","has-post-thumbnail","hentry","category-noticias-zamora"],"_links":{"self":[{"href":"https:\/\/www.elamazonico.com\/portal\/wp-json\/wp\/v2\/posts\/26199","targetHints":{"allow":["GET"]}}],"collection":[{"href":"https:\/\/www.elamazonico.com\/portal\/wp-json\/wp\/v2\/posts"}],"about":[{"href":"https:\/\/www.elamazonico.com\/portal\/wp-json\/wp\/v2\/types\/post"}],"author":[{"embeddable":true,"href":"https:\/\/www.elamazonico.com\/portal\/wp-json\/wp\/v2\/users\/1"}],"replies":[{"embeddable":true,"href":"https:\/\/www.elamazonico.com\/portal\/wp-json\/wp\/v2\/comments?post=26199"}],"version-history":[{"count":1,"href":"https:\/\/www.elamazonico.com\/portal\/wp-json\/wp\/v2\/posts\/26199\/revisions"}],"predecessor-version":[{"id":26200,"href":"https:\/\/www.elamazonico.com\/portal\/wp-json\/wp\/v2\/posts\/26199\/revisions\/26200"}],"wp:featuredmedia":[{"embeddable":true,"href":"https:\/\/www.elamazonico.com\/portal\/wp-json\/wp\/v2\/media\/26225"}],"wp:attachment":[{"href":"https:\/\/www.elamazonico.com\/portal\/wp-json\/wp\/v2\/media?parent=26199"}],"wp:term":[{"taxonomy":"category","embeddable":true,"href":"https:\/\/www.elamazonico.com\/portal\/wp-json\/wp\/v2\/categories?post=26199"},{"taxonomy":"post_tag","embeddable":true,"href":"https:\/\/www.elamazonico.com\/portal\/wp-json\/wp\/v2\/tags?post=26199"}],"curies":[{"name":"wp","href":"https:\/\/api.w.org\/{rel}","templated":true}]}}