{"id":26195,"date":"2025-09-09T11:11:11","date_gmt":"2025-09-09T16:11:11","guid":{"rendered":"https:\/\/www.elamazonico.com\/portal\/?p=26195"},"modified":"2025-09-09T11:11:11","modified_gmt":"2025-09-09T16:11:11","slug":"golpe-economico-al-grupo-comandos-de-la-frontera-incautan-103-bienes-en-nueve-provincias","status":"publish","type":"post","link":"https:\/\/www.elamazonico.com\/portal\/golpe-economico-al-grupo-comandos-de-la-frontera-incautan-103-bienes-en-nueve-provincias\/","title":{"rendered":"\u00a1Golpe econ\u00f3mico al grupo \u201cComandos de la Frontera\u201d! Incautan 103 bienes en nueve provincias"},"content":{"rendered":"<p>La madrugada de este martes 9 de septiembre de 2025, se ejecut\u00f3 el Operativo Frontera Norte 2, que dej\u00f3 como resultado la incautaci\u00f3n de 103 bienes vinculados al grupo armado \u201cComandos de la Frontera\u201d en nueve provincias de Ecuador.<\/p>\n<p>El ministro del Interior, John Reimberg, inform\u00f3 que la intervenci\u00f3n se ejecut\u00f3 con la participaci\u00f3n de 600 servidores policiales y 94 de la Fiscal\u00eda General del Estado, en 68 allanamientos simult\u00e1neos. La organizaci\u00f3n delictiva habr\u00eda movido alrededor de USD 313 millones mediante actividades il\u00edcitas.<\/p>\n<h2><strong>La organizaci\u00f3n y su cabecilla<\/strong><\/h2>\n<p>La red delictiva, estar\u00eda dedicada al lavado de activos principalmente en Sucumb\u00edos, y ser\u00eda liderada por Roberto Carlos \u00c1lvarez Guerra, alias \u201cGerente\u201d, miembro activo y presunto l\u00edder de \u201cComandos de la Frontera\u201d.<\/p>\n<p>Seg\u00fan las autoridades, \u00c1lvarez \u2014su esposa, hijos y otros familiares\u2014 constituyeron un esquema societario para ingresar al sistema financiero nacional dinero proveniente del tr\u00e1fico de drogas y otras actividades il\u00edcitas. Alias \u201cGerente\u201d es se\u00f1alado como presunto responsable de la muerte de polic\u00edas, militares y civiles en la frontera norte.<\/p>\n<h2><strong>Provincias intervenidas<\/strong><\/h2>\n<p>El operativo alcanz\u00f3 a 26 personas naturales y jur\u00eddicas, con bienes intervenidos en:<\/p>\n<ul>\n<li>Sucumb\u00edos (31)<\/li>\n<li>Pichincha (20)<\/li>\n<li>Orellana (14)<\/li>\n<li>Guayas (12)<\/li>\n<li>Esmeraldas (9)<\/li>\n<li>Manab\u00ed (9)<\/li>\n<li>Santo Domingo (8)<\/li>\n<li>Cotopaxi<\/li>\n<li>Tungurahua<\/li>\n<\/ul>\n<h2><strong>Bienes incautados<\/strong><\/h2>\n<p>Entre los bienes de mayor extensi\u00f3n figuran:<\/p>\n<ul>\n<li>Dos haciendas de 620 hect\u00e1reas en Santo Domingo.<\/li>\n<li>Una hacienda de 470 hect\u00e1reas en Esmeraldas.<\/li>\n<\/ul>\n<p>Tambi\u00e9n se confiscaron gasolineras, lubricadoras, ferreter\u00edas, mec\u00e1nicas, bodegas, mansiones, departamentos, parqueaderos, lotes con palma africana y otros inmuebles, considerados parte de la \u201carteria econ\u00f3mica\u201d de la organizaci\u00f3n.<\/p>\n<h2><strong>Declaraciones oficiales<\/strong><\/h2>\n<p>\u201cEl Operativo Frontera Norte 2 es el golpe m\u00e1s grande contra las estructuras econ\u00f3micas criminales en la historia del Ecuador\u201d, se\u00f1al\u00f3 el ministro Reimberg.<\/p>\n<p>A\u00f1adi\u00f3 que la seguridad es una pol\u00edtica de Estado y advirti\u00f3 a las organizaciones delictivas:<\/p>\n<p>\u201cA los delincuentes: los encontraremos y los atraparemos. No permitiremos que las econom\u00edas criminales se sigan nutriendo de actividades il\u00edcitas, vengan de donde vengan\u201d.<\/p>\n","protected":false},"excerpt":{"rendered":"<p>La madrugada de este martes 9 de septiembre de 2025, se ejecut\u00f3 el Operativo Frontera Norte 2, que dej\u00f3 como resultado la incautaci\u00f3n de 103 bienes vinculados al grupo armado \u201cComandos de la Frontera\u201d en nueve provincias de Ecuador. El ministro del Interior, John Reimberg, inform\u00f3 que la intervenci\u00f3n se ejecut\u00f3 con la participaci\u00f3n de 600 servidores policiales y 94 de la Fiscal\u00eda General del Estado, en 68 allanamientos simult\u00e1neos. La organizaci\u00f3n delictiva habr\u00eda movido alrededor de USD 313 millones mediante actividades il\u00edcitas. La organizaci\u00f3n y su cabecilla La red delictiva, estar\u00eda dedicada al lavado de activos principalmente en Sucumb\u00edos, y ser\u00eda liderada por Roberto Carlos \u00c1lvarez Guerra, alias \u201cGerente\u201d, miembro activo y presunto l\u00edder de \u201cComandos de la Frontera\u201d. Seg\u00fan las autoridades, \u00c1lvarez \u2014su esposa, hijos y otros familiares\u2014 constituyeron un esquema societario para ingresar al sistema financiero nacional dinero proveniente del tr\u00e1fico de drogas y otras actividades il\u00edcitas. Alias \u201cGerente\u201d es se\u00f1alado como presunto responsable de la muerte de polic\u00edas, militares y civiles en la frontera norte. Provincias intervenidas El operativo alcanz\u00f3 a 26 personas naturales y jur\u00eddicas, con bienes intervenidos en: Sucumb\u00edos (31) Pichincha (20) Orellana (14) Guayas (12) Esmeraldas (9) Manab\u00ed (9) Santo Domingo (8) Cotopaxi Tungurahua Bienes incautados Entre los bienes de mayor extensi\u00f3n figuran: Dos haciendas de 620 hect\u00e1reas en Santo Domingo. Una hacienda de 470 hect\u00e1reas en Esmeraldas. Tambi\u00e9n se confiscaron gasolineras, lubricadoras, ferreter\u00edas, mec\u00e1nicas, bodegas, mansiones, departamentos, parqueaderos, lotes con palma africana y otros inmuebles, considerados parte de la \u201carteria econ\u00f3mica\u201d de la organizaci\u00f3n. Declaraciones oficiales \u201cEl Operativo Frontera Norte 2 es el golpe m\u00e1s grande contra las estructuras econ\u00f3micas criminales en la historia del Ecuador\u201d, se\u00f1al\u00f3 el ministro Reimberg. A\u00f1adi\u00f3 que la seguridad es una pol\u00edtica de Estado y advirti\u00f3 a las organizaciones delictivas: \u201cA los delincuentes: los encontraremos y los atraparemos. No permitiremos que las econom\u00edas criminales se sigan nutriendo de actividades il\u00edcitas, vengan de donde vengan\u201d.<\/p>\n","protected":false},"author":1,"featured_media":26196,"comment_status":"closed","ping_status":"closed","sticky":false,"template":"","format":"standard","meta":{"footnotes":""},"categories":[268],"tags":[],"class_list":["post-26195","post","type-post","status-publish","format-standard","has-post-thumbnail","hentry","category-nacionales"],"_links":{"self":[{"href":"https:\/\/www.elamazonico.com\/portal\/wp-json\/wp\/v2\/posts\/26195","targetHints":{"allow":["GET"]}}],"collection":[{"href":"https:\/\/www.elamazonico.com\/portal\/wp-json\/wp\/v2\/posts"}],"about":[{"href":"https:\/\/www.elamazonico.com\/portal\/wp-json\/wp\/v2\/types\/post"}],"author":[{"embeddable":true,"href":"https:\/\/www.elamazonico.com\/portal\/wp-json\/wp\/v2\/users\/1"}],"replies":[{"embeddable":true,"href":"https:\/\/www.elamazonico.com\/portal\/wp-json\/wp\/v2\/comments?post=26195"}],"version-history":[{"count":1,"href":"https:\/\/www.elamazonico.com\/portal\/wp-json\/wp\/v2\/posts\/26195\/revisions"}],"predecessor-version":[{"id":26197,"href":"https:\/\/www.elamazonico.com\/portal\/wp-json\/wp\/v2\/posts\/26195\/revisions\/26197"}],"wp:featuredmedia":[{"embeddable":true,"href":"https:\/\/www.elamazonico.com\/portal\/wp-json\/wp\/v2\/media\/26196"}],"wp:attachment":[{"href":"https:\/\/www.elamazonico.com\/portal\/wp-json\/wp\/v2\/media?parent=26195"}],"wp:term":[{"taxonomy":"category","embeddable":true,"href":"https:\/\/www.elamazonico.com\/portal\/wp-json\/wp\/v2\/categories?post=26195"},{"taxonomy":"post_tag","embeddable":true,"href":"https:\/\/www.elamazonico.com\/portal\/wp-json\/wp\/v2\/tags?post=26195"}],"curies":[{"name":"wp","href":"https:\/\/api.w.org\/{rel}","templated":true}]}}